{"id":18147,"date":"2025-12-01T15:26:12","date_gmt":"2025-12-01T14:26:12","guid":{"rendered":"https:\/\/www.pr-neu.de\/newsroom\/?p=18147"},"modified":"2025-12-01T15:26:12","modified_gmt":"2025-12-01T14:26:12","slug":"handwerk-seminare-2026","status":"publish","type":"post","link":"https:\/\/www.pr-neu.de\/newsroom\/handwerk-seminare-2026\/","title":{"rendered":"Handwerk-Seminare 2026"},"content":{"rendered":"<p><u><br \/>\nWeiterbildung bei Sto<\/u><\/p>\n<p>Mit praxisorientierten Seminaren f\u00fcr Maler und Stuckateure bietet Sto Tipps und Tricks f\u00fcr die Baustelle und Inspiration f\u00fcr Gestaltung und Kundenberatung. 2026 geht es zum Beispiel um neue Material- und Oberfl\u00e4chenkombinationen, W\u00e4rmed\u00e4mm-Verbundsysteme, pfiffige Detaill\u00f6sungen und Innenraumtrends. Konkret umfasst das Programm Themen von der Fassade (WDVS sicher montieren) \u00fcber die Gestaltung von Innenr\u00e4umen, Holzbau und Akustik bis zum Aufma\u00df-Angebot durch den Sto-Klimaservice. Auch umfassende Informationen zum \u201eSto Klimapartner\u201c stehen im Angebot. Die Halbtages-\/Tagesseminare und Workshops finden bundesweit ab Januar statt. Alle Themen und Termine stehen auf sto.de in der Rubrik \u201eService &amp; Tools\/Weiterbildung\u201c \u2013 dort kann man sich auch direkt online anmelden.<\/p>\n<p>&nbsp;<\/p>\n<hr \/>\n<p>&nbsp;<\/p>\n<p style=\"text-align: center;\"><img loading=\"lazy\" decoding=\"async\" class=\"size-medium wp-image-18148 aligncenter\" src=\"http:\/\/www.pr-neu.de\/newsroom\/wordpress\/wp-content\/uploads\/2025\/12\/25_35_Seminare_web-300x200.jpg\" alt=\"\" width=\"300\" height=\"200\" srcset=\"https:\/\/www.pr-neu.de\/newsroom\/wordpress\/wp-content\/uploads\/2025\/12\/25_35_Seminare_web-300x200.jpg 300w, https:\/\/www.pr-neu.de\/newsroom\/wordpress\/wp-content\/uploads\/2025\/12\/25_35_Seminare_web-1024x683.jpg 1024w, https:\/\/www.pr-neu.de\/newsroom\/wordpress\/wp-content\/uploads\/2025\/12\/25_35_Seminare_web-768x512.jpg 768w, https:\/\/www.pr-neu.de\/newsroom\/wordpress\/wp-content\/uploads\/2025\/12\/25_35_Seminare_web-1536x1024.jpg 1536w, https:\/\/www.pr-neu.de\/newsroom\/wordpress\/wp-content\/uploads\/2025\/12\/25_35_Seminare_web-2048x1365.jpg 2048w, https:\/\/www.pr-neu.de\/newsroom\/wordpress\/wp-content\/uploads\/2025\/12\/25_35_Seminare_web-110x73.jpg 110w, https:\/\/www.pr-neu.de\/newsroom\/wordpress\/wp-content\/uploads\/2025\/12\/25_35_Seminare_web-420x280.jpg 420w, https:\/\/www.pr-neu.de\/newsroom\/wordpress\/wp-content\/uploads\/2025\/12\/25_35_Seminare_web-645x430.jpg 645w\" sizes=\"auto, (max-width: 300px) 100vw, 300px\" \/><\/p>\n<p style=\"text-align: center;\"><em>Von Praktikern f\u00fcr Praktiker: Die Sto-Handwerker-Seminare vermitteln Wissen f\u00fcr die Baustelle.<\/em><\/p>\n<p style=\"text-align: center;\">Bild: Martin Baitinger \/ Sto SE &amp; Co. KGaA<\/p>\n<p>&nbsp;<\/p>\n<hr \/>\n<p>Abdruck honorarfrei, Belegexemplar erbeten.<\/p>\n","protected":false},"excerpt":{"rendered":"<p>Weiterbildung bei Sto Mit praxisorientierten Seminaren f\u00fcr Maler und Stuckateure bietet Sto Tipps und Tricks f\u00fcr die Baustelle und Inspiration f\u00fcr Gestaltung und Kundenberatung. 2026 geht es zum Beispiel um neue Material- und Oberfl\u00e4chenkombinationen, W\u00e4rmed\u00e4mm-Verbundsysteme, pfiffige Detaill\u00f6sungen und Innenraumtrends. Konkret umfasst das Programm Themen von der Fassade (WDVS sicher montieren) \u00fcber die Gestaltung von Innenr\u00e4umen, [&hellip;]<\/p>\n","protected":false},"author":9,"featured_media":18148,"comment_status":"closed","ping_status":"open","sticky":false,"template":"","format":"standard","meta":{"footnotes":""},"categories":[661,15],"tags":[3416,3498,347,462,2189],"class_list":["post-18147","post","type-post","status-publish","format-standard","has-post-thumbnail","hentry","category-allgemein","category-sto","tag-sto-de","tag-stuckateure","tag-maler","tag-seminare","tag-stodeutschland"],"_links":{"self":[{"href":"https:\/\/www.pr-neu.de\/newsroom\/wp-json\/wp\/v2\/posts\/18147","targetHints":{"allow":["GET"]}}],"collection":[{"href":"https:\/\/www.pr-neu.de\/newsroom\/wp-json\/wp\/v2\/posts"}],"about":[{"href":"https:\/\/www.pr-neu.de\/newsroom\/wp-json\/wp\/v2\/types\/post"}],"author":[{"embeddable":true,"href":"https:\/\/www.pr-neu.de\/newsroom\/wp-json\/wp\/v2\/users\/9"}],"replies":[{"embeddable":true,"href":"https:\/\/www.pr-neu.de\/newsroom\/wp-json\/wp\/v2\/comments?post=18147"}],"version-history":[{"count":3,"href":"https:\/\/www.pr-neu.de\/newsroom\/wp-json\/wp\/v2\/posts\/18147\/revisions"}],"predecessor-version":[{"id":18150,"href":"https:\/\/www.pr-neu.de\/newsroom\/wp-json\/wp\/v2\/posts\/18147\/revisions\/18150"}],"wp:featuredmedia":[{"embeddable":true,"href":"https:\/\/www.pr-neu.de\/newsroom\/wp-json\/wp\/v2\/media\/18148"}],"wp:attachment":[{"href":"https:\/\/www.pr-neu.de\/newsroom\/wp-json\/wp\/v2\/media?parent=18147"}],"wp:term":[{"taxonomy":"category","embeddable":true,"href":"https:\/\/www.pr-neu.de\/newsroom\/wp-json\/wp\/v2\/categories?post=18147"},{"taxonomy":"post_tag","embeddable":true,"href":"https:\/\/www.pr-neu.de\/newsroom\/wp-json\/wp\/v2\/tags?post=18147"}],"curies":[{"name":"wp","href":"https:\/\/api.w.org\/{rel}","templated":true}]}}