{"id":18142,"date":"2025-11-27T11:11:42","date_gmt":"2025-11-27T10:11:42","guid":{"rendered":"https:\/\/www.pr-neu.de\/newsroom\/?p=18142"},"modified":"2025-11-27T11:11:42","modified_gmt":"2025-11-27T10:11:42","slug":"wissen-ist-trumpf","status":"publish","type":"post","link":"https:\/\/www.pr-neu.de\/newsroom\/wissen-ist-trumpf\/","title":{"rendered":"Wissen ist Trumpf!"},"content":{"rendered":"<p><!--MBNHE--><u><br \/>\n<!--MBNHE-->Mit Hanno zum qualifizierten RAL-Fachmonteur<br \/>\n<\/u><\/p>\n<p><strong>Zertifizierte Kompetenz und Experten-Know-how f\u00fcr Fensterbau-Profis: Der G\u00fctegemeinschaft Geb\u00e4udeabdichtungssysteme e. V. schult zur RAL-Qualifizierung als \u201eFachmonteur\/in Fugenabdichtung \u2013 Fenster und Haust\u00fcren\u201c. Als Mitglied der Gemeinschaft bietet der Dicht- und D\u00e4mmspezialist Hanno den einf\u00fchrenden Workshop in Laatzen an.<\/strong><\/p>\n<p>Die fachgerechte Montage und Abdichtung von Fenstern und Haust\u00fcren wird immer komplexer mit zunehmend vielf\u00e4ltigen Richtlinien und Vorschriften. Das Zertifikat als Beleg f\u00fcr die Kompetenz wird so zum Wettbewerbsvorteil. Die G\u00fctegemeinschaft Geb\u00e4udeabdichtungssysteme bietet daher ein Ausbildungs-Konzept aus zwei aufeinander aufbauenden Einheiten mit einem Abschluss an der RAL-Akademie. Monteure f\u00fcr Bauelemente, Verfuger, Planer und Architekten erlangen mit dieser Schulung die RAL-Qualifizierung als \u201eFachmonteur\/in Fugenabdichtung \u2013 Fenster und Haust\u00fcren\u201c. Teilnehmer m\u00fcssen mindestens zwei Jahre Berufserfahrung nachweisen.<\/p>\n<p>Die erste Ausbildungseinheit findet bei den Mitgliedern der RAL-G\u00fctegemeinschaft statt, wie dem Dicht- und D\u00e4mmspezialisten Hanno in Laatzen. Neben den Grundlagen der Abdichtung und der Funktionsweise der G\u00fctesicherung liegen die Schwerpunkte auf bauphysikalischen Grundlagen, Werkstoffkunde, Produktsicherheit und Anwendungstechnik, der Planung und Montage von Fenstern und Haust\u00fcren sowie der Fehlervermeidung. Hanno komprimiert theoretische und praktische Expertise aus 130 Jahren Erfahrung an einem Tag. Alternativ kann die Veranstaltung auch an Standorten von Hanno-Premium-Partnern oder als Inhouse-Schulung (Termine nach Absprache) stattfinden. Zum Ende erhalten die Absolventen eine Teilnahmebescheinigung, die Voraussetzung f\u00fcr den weiterf\u00fchrenden Lehrgang ist. Die n\u00e4chsten Termine f\u00fcr Modul 1 sind am 29. Januar und am 26. Februar 2026, f\u00fcr 198 Euro inklusive \u00dcbernachtung und Verkostung.<\/p>\n<p>Das zweite Modul mit Abschlusspr\u00fcfung findet ebenfalls eint\u00e4gig an der RAL-Akademie in Bonn statt. Es umfasst die Auffrischung relevanter Normen und Richtlinien sowie Produktauswahl, Organisation, Dokumentation und Fehlerbehandlung. Zu den Dozenten z\u00e4hlen Anwendungstechniker, Sachverst\u00e4ndige und Fachanw\u00e4lte. Nach erfolgreichem Abschluss erhalten die Teilnehmer das Zertifikat als \u201eRAL qualifizierte\/r Fachmonteur\/in Fugenabdichtung \u2013 Fenster und Haust\u00fcren\u201c. Das zweite Modul kostet inklusive Pr\u00fcfung 450 Euro.<\/p>\n<p><!--MBNHE-->Infos und Buchung:\u00a0 <a href=\"https:\/\/www.hanno.com\/service\/ral-workshop\">https:\/\/www.hanno.com\/service\/ral-workshop<\/a><\/p>\n<p>&nbsp;<\/p>\n<hr \/>\n<p>&nbsp;<\/p>\n<p><strong>Kontakt f\u00fcr Anfragen:<br \/>\n<\/strong>Philipp Staude<br \/>\nHanno-Anwendungstechnik<br \/>\nTelefon: 05102 7000 207<br \/>\nE-Mail: <a href=\"m&#97;&#105;&#108;&#x74;&#x6f;&#x3a;st&#97;&#117;&#x64;&#x65;&#x40;&#x68;an&#110;&#111;&#x2e;&#x63;&#x6f;&#x6d;\">&#115;&#x74;&#x61;&#117;&#x64;&#x65;&#64;&#x68;&#x61;n&#110;&#x6f;&#46;&#99;&#x6f;m<\/a><\/p>\n<p><a href=\"http:\/\/www.pr-neu.de\/newsroom\/wordpress\/wp-content\/uploads\/2025\/11\/25-13_Philipp_Staude_Q.jpg\" target=\"_blank\" rel=\"noopener\"><img loading=\"lazy\" decoding=\"async\" class=\"alignnone wp-image-18143\" src=\"http:\/\/www.pr-neu.de\/newsroom\/wordpress\/wp-content\/uploads\/2025\/11\/25-13_Philipp_Staude_Q-300x300.jpg\" alt=\"\" width=\"180\" height=\"180\" srcset=\"https:\/\/www.pr-neu.de\/newsroom\/wordpress\/wp-content\/uploads\/2025\/11\/25-13_Philipp_Staude_Q-300x300.jpg 300w, https:\/\/www.pr-neu.de\/newsroom\/wordpress\/wp-content\/uploads\/2025\/11\/25-13_Philipp_Staude_Q-1024x1024.jpg 1024w, https:\/\/www.pr-neu.de\/newsroom\/wordpress\/wp-content\/uploads\/2025\/11\/25-13_Philipp_Staude_Q-150x150.jpg 150w, https:\/\/www.pr-neu.de\/newsroom\/wordpress\/wp-content\/uploads\/2025\/11\/25-13_Philipp_Staude_Q-768x768.jpg 768w, https:\/\/www.pr-neu.de\/newsroom\/wordpress\/wp-content\/uploads\/2025\/11\/25-13_Philipp_Staude_Q-1536x1536.jpg 1536w, https:\/\/www.pr-neu.de\/newsroom\/wordpress\/wp-content\/uploads\/2025\/11\/25-13_Philipp_Staude_Q-250x250.jpg 250w, https:\/\/www.pr-neu.de\/newsroom\/wordpress\/wp-content\/uploads\/2025\/11\/25-13_Philipp_Staude_Q-125x125.jpg 125w, https:\/\/www.pr-neu.de\/newsroom\/wordpress\/wp-content\/uploads\/2025\/11\/25-13_Philipp_Staude_Q-110x110.jpg 110w, https:\/\/www.pr-neu.de\/newsroom\/wordpress\/wp-content\/uploads\/2025\/11\/25-13_Philipp_Staude_Q-420x420.jpg 420w, https:\/\/www.pr-neu.de\/newsroom\/wordpress\/wp-content\/uploads\/2025\/11\/25-13_Philipp_Staude_Q-430x430.jpg 430w, https:\/\/www.pr-neu.de\/newsroom\/wordpress\/wp-content\/uploads\/2025\/11\/25-13_Philipp_Staude_Q.jpg 1800w\" sizes=\"auto, (max-width: 180px) 100vw, 180px\" \/><\/a><\/p>\n<p><em>Bild: Hanno Werk GmbH &amp; Co. KG<\/em><\/p>\n<p>&nbsp;<\/p>\n<hr \/>\n<p>&nbsp;<\/p>\n<p><strong>Termine<\/strong><\/p>\n<p><strong>Erstes Modul<\/strong> im Hanno Werk in Laatzen:<br \/>\n29.01.2026<br \/>\n26.02.2026<\/p>\n<p><em>Termine f\u00fcr das erste Modul bei Premium-Partner-H\u00e4ndlern oder als Inhouse-Schulung nach Absprache.<\/em><\/p>\n<p><strong>Zweites Modul <\/strong>und Pr\u00fcfung an der RAL-Akademie in Bonn:<br \/>\n26.02.2026<br \/>\n07.05.2026<br \/>\n17.09.2026<br \/>\n19.11.2026<\/p>\n<p>&nbsp;<\/p>\n<hr \/>\n<p>&nbsp;<\/p>\n<p><a href=\"http:\/\/www.pr-neu.de\/newsroom\/wordpress\/wp-content\/uploads\/2025\/11\/25-13_RAL-Workshop_bei_Hanno_K.jpg\" target=\"_blank\" rel=\"noopener\"><img loading=\"lazy\" decoding=\"async\" class=\"aligncenter wp-image-18144 size-medium\" src=\"http:\/\/www.pr-neu.de\/newsroom\/wordpress\/wp-content\/uploads\/2025\/11\/25-13_RAL-Workshop_bei_Hanno_K-300x225.jpg\" alt=\"\" width=\"300\" height=\"225\" srcset=\"https:\/\/www.pr-neu.de\/newsroom\/wordpress\/wp-content\/uploads\/2025\/11\/25-13_RAL-Workshop_bei_Hanno_K-300x225.jpg 300w, https:\/\/www.pr-neu.de\/newsroom\/wordpress\/wp-content\/uploads\/2025\/11\/25-13_RAL-Workshop_bei_Hanno_K-1024x768.jpg 1024w, https:\/\/www.pr-neu.de\/newsroom\/wordpress\/wp-content\/uploads\/2025\/11\/25-13_RAL-Workshop_bei_Hanno_K-768x576.jpg 768w, https:\/\/www.pr-neu.de\/newsroom\/wordpress\/wp-content\/uploads\/2025\/11\/25-13_RAL-Workshop_bei_Hanno_K-1536x1152.jpg 1536w, https:\/\/www.pr-neu.de\/newsroom\/wordpress\/wp-content\/uploads\/2025\/11\/25-13_RAL-Workshop_bei_Hanno_K-2048x1536.jpg 2048w, https:\/\/www.pr-neu.de\/newsroom\/wordpress\/wp-content\/uploads\/2025\/11\/25-13_RAL-Workshop_bei_Hanno_K-110x83.jpg 110w, https:\/\/www.pr-neu.de\/newsroom\/wordpress\/wp-content\/uploads\/2025\/11\/25-13_RAL-Workshop_bei_Hanno_K-420x315.jpg 420w, https:\/\/www.pr-neu.de\/newsroom\/wordpress\/wp-content\/uploads\/2025\/11\/25-13_RAL-Workshop_bei_Hanno_K-573x430.jpg 573w\" sizes=\"auto, (max-width: 300px) 100vw, 300px\" \/><\/a><\/p>\n<p style=\"text-align: center;\"><!--MBNHE--><em>Hanno war Gastgeber f\u00fcr eine praxisnahe Weiterbildung. Zun\u00e4chst stand hier der theoretische Unterbau zu verschiedenen Themenkomplexen an: Werkstoffkunde, Produktsicherheit, Anwendungstechnik, Planung und Montage sowie Fehlervermeidung.<\/em><\/p>\n<p>&nbsp;<\/p>\n<p><a href=\"http:\/\/www.pr-neu.de\/newsroom\/wordpress\/wp-content\/uploads\/2025\/11\/25-13_Hanno_Werksfuehrung_K.jpg\" target=\"_blank\" rel=\"noopener\"><img loading=\"lazy\" decoding=\"async\" class=\"aligncenter wp-image-18145 size-medium\" src=\"http:\/\/www.pr-neu.de\/newsroom\/wordpress\/wp-content\/uploads\/2025\/11\/25-13_Hanno_Werksfuehrung_K-300x225.jpg\" alt=\"\" width=\"300\" height=\"225\" srcset=\"https:\/\/www.pr-neu.de\/newsroom\/wordpress\/wp-content\/uploads\/2025\/11\/25-13_Hanno_Werksfuehrung_K-300x225.jpg 300w, https:\/\/www.pr-neu.de\/newsroom\/wordpress\/wp-content\/uploads\/2025\/11\/25-13_Hanno_Werksfuehrung_K-1024x768.jpg 1024w, https:\/\/www.pr-neu.de\/newsroom\/wordpress\/wp-content\/uploads\/2025\/11\/25-13_Hanno_Werksfuehrung_K-768x576.jpg 768w, https:\/\/www.pr-neu.de\/newsroom\/wordpress\/wp-content\/uploads\/2025\/11\/25-13_Hanno_Werksfuehrung_K-1536x1152.jpg 1536w, https:\/\/www.pr-neu.de\/newsroom\/wordpress\/wp-content\/uploads\/2025\/11\/25-13_Hanno_Werksfuehrung_K-2048x1536.jpg 2048w, https:\/\/www.pr-neu.de\/newsroom\/wordpress\/wp-content\/uploads\/2025\/11\/25-13_Hanno_Werksfuehrung_K-110x83.jpg 110w, https:\/\/www.pr-neu.de\/newsroom\/wordpress\/wp-content\/uploads\/2025\/11\/25-13_Hanno_Werksfuehrung_K-420x315.jpg 420w, https:\/\/www.pr-neu.de\/newsroom\/wordpress\/wp-content\/uploads\/2025\/11\/25-13_Hanno_Werksfuehrung_K-573x430.jpg 573w\" sizes=\"auto, (max-width: 300px) 100vw, 300px\" \/><\/a><\/p>\n<p style=\"text-align: center;\"><!--MBNHE--><em>Hanno gibt als Mitglied der G\u00fctegemeinschaft Geb\u00e4udeabdichtungssysteme sein Know-how sehr praxisnah an Verarbeiter weiter.<\/em><\/p>\n<p style=\"text-align: center;\">Bilder: Hanno Werk GmbH &amp; Co. KG<\/p>\n<p>&nbsp;<\/p>\n<hr \/>\n<p>Abdruck honorarfrei, Belegexemplar erbeten.<\/p>\n","protected":false},"excerpt":{"rendered":"<p>Mit Hanno zum qualifizierten RAL-Fachmonteur Zertifizierte Kompetenz und Experten-Know-how f\u00fcr Fensterbau-Profis: Der G\u00fctegemeinschaft Geb\u00e4udeabdichtungssysteme e. V. schult zur RAL-Qualifizierung als \u201eFachmonteur\/in Fugenabdichtung \u2013 Fenster und Haust\u00fcren\u201c. Als Mitglied der Gemeinschaft bietet der Dicht- und D\u00e4mmspezialist Hanno den einf\u00fchrenden Workshop in Laatzen an. Die fachgerechte Montage und Abdichtung von Fenstern und Haust\u00fcren wird immer komplexer mit [&hellip;]<\/p>\n","protected":false},"author":10,"featured_media":18145,"comment_status":"closed","ping_status":"open","sticky":false,"template":"","format":"standard","meta":{"footnotes":""},"categories":[661,655],"tags":[3494,3492,3496,1967,2133,1745,2043,2430,641],"class_list":["post-18142","post","type-post","status-publish","format-standard","has-post-thumbnail","hentry","category-allgemein","category-hanno","tag-fachmonteure","tag-fachmonteurinnen","tag-tuermontage","tag-fenstermontage","tag-fugenabdichtung","tag-hannoband","tag-hannowerk","tag-ral","tag-workshop"],"_links":{"self":[{"href":"https:\/\/www.pr-neu.de\/newsroom\/wp-json\/wp\/v2\/posts\/18142","targetHints":{"allow":["GET"]}}],"collection":[{"href":"https:\/\/www.pr-neu.de\/newsroom\/wp-json\/wp\/v2\/posts"}],"about":[{"href":"https:\/\/www.pr-neu.de\/newsroom\/wp-json\/wp\/v2\/types\/post"}],"author":[{"embeddable":true,"href":"https:\/\/www.pr-neu.de\/newsroom\/wp-json\/wp\/v2\/users\/10"}],"replies":[{"embeddable":true,"href":"https:\/\/www.pr-neu.de\/newsroom\/wp-json\/wp\/v2\/comments?post=18142"}],"version-history":[{"count":1,"href":"https:\/\/www.pr-neu.de\/newsroom\/wp-json\/wp\/v2\/posts\/18142\/revisions"}],"predecessor-version":[{"id":18146,"href":"https:\/\/www.pr-neu.de\/newsroom\/wp-json\/wp\/v2\/posts\/18142\/revisions\/18146"}],"wp:featuredmedia":[{"embeddable":true,"href":"https:\/\/www.pr-neu.de\/newsroom\/wp-json\/wp\/v2\/media\/18145"}],"wp:attachment":[{"href":"https:\/\/www.pr-neu.de\/newsroom\/wp-json\/wp\/v2\/media?parent=18142"}],"wp:term":[{"taxonomy":"category","embeddable":true,"href":"https:\/\/www.pr-neu.de\/newsroom\/wp-json\/wp\/v2\/categories?post=18142"},{"taxonomy":"post_tag","embeddable":true,"href":"https:\/\/www.pr-neu.de\/newsroom\/wp-json\/wp\/v2\/tags?post=18142"}],"curies":[{"name":"wp","href":"https:\/\/api.w.org\/{rel}","templated":true}]}}