{"id":18129,"date":"2025-11-19T13:51:27","date_gmt":"2025-11-19T12:51:27","guid":{"rendered":"https:\/\/www.pr-neu.de\/newsroom\/?p=18129"},"modified":"2025-11-19T13:51:27","modified_gmt":"2025-11-19T12:51:27","slug":"ein-starkes-signal-fuer-klimaschutz-und-handwerk","status":"publish","type":"post","link":"https:\/\/www.pr-neu.de\/newsroom\/ein-starkes-signal-fuer-klimaschutz-und-handwerk\/","title":{"rendered":"Ein starkes Signal f\u00fcr Klimaschutz und Handwerk"},"content":{"rendered":"<p><u><br \/>\nRund 700 Teilnehmende beim ersten Sto-Klimapartnertag in Essen<\/u><\/p>\n<p><strong>Handwerker und Sto ziehen positive Bilanz zum ersten Sto-Klimapartnertag. Gemeinsam wollen sie sich f\u00fcr mehr Nachhaltigkeit und Energieeffizienz bei der Geb\u00e4ude-sanierung und im Wohnungsbau einsetzen.<\/strong><\/p>\n<p>Rund 700 Teilnehmende aus ganz Deutschland haben den ersten Sto Klimapartnertag in der Zeche Zollverein besucht. In einer Mischung aus Inspiration, Netzwerken und praxisnahen Impulsen r\u00fcckte Sto gemeinsam mit seinen Klimapartnern die Themen Energieeffizienz und klimabewusstes Bauen in den Mittelpunkt. Die Veranstaltung machte deutlich: Betriebe, die die Chancen der energetischen Modernisierung aktiv ergreifen, handeln nicht nur unternehmerisch klug, sondern leisten zugleich einen wertvollen Beitrag zum Klimaschutz und sichern sich damit in vielerlei Hinsicht einen klaren Wettbewerbsvorsprung. Mit der Sto Klimapartnerschaft f\u00fcr das Handwerk entsteht in Verbindung mit Energieberatern und Hauseigent\u00fcmerverb\u00e4nden ein starkes B\u00fcndnis, das das Potenzial energetischer Modernisierung umfassend erschlie\u00dft. Digitale Tools, CO\u2082-optimierte Produkte und Weiterbildungsangebote unter st\u00fctzen Maler- und Stuckateurbetriebe dabei, sich als regionale Handwerkermarken f\u00fcr Klima- und Umweltschutz zu positionieren.<\/p>\n<p>\u201eDie energieeffiziente Geb\u00e4udeh\u00fclle ist ein entscheidender Baustein f\u00fcr das Erreichen der Klimaziele, die wirtschaftliche Nutzung erneuerbarer Energien und f\u00fcr ein behagliches Raumklima. Gut ged\u00e4mmte Geb\u00e4ude steigern Wohnkomfort und Immobilienwert, reduzieren die Abh\u00e4ngigkeit von schwanken-den Energiepreisen und bieten Eigent\u00fcmern wie Mietern gleicherma\u00dfen Vorteile\u201c, betont Heiner R\u00f6hr, Leiter Region Deutschland. \u201eWir wollen unseren Partnern zeigen, dass ihre t\u00e4gliche handwerkliche Arbeit ma\u00dfgeblich zur Energieeffizienz und damit zum Klima- und Umweltschutz beitr\u00e4gt\u201c, f\u00fcgt stellvertretender Vorstandsvorsitzende Michael Keller hinzu.<\/p>\n<p>Renommierte Keynote-Speaker lieferten Einblicke und unterschiedliche Perspektiven aus Handwerk, Energieberatung, Forschung und Industrie. In speziell konzipierten Produktausstellungen und Paneldiskussionen konnten die Klimapartner erleben, wie Sto gemeinsam mit ihnen innovative L\u00f6sungen entwickelt, um Deutschlands Geb\u00e4ude zukunftsf\u00e4hig zu machen. Dabei wurden nicht nur Produkte und Systeme vorgestellt, auch Beratungskompetenzen standen im Fokus. Weitere Highlights waren die Ank\u00fcndigung des neuen Sto Klimapartner Award, der ab 2027 erstmals vergeben wird. Er soll Handwerksbetriebe auszeichnen, die sich in besonderer Weise durch Engagement, Innovationskraft und klimabewusstes Handeln hervortun. Au\u00dferdem lie\u00df Sto anl\u00e4sslich des Events 1.000 B\u00e4ume in der Umgebung der Firmenzentrale in St\u00fchlingen pflanzen und setze somit ein zus\u00e4tzliches Zeichen f\u00fcr den Klimaschutz.<\/p>\n<p>Der Sto-Klimapartnertag 2025 hat gezeigt, wie viel Potenzial in der Zusammenarbeit zwischen Hersteller, Handwerk und Experten steckt. Die Teilnehmenden nahmen wertvolle Impulse und Motivation mit in ihren Arbeitsalltag und gaben gleichzeitig ein starkes Bekenntnis zu ihrer Rolle als regionale Marken f\u00fcr Klima- und Umweltschutz ab. Handwerker und Sto ziehen ein durchweg positives Fazit: Ein Event, das verbindet und die Weichen f\u00fcr eine klimabewusste Zukunft stellt.<\/p>\n<p>&nbsp;<\/p>\n<hr \/>\n<p>&nbsp;<\/p>\n<p style=\"text-align: center;\"><img loading=\"lazy\" decoding=\"async\" class=\"aligncenter wp-image-18130 size-medium\" src=\"http:\/\/www.pr-neu.de\/newsroom\/wordpress\/wp-content\/uploads\/2025\/11\/25_34_Sto-Klimapartnertag_1_Saal_K-300x181.jpg\" alt=\"\" width=\"300\" height=\"181\" srcset=\"https:\/\/www.pr-neu.de\/newsroom\/wordpress\/wp-content\/uploads\/2025\/11\/25_34_Sto-Klimapartnertag_1_Saal_K-300x181.jpg 300w, https:\/\/www.pr-neu.de\/newsroom\/wordpress\/wp-content\/uploads\/2025\/11\/25_34_Sto-Klimapartnertag_1_Saal_K-1024x617.jpg 1024w, https:\/\/www.pr-neu.de\/newsroom\/wordpress\/wp-content\/uploads\/2025\/11\/25_34_Sto-Klimapartnertag_1_Saal_K-768x463.jpg 768w, https:\/\/www.pr-neu.de\/newsroom\/wordpress\/wp-content\/uploads\/2025\/11\/25_34_Sto-Klimapartnertag_1_Saal_K-1536x925.jpg 1536w, https:\/\/www.pr-neu.de\/newsroom\/wordpress\/wp-content\/uploads\/2025\/11\/25_34_Sto-Klimapartnertag_1_Saal_K-2048x1234.jpg 2048w, https:\/\/www.pr-neu.de\/newsroom\/wordpress\/wp-content\/uploads\/2025\/11\/25_34_Sto-Klimapartnertag_1_Saal_K-110x66.jpg 110w, https:\/\/www.pr-neu.de\/newsroom\/wordpress\/wp-content\/uploads\/2025\/11\/25_34_Sto-Klimapartnertag_1_Saal_K-420x253.jpg 420w, https:\/\/www.pr-neu.de\/newsroom\/wordpress\/wp-content\/uploads\/2025\/11\/25_34_Sto-Klimapartnertag_1_Saal_K-714x430.jpg 714w\" sizes=\"auto, (max-width: 300px) 100vw, 300px\" \/><\/p>\n<p style=\"text-align: center;\"><em>Voller Saal in der Zeche Zollverein: Der Sto Klima-partnertag zog zahlreiche Maler und Stuckateure aus allen Regionen Deutschlands an.<\/em><\/p>\n<p>&nbsp;<\/p>\n<p><img loading=\"lazy\" decoding=\"async\" class=\"aligncenter wp-image-18131 size-medium\" src=\"http:\/\/www.pr-neu.de\/newsroom\/wordpress\/wp-content\/uploads\/2025\/11\/25_34_Sto-Klimapartnertag_2_Panel_K-300x215.jpg\" alt=\"\" width=\"300\" height=\"215\" srcset=\"https:\/\/www.pr-neu.de\/newsroom\/wordpress\/wp-content\/uploads\/2025\/11\/25_34_Sto-Klimapartnertag_2_Panel_K-300x215.jpg 300w, https:\/\/www.pr-neu.de\/newsroom\/wordpress\/wp-content\/uploads\/2025\/11\/25_34_Sto-Klimapartnertag_2_Panel_K-1024x734.jpg 1024w, https:\/\/www.pr-neu.de\/newsroom\/wordpress\/wp-content\/uploads\/2025\/11\/25_34_Sto-Klimapartnertag_2_Panel_K-768x551.jpg 768w, https:\/\/www.pr-neu.de\/newsroom\/wordpress\/wp-content\/uploads\/2025\/11\/25_34_Sto-Klimapartnertag_2_Panel_K-1536x1101.jpg 1536w, https:\/\/www.pr-neu.de\/newsroom\/wordpress\/wp-content\/uploads\/2025\/11\/25_34_Sto-Klimapartnertag_2_Panel_K-2048x1469.jpg 2048w, https:\/\/www.pr-neu.de\/newsroom\/wordpress\/wp-content\/uploads\/2025\/11\/25_34_Sto-Klimapartnertag_2_Panel_K-110x79.jpg 110w, https:\/\/www.pr-neu.de\/newsroom\/wordpress\/wp-content\/uploads\/2025\/11\/25_34_Sto-Klimapartnertag_2_Panel_K-420x301.jpg 420w, https:\/\/www.pr-neu.de\/newsroom\/wordpress\/wp-content\/uploads\/2025\/11\/25_34_Sto-Klimapartnertag_2_Panel_K-600x430.jpg 600w\" sizes=\"auto, (max-width: 300px) 100vw, 300px\" \/><\/p>\n<p style=\"text-align: center;\"><em>Experten aus Handwerk, Energieberatung und Forschung bei der Panel-Diskussion.<\/em><\/p>\n<p>&nbsp;<\/p>\n<p><img loading=\"lazy\" decoding=\"async\" class=\"aligncenter wp-image-18132 size-medium\" src=\"http:\/\/www.pr-neu.de\/newsroom\/wordpress\/wp-content\/uploads\/2025\/11\/25_34_Sto-Klimapartnertag_3_Keller_K-300x200.jpg\" alt=\"\" width=\"300\" height=\"200\" srcset=\"https:\/\/www.pr-neu.de\/newsroom\/wordpress\/wp-content\/uploads\/2025\/11\/25_34_Sto-Klimapartnertag_3_Keller_K-300x200.jpg 300w, https:\/\/www.pr-neu.de\/newsroom\/wordpress\/wp-content\/uploads\/2025\/11\/25_34_Sto-Klimapartnertag_3_Keller_K-1024x683.jpg 1024w, https:\/\/www.pr-neu.de\/newsroom\/wordpress\/wp-content\/uploads\/2025\/11\/25_34_Sto-Klimapartnertag_3_Keller_K-768x512.jpg 768w, https:\/\/www.pr-neu.de\/newsroom\/wordpress\/wp-content\/uploads\/2025\/11\/25_34_Sto-Klimapartnertag_3_Keller_K-1536x1025.jpg 1536w, https:\/\/www.pr-neu.de\/newsroom\/wordpress\/wp-content\/uploads\/2025\/11\/25_34_Sto-Klimapartnertag_3_Keller_K-2048x1366.jpg 2048w, https:\/\/www.pr-neu.de\/newsroom\/wordpress\/wp-content\/uploads\/2025\/11\/25_34_Sto-Klimapartnertag_3_Keller_K-110x73.jpg 110w, https:\/\/www.pr-neu.de\/newsroom\/wordpress\/wp-content\/uploads\/2025\/11\/25_34_Sto-Klimapartnertag_3_Keller_K-420x280.jpg 420w, https:\/\/www.pr-neu.de\/newsroom\/wordpress\/wp-content\/uploads\/2025\/11\/25_34_Sto-Klimapartnertag_3_Keller_K-645x430.jpg 645w\" sizes=\"auto, (max-width: 300px) 100vw, 300px\" \/><\/p>\n<p style=\"text-align: center;\"><em>Sto-Vorstand Michael Keller bei seinem Vortrag \u201eSind Deutschlands H\u00e4user fit f\u00fcr die Zukunft?\u201c.<\/em><\/p>\n<p>&nbsp;<\/p>\n<p style=\"text-align: center;\"><img loading=\"lazy\" decoding=\"async\" class=\"aligncenter wp-image-18133 size-medium\" src=\"http:\/\/www.pr-neu.de\/newsroom\/wordpress\/wp-content\/uploads\/2025\/11\/25_34_Sto-Klimapartnertag_4_Marketingtools_K-300x193.jpg\" alt=\"\" width=\"300\" height=\"193\" srcset=\"https:\/\/www.pr-neu.de\/newsroom\/wordpress\/wp-content\/uploads\/2025\/11\/25_34_Sto-Klimapartnertag_4_Marketingtools_K-300x193.jpg 300w, https:\/\/www.pr-neu.de\/newsroom\/wordpress\/wp-content\/uploads\/2025\/11\/25_34_Sto-Klimapartnertag_4_Marketingtools_K-1024x660.jpg 1024w, https:\/\/www.pr-neu.de\/newsroom\/wordpress\/wp-content\/uploads\/2025\/11\/25_34_Sto-Klimapartnertag_4_Marketingtools_K-768x495.jpg 768w, https:\/\/www.pr-neu.de\/newsroom\/wordpress\/wp-content\/uploads\/2025\/11\/25_34_Sto-Klimapartnertag_4_Marketingtools_K-1536x989.jpg 1536w, https:\/\/www.pr-neu.de\/newsroom\/wordpress\/wp-content\/uploads\/2025\/11\/25_34_Sto-Klimapartnertag_4_Marketingtools_K-2048x1319.jpg 2048w, https:\/\/www.pr-neu.de\/newsroom\/wordpress\/wp-content\/uploads\/2025\/11\/25_34_Sto-Klimapartnertag_4_Marketingtools_K-110x71.jpg 110w, https:\/\/www.pr-neu.de\/newsroom\/wordpress\/wp-content\/uploads\/2025\/11\/25_34_Sto-Klimapartnertag_4_Marketingtools_K-420x271.jpg 420w, https:\/\/www.pr-neu.de\/newsroom\/wordpress\/wp-content\/uploads\/2025\/11\/25_34_Sto-Klimapartnertag_4_Marketingtools_K-668x430.jpg 668w\" sizes=\"auto, (max-width: 300px) 100vw, 300px\" \/><\/p>\n<p style=\"text-align: center;\"><em>Sto unterst\u00fctzt Handwerks-betriebe mit Marketingtools, private Bauherren in punkto energetischer Geb\u00e4udesanierung zu beraten.<\/em><\/p>\n<p>&nbsp;<\/p>\n<p style=\"text-align: center;\">Fotos: Ruben Andert \/ Martin Baitinger \/ Sto SE &amp; Co. KGaA<\/p>\n<p>&nbsp;<\/p>\n<hr \/>\n<p>Abdruck honorarfrei, Belegexemplar erbeten<\/p>\n","protected":false},"excerpt":{"rendered":"<p>Rund 700 Teilnehmende beim ersten Sto-Klimapartnertag in Essen Handwerker und Sto ziehen positive Bilanz zum ersten Sto-Klimapartnertag. Gemeinsam wollen sie sich f\u00fcr mehr Nachhaltigkeit und Energieeffizienz bei der Geb\u00e4ude-sanierung und im Wohnungsbau einsetzen. Rund 700 Teilnehmende aus ganz Deutschland haben den ersten Sto Klimapartnertag in der Zeche Zollverein besucht. In einer Mischung aus Inspiration, Netzwerken [&hellip;]<\/p>\n","protected":false},"author":9,"featured_media":18130,"comment_status":"closed","ping_status":"open","sticky":false,"template":"","format":"standard","meta":{"footnotes":""},"categories":[661,15],"tags":[],"class_list":["post-18129","post","type-post","status-publish","format-standard","has-post-thumbnail","hentry","category-allgemein","category-sto"],"_links":{"self":[{"href":"https:\/\/www.pr-neu.de\/newsroom\/wp-json\/wp\/v2\/posts\/18129","targetHints":{"allow":["GET"]}}],"collection":[{"href":"https:\/\/www.pr-neu.de\/newsroom\/wp-json\/wp\/v2\/posts"}],"about":[{"href":"https:\/\/www.pr-neu.de\/newsroom\/wp-json\/wp\/v2\/types\/post"}],"author":[{"embeddable":true,"href":"https:\/\/www.pr-neu.de\/newsroom\/wp-json\/wp\/v2\/users\/9"}],"replies":[{"embeddable":true,"href":"https:\/\/www.pr-neu.de\/newsroom\/wp-json\/wp\/v2\/comments?post=18129"}],"version-history":[{"count":1,"href":"https:\/\/www.pr-neu.de\/newsroom\/wp-json\/wp\/v2\/posts\/18129\/revisions"}],"predecessor-version":[{"id":18134,"href":"https:\/\/www.pr-neu.de\/newsroom\/wp-json\/wp\/v2\/posts\/18129\/revisions\/18134"}],"wp:featuredmedia":[{"embeddable":true,"href":"https:\/\/www.pr-neu.de\/newsroom\/wp-json\/wp\/v2\/media\/18130"}],"wp:attachment":[{"href":"https:\/\/www.pr-neu.de\/newsroom\/wp-json\/wp\/v2\/media?parent=18129"}],"wp:term":[{"taxonomy":"category","embeddable":true,"href":"https:\/\/www.pr-neu.de\/newsroom\/wp-json\/wp\/v2\/categories?post=18129"},{"taxonomy":"post_tag","embeddable":true,"href":"https:\/\/www.pr-neu.de\/newsroom\/wp-json\/wp\/v2\/tags?post=18129"}],"curies":[{"name":"wp","href":"https:\/\/api.w.org\/{rel}","templated":true}]}}