{"id":18120,"date":"2025-11-19T15:14:06","date_gmt":"2025-11-19T14:14:06","guid":{"rendered":"https:\/\/www.pr-neu.de\/newsroom\/?p=18120"},"modified":"2025-11-24T15:10:42","modified_gmt":"2025-11-24T14:10:42","slug":"kooperation-fuer-geringeren-co2-fussabdruck","status":"publish","type":"post","link":"https:\/\/www.pr-neu.de\/newsroom\/kooperation-fuer-geringeren-co2-fussabdruck\/","title":{"rendered":"Kooperation f\u00fcr geringeren CO2-Fu\u00dfabdruck"},"content":{"rendered":"<p><!--MBNHE--><u><br \/>\nHanno und BASF schlie\u00dfen \u201eBasotect EcoBalanced\u201c-Vertrag<br \/>\n<\/u><\/p>\n<p><strong>Als zweites Unternehmen in Deutschland hat Hanno einen Vertrag mit BASF zur Belieferung, Verarbeitung und Vermarktung von Basotect EcoBalanced geschlossen. Der Melaminharz-Schaumstoff halbiert die produktspezifische CO2-Bilanz und tr\u00e4gt so dazu bei, wesentliche Nachhaltigkeitsziele in der Bau- und D\u00e4mmstoffindustrie zu erreichen.<\/strong><\/p>\n<p>BASF-Vertriebsleiterin Tina Fries und Dr. Dietmar Wingerath vom Basotect-Vertrieb in Europa sowie das Hanno-Team aus Florian K\u00f6hnen, Leiter Einkauf, Vertriebsleiter Markus Fehrmann und Entwicklungschef Dr. Andreas Hohlfeld freuen sich \u00fcber den \u00f6kologisch ausgerichteten Ausbau der Zusammenarbeit.<\/p>\n<p>\u201eAls langj\u00e4hriger Partner freuen wir uns, die Kooperation mit BASF zu intensivieren und uns gemeinsam f\u00fcr das Ziel der Klimaneutralit\u00e4t bis 2050 zu engagieren\u201c, sagte Hohlfeld. Hanno nutzt Basotect EcoBalanced zuk\u00fcnftig f\u00fcr viele seiner Anwendungen. Den Anfang machen Produkte der Typen G+ und B, 2026 folgt UF als weiteres Format.<\/p>\n<p>Der Melaminharz-Schaumstoff, der gegen\u00fcber anderen Standardtypen einen um 50 Prozent reduzierten PCF (Product Carbon Footprint, CO2-Fu\u00dfabdruck) aufweist, ist identisch zu herk\u00f6mmlichem Basotect. Somit liefert er dieselbe Qualit\u00e4t, Schallabsorption und W\u00e4rmed\u00e4mmleistung wie konventionelle Schaumstoffe und l\u00e4sst sich gleichgut verarbeiten. Emissionen werden auch dadurch reduziert, dass das Material laut BASF zu 100 Prozent mit Strom aus erneuerbaren Energien hergestellt wird, nachwachsende Ressourcen aus Bioabf\u00e4llen ersetzen zu Beginn der Wertsch\u00f6pfungskette die herk\u00f6mmlichen fossilen Rohstoffe. Das Unternehmen stellt PCF-Daten bereit, die die eigenen Produkte vergleichbar machen und so beim Erreichen der gesetzten Nachhaltigkeitsziele unterst\u00fctzen.<\/p>\n<p>Als Drop-in-L\u00f6sung, die sich mit optimalen Produkteigenschaften \u2013 effizient, leistungsf\u00e4hig und nachhaltig \u2013 nahtlos in bestehende Herstellungsprozesse integriert, ist Basotect EcoBalanced somit ein wichtiger Baustein auf dem Weg zu mehr Klimaschutz in der Bau- und D\u00e4mmstoffindustrie.<\/p>\n<p>Mehr Infos unter:<br \/>\n<a href=\"https:\/\/plastics-rubber.basf.com\/global\/de\/performance_polymers\/products\/basotect\/EcoBalanced\">https:\/\/plastics-rubber.basf.com\/global\/de\/performance_polymers\/products\/basotect\/EcoBalanced<\/a><\/p>\n<p>&nbsp;<\/p>\n<hr \/>\n<p>&nbsp;<\/p>\n<p><a href=\"http:\/\/www.pr-neu.de\/newsroom\/wordpress\/wp-content\/uploads\/2025\/11\/25-12_Hanno_BASF_K.jpg\" target=\"_blank\" rel=\"noopener\"><img loading=\"lazy\" decoding=\"async\" class=\"aligncenter wp-image-18121 size-medium\" src=\"http:\/\/www.pr-neu.de\/newsroom\/wordpress\/wp-content\/uploads\/2025\/11\/25-12_Hanno_BASF_K-300x225.jpg\" alt=\"\" width=\"300\" height=\"225\" srcset=\"https:\/\/www.pr-neu.de\/newsroom\/wordpress\/wp-content\/uploads\/2025\/11\/25-12_Hanno_BASF_K-300x225.jpg 300w, https:\/\/www.pr-neu.de\/newsroom\/wordpress\/wp-content\/uploads\/2025\/11\/25-12_Hanno_BASF_K-1024x768.jpg 1024w, https:\/\/www.pr-neu.de\/newsroom\/wordpress\/wp-content\/uploads\/2025\/11\/25-12_Hanno_BASF_K-768x576.jpg 768w, https:\/\/www.pr-neu.de\/newsroom\/wordpress\/wp-content\/uploads\/2025\/11\/25-12_Hanno_BASF_K-1536x1153.jpg 1536w, https:\/\/www.pr-neu.de\/newsroom\/wordpress\/wp-content\/uploads\/2025\/11\/25-12_Hanno_BASF_K-2048x1537.jpg 2048w, https:\/\/www.pr-neu.de\/newsroom\/wordpress\/wp-content\/uploads\/2025\/11\/25-12_Hanno_BASF_K-110x83.jpg 110w, https:\/\/www.pr-neu.de\/newsroom\/wordpress\/wp-content\/uploads\/2025\/11\/25-12_Hanno_BASF_K-420x315.jpg 420w, https:\/\/www.pr-neu.de\/newsroom\/wordpress\/wp-content\/uploads\/2025\/11\/25-12_Hanno_BASF_K-573x430.jpg 573w\" sizes=\"auto, (max-width: 300px) 100vw, 300px\" \/><\/a><\/p>\n<p style=\"text-align: center;\"><!--MBNHE--><em>Freuen sich \u00fcber die erweiterte Partnerschaft zwischen Hanno und BASF (v. l.): Dr. Dietmar Wingerath (Basotect-Vertrieb Europa BASF), Florian K\u00f6hnen (Leiter Einkauf Hanno), Tina Fries (Vertriebsleiterin BASF), Dr. Andreas Hohlfeld (Leiter Forschung und Entwicklung Hanno) und Markus Fehrmann (Vertriebsleiter Hanno).<\/em><\/p>\n<p>&nbsp;<\/p>\n<p style=\"text-align: center;\"><a href=\"http:\/\/www.pr-neu.de\/newsroom\/wordpress\/wp-content\/uploads\/2025\/11\/25-12_Unterzeichnung_K.jpg\" target=\"_blank\" rel=\"noopener\"><img loading=\"lazy\" decoding=\"async\" class=\"aligncenter wp-image-18122 size-medium\" src=\"http:\/\/www.pr-neu.de\/newsroom\/wordpress\/wp-content\/uploads\/2025\/11\/25-12_Unterzeichnung_K-225x300.jpg\" alt=\"\" width=\"225\" height=\"300\" srcset=\"https:\/\/www.pr-neu.de\/newsroom\/wordpress\/wp-content\/uploads\/2025\/11\/25-12_Unterzeichnung_K-225x300.jpg 225w, https:\/\/www.pr-neu.de\/newsroom\/wordpress\/wp-content\/uploads\/2025\/11\/25-12_Unterzeichnung_K-768x1025.jpg 768w, https:\/\/www.pr-neu.de\/newsroom\/wordpress\/wp-content\/uploads\/2025\/11\/25-12_Unterzeichnung_K-1151x1536.jpg 1151w, https:\/\/www.pr-neu.de\/newsroom\/wordpress\/wp-content\/uploads\/2025\/11\/25-12_Unterzeichnung_K-1535x2048.jpg 1535w, https:\/\/www.pr-neu.de\/newsroom\/wordpress\/wp-content\/uploads\/2025\/11\/25-12_Unterzeichnung_K-82x110.jpg 82w, https:\/\/www.pr-neu.de\/newsroom\/wordpress\/wp-content\/uploads\/2025\/11\/25-12_Unterzeichnung_K-315x420.jpg 315w, https:\/\/www.pr-neu.de\/newsroom\/wordpress\/wp-content\/uploads\/2025\/11\/25-12_Unterzeichnung_K-322x430.jpg 322w, https:\/\/www.pr-neu.de\/newsroom\/wordpress\/wp-content\/uploads\/2025\/11\/25-12_Unterzeichnung_K.jpg 1799w\" sizes=\"auto, (max-width: 225px) 100vw, 225px\" \/><\/a><\/p>\n<p style=\"text-align: center;\"><!--MBNHE--><em>Vertragsunterzeichnung zu Basotect EcoBalanced (v. l.): Dr. Dietmar Wingerath (Basotect-Vertrieb Europa BASF) und Florian K\u00f6hnen (Leiter Einkauf Hanno).<\/em><\/p>\n<p style=\"text-align: center;\">Bilder: Hanno Werk GmbH &amp; Co. KG<\/p>\n","protected":false},"excerpt":{"rendered":"<p>Hanno und BASF schlie\u00dfen \u201eBasotect EcoBalanced\u201c-Vertrag Als zweites Unternehmen in Deutschland hat Hanno einen Vertrag mit BASF zur Belieferung, Verarbeitung und Vermarktung von Basotect EcoBalanced geschlossen. Der Melaminharz-Schaumstoff halbiert die produktspezifische CO2-Bilanz und tr\u00e4gt so dazu bei, wesentliche Nachhaltigkeitsziele in der Bau- und D\u00e4mmstoffindustrie zu erreichen. BASF-Vertriebsleiterin Tina Fries und Dr. Dietmar Wingerath vom Basotect-Vertrieb [&hellip;]<\/p>\n","protected":false},"author":10,"featured_media":18121,"comment_status":"closed","ping_status":"open","sticky":false,"template":"","format":"standard","meta":{"footnotes":""},"categories":[661,655],"tags":[3484,3488,3486,1631,2043],"class_list":["post-18120","post","type-post","status-publish","format-standard","has-post-thumbnail","hentry","category-allgemein","category-hanno","tag-basf","tag-basotectecobalanced","tag-schaumstoffe","tag-co2","tag-hannowerk"],"_links":{"self":[{"href":"https:\/\/www.pr-neu.de\/newsroom\/wp-json\/wp\/v2\/posts\/18120","targetHints":{"allow":["GET"]}}],"collection":[{"href":"https:\/\/www.pr-neu.de\/newsroom\/wp-json\/wp\/v2\/posts"}],"about":[{"href":"https:\/\/www.pr-neu.de\/newsroom\/wp-json\/wp\/v2\/types\/post"}],"author":[{"embeddable":true,"href":"https:\/\/www.pr-neu.de\/newsroom\/wp-json\/wp\/v2\/users\/10"}],"replies":[{"embeddable":true,"href":"https:\/\/www.pr-neu.de\/newsroom\/wp-json\/wp\/v2\/comments?post=18120"}],"version-history":[{"count":3,"href":"https:\/\/www.pr-neu.de\/newsroom\/wp-json\/wp\/v2\/posts\/18120\/revisions"}],"predecessor-version":[{"id":18140,"href":"https:\/\/www.pr-neu.de\/newsroom\/wp-json\/wp\/v2\/posts\/18120\/revisions\/18140"}],"wp:featuredmedia":[{"embeddable":true,"href":"https:\/\/www.pr-neu.de\/newsroom\/wp-json\/wp\/v2\/media\/18121"}],"wp:attachment":[{"href":"https:\/\/www.pr-neu.de\/newsroom\/wp-json\/wp\/v2\/media?parent=18120"}],"wp:term":[{"taxonomy":"category","embeddable":true,"href":"https:\/\/www.pr-neu.de\/newsroom\/wp-json\/wp\/v2\/categories?post=18120"},{"taxonomy":"post_tag","embeddable":true,"href":"https:\/\/www.pr-neu.de\/newsroom\/wp-json\/wp\/v2\/tags?post=18120"}],"curies":[{"name":"wp","href":"https:\/\/api.w.org\/{rel}","templated":true}]}}