{"id":18115,"date":"2025-11-18T10:25:38","date_gmt":"2025-11-18T09:25:38","guid":{"rendered":"https:\/\/www.pr-neu.de\/newsroom\/?p=18115"},"modified":"2025-11-18T10:26:21","modified_gmt":"2025-11-18T09:26:21","slug":"tuerk-nachbaur-besucht-sto-in-donaueschingen","status":"publish","type":"post","link":"https:\/\/www.pr-neu.de\/newsroom\/tuerk-nachbaur-besucht-sto-in-donaueschingen\/","title":{"rendered":"T\u00fcrk-Nachbaur besucht Sto in Donaueschingen"},"content":{"rendered":"<p><strong><br \/>\nSto Technik-Vorstand Jost Bendel empfing SPD-Bundestagsabgeordnete Derya T\u00fcrk-Nachbaur am Produktionsstandort in Donaueschingen zum Gespr\u00e4ch. Die Politikerin informierte sich \u00fcber die aktuelle Situation in der Bau- und Baustoffbranche und tauschte sich mit Jost Bendel \u00fcber die wirtschaftlichen Herausforderungen und die Bedeutung verl\u00e4sslicher politischer Rahmenbedingungen aus.<\/strong><\/p>\n<p><u>St\u00fchlingen, 17.11.2025.<\/u> Die Parlamentarische Gesch\u00e4ftsf\u00fchrerin der SPD-Bundestagsfraktion, Derya T\u00fcrk-Nachbaur, besuchte den Sto-Produktionsstandort in Donaueschingen, um sich ein Bild von der aktuellen Situation in der Bau- und Baustoffbranche zu machen. Neben einer umfassenden Werksbesichtigung fand ein vertiefendes Gespr\u00e4ch mit dem Technik-Vorstand der Sto-Gruppe, Jost Bendel, statt. Im Mittelpunkt standen die aktuelle konjunkturelle Lage, gesetzgeberische Rahmenbedingungen sowie die Bedeutung verl\u00e4sslicher F\u00f6rderprogramme f\u00fcr die Bau- und Baustoffbranche.<\/p>\n<p>Bendel schilderte im Gespr\u00e4ch die derzeitige wirtschaftliche Situation des Unternehmens: \u201eDie konjunkturelle Lage bleibt weiterhin schwierig, was auch die Sto-Gruppe vor Herausforderungen stellt. Wir haben Kosteneinsparungen und das Verschieben von Investitionen ergriffen, um verantwortungsvoll zu reagieren. Gleichzeitig f\u00fchren unklare gesetzliche Rahmenbedingungen zu Planungsunsicherheiten, wie beispielsweise die Verschiebung des EU-Emissionshandelssystems II. Das F\u00f6rderprogramm zum Effizienzhaus-55-Standard sehen wir aber durchaus positiv, da es zinsg\u00fcnstige Kredite f\u00fcr genehmigte Neubauprojekte vorsieht.\u201c Dar\u00fcber hinaus betonte Bendel die Bedeutung planbarer und stabiler politischer Vorgaben f\u00fcr Unternehmen der Baubranche, insbesondere mit Blick auf Investitionen in nachhaltige Technologien und Produktionsprozesse.<\/p>\n<p>T\u00fcrk-Nachbaur zeigte Verst\u00e4ndnis f\u00fcr diese Sorgen und lobte zugleich den Innovationsgeist des Unternehmens: \u201eSto steht seit Jahrzehnten f\u00fcr Qualit\u00e4t, Nachhaltigkeit und Fachwissen \u2013 nicht nur regional, sondern weltweit. Solche Unternehmen brauchen Klarheit und Planbarkeit, damit Investitionen in neue Technologien nicht zum Risiko werden.\u201c Die SPD-Politikerin verwies auf aktuelle Initiativen der Bundesregierung, die genau darauf abzielen: \u201eMit der Weiterentwicklung der Bundesf\u00f6rderung f\u00fcr effiziente Geb\u00e4ude BEG und der geplanten Anpassung beim Emissionshandelssystem ETS II wollen wir B\u00fcrokratie abbauen, Verfahren vereinfachen und Anreize f\u00fcr klimafreundliche Investitionen schaffen. Wichtig ist, dass diese Programme in der Praxis auch wirken. Daf\u00fcr braucht es den direkten Austausch mit der Wirtschaft.\u201c<\/p>\n<p>Die Sto SE &amp; Co. KGaA z\u00e4hlt zu den international f\u00fchrenden Herstellern von Produkten und Systemen zur Beschichtung von Geb\u00e4uden. Der Austausch mit politischen Entscheidungstr\u00e4gern ist dem Unternehmen ein wichtiges Anliegen, um die zuk\u00fcnftigen Herausforderungen und Chancen der Branche konstruktiv gemeinsam zu gestalten. \u201eIch nehme die Anliegen der Unternehmen aus der Region sehr ernst. Gute Politik entsteht dort, wo man hinh\u00f6rt, hinschaut und anpackt\u201c, betonte T\u00fcrk-Nachbaur abschlie\u00dfend.<\/p>\n<p>&nbsp;<\/p>\n<hr \/>\n<p>&nbsp;<\/p>\n<p><a href=\"http:\/\/www.pr-neu.de\/newsroom\/wordpress\/wp-content\/uploads\/2025\/11\/25_36_Tuerk_Nachbaur_Bendel_K.jpg\" target=\"_blank\" rel=\"noopener\"><img loading=\"lazy\" decoding=\"async\" class=\"aligncenter wp-image-18116 size-medium\" src=\"http:\/\/www.pr-neu.de\/newsroom\/wordpress\/wp-content\/uploads\/2025\/11\/25_36_Tuerk_Nachbaur_Bendel_K-300x200.jpg\" alt=\"\" width=\"300\" height=\"200\" srcset=\"https:\/\/www.pr-neu.de\/newsroom\/wordpress\/wp-content\/uploads\/2025\/11\/25_36_Tuerk_Nachbaur_Bendel_K-300x200.jpg 300w, https:\/\/www.pr-neu.de\/newsroom\/wordpress\/wp-content\/uploads\/2025\/11\/25_36_Tuerk_Nachbaur_Bendel_K-1024x683.jpg 1024w, https:\/\/www.pr-neu.de\/newsroom\/wordpress\/wp-content\/uploads\/2025\/11\/25_36_Tuerk_Nachbaur_Bendel_K-768x512.jpg 768w, https:\/\/www.pr-neu.de\/newsroom\/wordpress\/wp-content\/uploads\/2025\/11\/25_36_Tuerk_Nachbaur_Bendel_K-1536x1024.jpg 1536w, https:\/\/www.pr-neu.de\/newsroom\/wordpress\/wp-content\/uploads\/2025\/11\/25_36_Tuerk_Nachbaur_Bendel_K-2048x1365.jpg 2048w, https:\/\/www.pr-neu.de\/newsroom\/wordpress\/wp-content\/uploads\/2025\/11\/25_36_Tuerk_Nachbaur_Bendel_K-110x73.jpg 110w, https:\/\/www.pr-neu.de\/newsroom\/wordpress\/wp-content\/uploads\/2025\/11\/25_36_Tuerk_Nachbaur_Bendel_K-420x280.jpg 420w, https:\/\/www.pr-neu.de\/newsroom\/wordpress\/wp-content\/uploads\/2025\/11\/25_36_Tuerk_Nachbaur_Bendel_K-645x430.jpg 645w\" sizes=\"auto, (max-width: 300px) 100vw, 300px\" \/><\/a><\/p>\n<p style=\"text-align: center;\"><em>Vorstand Jost Bendel erl\u00e4utert Derja T\u00fcrk-Nachbaur die Produktionsverfahren im Sto-Werk Donaueschingen.<\/em><\/p>\n<p>&nbsp;<\/p>\n<p style=\"text-align: center;\"><a href=\"http:\/\/www.pr-neu.de\/newsroom\/wordpress\/wp-content\/uploads\/2025\/11\/25_36_Tuerk_Nachbaur_besucht_Sto_K.jpg\" target=\"_blank\" rel=\"noopener\"><img loading=\"lazy\" decoding=\"async\" class=\"aligncenter wp-image-18117 size-medium\" src=\"http:\/\/www.pr-neu.de\/newsroom\/wordpress\/wp-content\/uploads\/2025\/11\/25_36_Tuerk_Nachbaur_besucht_Sto_K-300x200.jpg\" alt=\"\" width=\"300\" height=\"200\" srcset=\"https:\/\/www.pr-neu.de\/newsroom\/wordpress\/wp-content\/uploads\/2025\/11\/25_36_Tuerk_Nachbaur_besucht_Sto_K-300x200.jpg 300w, https:\/\/www.pr-neu.de\/newsroom\/wordpress\/wp-content\/uploads\/2025\/11\/25_36_Tuerk_Nachbaur_besucht_Sto_K-1024x683.jpg 1024w, https:\/\/www.pr-neu.de\/newsroom\/wordpress\/wp-content\/uploads\/2025\/11\/25_36_Tuerk_Nachbaur_besucht_Sto_K-768x512.jpg 768w, https:\/\/www.pr-neu.de\/newsroom\/wordpress\/wp-content\/uploads\/2025\/11\/25_36_Tuerk_Nachbaur_besucht_Sto_K-1536x1024.jpg 1536w, https:\/\/www.pr-neu.de\/newsroom\/wordpress\/wp-content\/uploads\/2025\/11\/25_36_Tuerk_Nachbaur_besucht_Sto_K-2048x1365.jpg 2048w, https:\/\/www.pr-neu.de\/newsroom\/wordpress\/wp-content\/uploads\/2025\/11\/25_36_Tuerk_Nachbaur_besucht_Sto_K-110x73.jpg 110w, https:\/\/www.pr-neu.de\/newsroom\/wordpress\/wp-content\/uploads\/2025\/11\/25_36_Tuerk_Nachbaur_besucht_Sto_K-420x280.jpg 420w, https:\/\/www.pr-neu.de\/newsroom\/wordpress\/wp-content\/uploads\/2025\/11\/25_36_Tuerk_Nachbaur_besucht_Sto_K-645x430.jpg 645w\" sizes=\"auto, (max-width: 300px) 100vw, 300px\" \/><\/a><\/p>\n<p style=\"text-align: center;\"><em>Public Affairs-Leiter Christoph Stolz, Verkaufscenterleiter J\u00f6rg Wacker, Technikvorstand Jost Bendel und Produktionsleiter Florian Lukas beim Sto-Werksrundgang mit Derja T\u00fcrk-Nachbaur (v.l.).<\/em><\/p>\n<p style=\"text-align: center;\">Bilder: Sto SE &amp; Co. KGaA<\/p>\n<p>&nbsp;<\/p>\n<hr \/>\n<p>Abdruck honorarfrei, Belegexemplar erbeten<\/p>\n","protected":false},"excerpt":{"rendered":"<p>Sto Technik-Vorstand Jost Bendel empfing SPD-Bundestagsabgeordnete Derya T\u00fcrk-Nachbaur am Produktionsstandort in Donaueschingen zum Gespr\u00e4ch. Die Politikerin informierte sich \u00fcber die aktuelle Situation in der Bau- und Baustoffbranche und tauschte sich mit Jost Bendel \u00fcber die wirtschaftlichen Herausforderungen und die Bedeutung verl\u00e4sslicher politischer Rahmenbedingungen aus. St\u00fchlingen, 17.11.2025. Die Parlamentarische Gesch\u00e4ftsf\u00fchrerin der SPD-Bundestagsfraktion, Derya T\u00fcrk-Nachbaur, besuchte den [&hellip;]<\/p>\n","protected":false},"author":9,"featured_media":18116,"comment_status":"closed","ping_status":"open","sticky":false,"template":"","format":"standard","meta":{"footnotes":""},"categories":[661,15],"tags":[],"class_list":["post-18115","post","type-post","status-publish","format-standard","has-post-thumbnail","hentry","category-allgemein","category-sto"],"_links":{"self":[{"href":"https:\/\/www.pr-neu.de\/newsroom\/wp-json\/wp\/v2\/posts\/18115","targetHints":{"allow":["GET"]}}],"collection":[{"href":"https:\/\/www.pr-neu.de\/newsroom\/wp-json\/wp\/v2\/posts"}],"about":[{"href":"https:\/\/www.pr-neu.de\/newsroom\/wp-json\/wp\/v2\/types\/post"}],"author":[{"embeddable":true,"href":"https:\/\/www.pr-neu.de\/newsroom\/wp-json\/wp\/v2\/users\/9"}],"replies":[{"embeddable":true,"href":"https:\/\/www.pr-neu.de\/newsroom\/wp-json\/wp\/v2\/comments?post=18115"}],"version-history":[{"count":2,"href":"https:\/\/www.pr-neu.de\/newsroom\/wp-json\/wp\/v2\/posts\/18115\/revisions"}],"predecessor-version":[{"id":18119,"href":"https:\/\/www.pr-neu.de\/newsroom\/wp-json\/wp\/v2\/posts\/18115\/revisions\/18119"}],"wp:featuredmedia":[{"embeddable":true,"href":"https:\/\/www.pr-neu.de\/newsroom\/wp-json\/wp\/v2\/media\/18116"}],"wp:attachment":[{"href":"https:\/\/www.pr-neu.de\/newsroom\/wp-json\/wp\/v2\/media?parent=18115"}],"wp:term":[{"taxonomy":"category","embeddable":true,"href":"https:\/\/www.pr-neu.de\/newsroom\/wp-json\/wp\/v2\/categories?post=18115"},{"taxonomy":"post_tag","embeddable":true,"href":"https:\/\/www.pr-neu.de\/newsroom\/wp-json\/wp\/v2\/tags?post=18115"}],"curies":[{"name":"wp","href":"https:\/\/api.w.org\/{rel}","templated":true}]}}