{"id":18101,"date":"2025-11-10T15:16:57","date_gmt":"2025-11-10T14:16:57","guid":{"rendered":"https:\/\/www.pr-neu.de\/newsroom\/?p=18101"},"modified":"2025-11-10T15:16:57","modified_gmt":"2025-11-10T14:16:57","slug":"vierfache-auszeichnung-fuer-sto","status":"publish","type":"post","link":"https:\/\/www.pr-neu.de\/newsroom\/vierfache-auszeichnung-fuer-sto\/","title":{"rendered":"Vierfache Auszeichnung f\u00fcr Sto"},"content":{"rendered":"<p><!--MBNHE--><span style=\"font-family: Arial;\"><span style=\"font-size: 14pt; font-family: 'Arial','sans-serif';\"><span style=\"font-size: medium;\"><u><br \/>\n<\/u><\/span><\/span><\/span><u>Architect\u00b4s Darling Award<\/u><\/p>\n<p><!--MBNHE--><strong>Beim Architects\u2018 Darling Award landete Sto im Jahr 2025 gleich viermal auf dem Treppchen. Gold gab es in den Kategorien \u201eBeste Objektberatung\u201c und \u201eInnenwandbel\u00e4ge\u201c sowie bei den Jury-Awards f\u00fcr das \u201eBeste Referenzobjekt\u201c. Mit Silber wurde das St\u00fchlinger Unternehmen f\u00fcr \u201eFarben &amp; Lacke\u201c ausgezeichnet.<\/strong><\/p>\n<p>Bereits zum 15. Mal wurden die prestigetr\u00e4chtigen Architects\u2018 Darling Awards verliehen. Die goldene Ph\u00f6nix-Troph\u00e4e w\u00fcrdigt herausragende Leistungen und Innovationskraft und ist damit quasi der \u201eOskar\u201c der Bauindustrie. Die Awards basieren auf der umfassendsten Branchenbefragung Deutschlands. Die Ergebnisse sprechen Klartext \u00fcber Pr\u00e4ferenzen, Priorit\u00e4ten und der Suche nach Zuverl\u00e4ssigkeit im Markt. \u00dcber 2.200 Architektinnen und Architekten sowie Fachplanende stimmten in der Heinze-Umfrage 2025 \u00fcber rund 200 Hersteller und Marken ab. Ihr Urteil dient als Barometer f\u00fcr Qualit\u00e4t, Service und Zukunftsorientierung. Die Preisverleihung fand am 6. November 2025 im Rahmen des Celler Werktages statt.<\/p>\n<p><strong>Goldener Phoenix belohnt Innovationskraft und Teamgeist<\/strong><\/p>\n<p>Sto geh\u00f6rt schon seit Jahren zu den \u201eBest-Performers\u201c der Bauindustrie. \u201eWir freuen uns riesig \u00fcber den Vierfach-Erfolg\u201c, sagte Marketing-Leiter Rolf Wohllaib, der gemeinsam mit Heiner R\u00f6hr, Leiter Region Deutschland, stellvertretend f\u00fcrs Sto-Team viermal \u00fcber den roten Teppich auf die gro\u00dfe B\u00fchne ging und die Pokale in Empfang nahm. \u201eDas eindeutige Votum der Architekten und Planer zeigt, wie sehr sie unsere Produkte und System sowie unsere Beratungsleistung sch\u00e4tzen\u201c, betonte Heiner R\u00f6hr. Auch in dem f\u00fcr die Baubranche herausforderndem Jahr 2025 sei es Sto gelungen, seine Innovationskraft unter Beweis zu stellen und seine exzellente Zusammenarbeit mit seinen Marktpartnern erfolgreich fortzusetzen.<\/p>\n<p><strong>37 Awards vergeben<\/strong><\/p>\n<p>Insgesamt wurden 37 Auszeichnungen in zwei Bereichen vergeben: 22 Brand-Awards ehren Hersteller in verschiedensten Produktkategorien \u2013 von klassischen Baumaterialien bis hin zu zukunftsweisenden Bereichen wie \u201eModulares\/serielles Bauen&#8220; oder \u201eObjektberatung&#8220;. Sie spiegeln die Vielfalt und Innovationskraft der Branche wider. Die 15 Jury-Awards wurden durch das Votum einer 64-k\u00f6pfigen Fachjury aus renommierten Architekturb\u00fcros gek\u00fcrt. Die Expertinnen und Experten zeichneten Unternehmen in Spezialkategorien wie \u201eProduktinnovation\u201c, \u201eReferenzobjekt\u201c oder \u201eProdukt-Konfigurator\u201c aus.<\/p>\n<p>&nbsp;<\/p>\n<hr \/>\n<p>&nbsp;<\/p>\n<p>&nbsp;<\/p>\n<p><img loading=\"lazy\" decoding=\"async\" class=\"size-medium wp-image-18103 aligncenter\" src=\"http:\/\/www.pr-neu.de\/newsroom\/wordpress\/wp-content\/uploads\/2025\/11\/25_32_Sieger_K-300x200.jpg\" alt=\"\" width=\"300\" height=\"200\" srcset=\"https:\/\/www.pr-neu.de\/newsroom\/wordpress\/wp-content\/uploads\/2025\/11\/25_32_Sieger_K-300x200.jpg 300w, https:\/\/www.pr-neu.de\/newsroom\/wordpress\/wp-content\/uploads\/2025\/11\/25_32_Sieger_K-1024x682.jpg 1024w, https:\/\/www.pr-neu.de\/newsroom\/wordpress\/wp-content\/uploads\/2025\/11\/25_32_Sieger_K-768x512.jpg 768w, https:\/\/www.pr-neu.de\/newsroom\/wordpress\/wp-content\/uploads\/2025\/11\/25_32_Sieger_K-1536x1023.jpg 1536w, https:\/\/www.pr-neu.de\/newsroom\/wordpress\/wp-content\/uploads\/2025\/11\/25_32_Sieger_K-2048x1364.jpg 2048w, https:\/\/www.pr-neu.de\/newsroom\/wordpress\/wp-content\/uploads\/2025\/11\/25_32_Sieger_K-110x73.jpg 110w, https:\/\/www.pr-neu.de\/newsroom\/wordpress\/wp-content\/uploads\/2025\/11\/25_32_Sieger_K-420x280.jpg 420w, https:\/\/www.pr-neu.de\/newsroom\/wordpress\/wp-content\/uploads\/2025\/11\/25_32_Sieger_K-645x430.jpg 645w\" sizes=\"auto, (max-width: 300px) 100vw, 300px\" \/><\/p>\n<p style=\"text-align: center;\"><!--MBNHE--><em>Strahlende Sieger: Heiner R\u00f6hr, Leiter der Sto Region Deutschland, und Rolf Wohllaib, Leiter Marketing, nahmen stellvertretend f\u00fcr das Sto-Team die drei goldenen Pokale in Empfang.<\/em><\/p>\n<p style=\"text-align: center;\">Foto: Heinze GmbH, Marcus Jacobs<\/p>\n<p>&nbsp;<\/p>\n<p><img loading=\"lazy\" decoding=\"async\" class=\"size-medium wp-image-18102 aligncenter\" src=\"http:\/\/www.pr-neu.de\/newsroom\/wordpress\/wp-content\/uploads\/2025\/11\/25_32_Architects-Darling_Siegel_K-300x300.jpg\" alt=\"\" width=\"300\" height=\"300\" srcset=\"https:\/\/www.pr-neu.de\/newsroom\/wordpress\/wp-content\/uploads\/2025\/11\/25_32_Architects-Darling_Siegel_K-300x300.jpg 300w, https:\/\/www.pr-neu.de\/newsroom\/wordpress\/wp-content\/uploads\/2025\/11\/25_32_Architects-Darling_Siegel_K-1024x1024.jpg 1024w, https:\/\/www.pr-neu.de\/newsroom\/wordpress\/wp-content\/uploads\/2025\/11\/25_32_Architects-Darling_Siegel_K-150x150.jpg 150w, https:\/\/www.pr-neu.de\/newsroom\/wordpress\/wp-content\/uploads\/2025\/11\/25_32_Architects-Darling_Siegel_K-768x768.jpg 768w, https:\/\/www.pr-neu.de\/newsroom\/wordpress\/wp-content\/uploads\/2025\/11\/25_32_Architects-Darling_Siegel_K-1536x1536.jpg 1536w, https:\/\/www.pr-neu.de\/newsroom\/wordpress\/wp-content\/uploads\/2025\/11\/25_32_Architects-Darling_Siegel_K-2048x2048.jpg 2048w, https:\/\/www.pr-neu.de\/newsroom\/wordpress\/wp-content\/uploads\/2025\/11\/25_32_Architects-Darling_Siegel_K-250x250.jpg 250w, https:\/\/www.pr-neu.de\/newsroom\/wordpress\/wp-content\/uploads\/2025\/11\/25_32_Architects-Darling_Siegel_K-125x125.jpg 125w, https:\/\/www.pr-neu.de\/newsroom\/wordpress\/wp-content\/uploads\/2025\/11\/25_32_Architects-Darling_Siegel_K-110x110.jpg 110w, https:\/\/www.pr-neu.de\/newsroom\/wordpress\/wp-content\/uploads\/2025\/11\/25_32_Architects-Darling_Siegel_K-420x420.jpg 420w, https:\/\/www.pr-neu.de\/newsroom\/wordpress\/wp-content\/uploads\/2025\/11\/25_32_Architects-Darling_Siegel_K-430x430.jpg 430w\" sizes=\"auto, (max-width: 300px) 100vw, 300px\" \/><\/p>\n<p style=\"text-align: center;\"><!--MBNHE--><em>Belohnt Innovationskraft und Teamgeist am Bau: der goldene Phoenix.<\/em><\/p>\n<p style=\"text-align: center;\">Bild: Heinze GmbH<\/p>\n<p>&nbsp;<\/p>\n<hr \/>\n<p>Abdruck honorarfrei, Belegexemplar erbeten<\/p>\n","protected":false},"excerpt":{"rendered":"<p>Architect\u00b4s Darling Award Beim Architects\u2018 Darling Award landete Sto im Jahr 2025 gleich viermal auf dem Treppchen. Gold gab es in den Kategorien \u201eBeste Objektberatung\u201c und \u201eInnenwandbel\u00e4ge\u201c sowie bei den Jury-Awards f\u00fcr das \u201eBeste Referenzobjekt\u201c. Mit Silber wurde das St\u00fchlinger Unternehmen f\u00fcr \u201eFarben &amp; Lacke\u201c ausgezeichnet. Bereits zum 15. Mal wurden die prestigetr\u00e4chtigen Architects\u2018 Darling [&hellip;]<\/p>\n","protected":false},"author":9,"featured_media":18103,"comment_status":"closed","ping_status":"open","sticky":false,"template":"","format":"standard","meta":{"footnotes":""},"categories":[661,15],"tags":[],"class_list":["post-18101","post","type-post","status-publish","format-standard","has-post-thumbnail","hentry","category-allgemein","category-sto"],"_links":{"self":[{"href":"https:\/\/www.pr-neu.de\/newsroom\/wp-json\/wp\/v2\/posts\/18101","targetHints":{"allow":["GET"]}}],"collection":[{"href":"https:\/\/www.pr-neu.de\/newsroom\/wp-json\/wp\/v2\/posts"}],"about":[{"href":"https:\/\/www.pr-neu.de\/newsroom\/wp-json\/wp\/v2\/types\/post"}],"author":[{"embeddable":true,"href":"https:\/\/www.pr-neu.de\/newsroom\/wp-json\/wp\/v2\/users\/9"}],"replies":[{"embeddable":true,"href":"https:\/\/www.pr-neu.de\/newsroom\/wp-json\/wp\/v2\/comments?post=18101"}],"version-history":[{"count":1,"href":"https:\/\/www.pr-neu.de\/newsroom\/wp-json\/wp\/v2\/posts\/18101\/revisions"}],"predecessor-version":[{"id":18104,"href":"https:\/\/www.pr-neu.de\/newsroom\/wp-json\/wp\/v2\/posts\/18101\/revisions\/18104"}],"wp:featuredmedia":[{"embeddable":true,"href":"https:\/\/www.pr-neu.de\/newsroom\/wp-json\/wp\/v2\/media\/18103"}],"wp:attachment":[{"href":"https:\/\/www.pr-neu.de\/newsroom\/wp-json\/wp\/v2\/media?parent=18101"}],"wp:term":[{"taxonomy":"category","embeddable":true,"href":"https:\/\/www.pr-neu.de\/newsroom\/wp-json\/wp\/v2\/categories?post=18101"},{"taxonomy":"post_tag","embeddable":true,"href":"https:\/\/www.pr-neu.de\/newsroom\/wp-json\/wp\/v2\/tags?post=18101"}],"curies":[{"name":"wp","href":"https:\/\/api.w.org\/{rel}","templated":true}]}}