{"id":18088,"date":"2025-11-07T09:36:27","date_gmt":"2025-11-07T08:36:27","guid":{"rendered":"https:\/\/www.pr-neu.de\/newsroom\/?p=18088"},"modified":"2025-11-07T09:36:27","modified_gmt":"2025-11-07T08:36:27","slug":"eine-astreine-sache","status":"publish","type":"post","link":"https:\/\/www.pr-neu.de\/newsroom\/eine-astreine-sache\/","title":{"rendered":"Eine astreine Sache"},"content":{"rendered":"<p><u><br \/>\nSachverst\u00e4ndigentagung des Tischlerhandwerks bei Hanno<\/u><\/p>\n<p><strong>2025 fand die Sachverst\u00e4ndigentagung des Tischlerhandwerks bei Hanno in Laatzen statt. Als Mitglied im F\u00f6rderverein des iBAT (Instituts-Gesellschaft f\u00fcr Betriebs- und Arbeitstechnik des Tischlerhandwerks) waren rund 20 Sachverst\u00e4ndige aus dem Gro\u00dfraum Hannover beim Dicht- und D\u00e4mmspezialisten zu Gast.<\/strong><\/p>\n<p>Ziel des zweit\u00e4gigen Lehrgangs war es, die Mitglieder des Fachverbands Tischler Nord \u00fcber innovative Technik, neue Entwicklungen, Produkte und Forschungsvorhaben auf den aktuellen Stand zu bringen. Zentrale Punkte, zu denen zahlreiche Referenten informierten, waren dabei Einblicke in die Produktion, Impulse zu KI, Schadensbilder und DIY-Testst\u00e4nde sowie 360-Grad-Kameratechnik f\u00fcr Ortstermine.<\/p>\n<p>Besonderes Interesse fand das Thema Anwendungstechnik, das die Hanno-Experten praxisnah pr\u00e4sentierten. Vom fachlichen Austausch \u00fcber Gutachten und Asbestproben und vom umfangreichen Networking profitierten alle Teilnehmenden \u2013 die Mitglieder der Tischler-Innungen wie auch die Mitarbeitenden von Hanno.<\/p>\n<p>Der Lehrgang tr\u00e4gt der kontinuierlichen Weiterbildungspflicht der \u00f6ffentlich bestellten und vereidigten Sachverst\u00e4ndigen des Tischler- und Schreinerhandwerks Rechnung. Das Know-how der \u2013 praktisch wie theoretisch \u2013 fachkundigen Helfer ist nicht nur in der Rechtsprechung gefragt, auch Privatpersonen, Beh\u00f6rden und Organisationen stellen sie ihr Wissen zur Verf\u00fcgung. Die Spezialisten gew\u00e4hrleisten ihre Sachkunde und Bef\u00e4higung unter anderem durch die regelm\u00e4\u00dfige verpflichtende Teilnahme an Fachevents: Der Lehrgang findet zweimal im Jahr statt, wechselnde Gastgeber sind Mitgliedsbetriebe des Fachverbands Tischler Nord.<\/p>\n<p>&nbsp;<\/p>\n<hr \/>\n<p>&nbsp;<\/p>\n<p>K A S T E N<br \/>\n<strong>Aufgaben und Ziele des iBAT e. V.<\/strong><\/p>\n<ul>\n<li>Unterst\u00fctzung der Aufstiegs- und Leistungsf\u00f6rderung im Tischlerhandwerk mit Lehrg\u00e4ngen und Seminaren<\/li>\n<li>Vermittlung moderner Arbeitstechniken in der Holz-, Aluminium- und Kunststoffverarbeitung sowie auf anderen Gebieten Lehrg\u00e4nge und Schriftenreihen<\/li>\n<li>Zusammenarbeit mit Instituten, Schulen, Akademien und anderen Einrichtungen mit dem Ziel, F\u00f6rderergebnisse f\u00fcr die Besch\u00e4ftigten im Tischlerhandwerk nutzbar zu machen<br \/>\nVer\u00f6ffentlichungen \u00fcber Betriebs- und Arbeitstechnik sowie \u00fcber bautechnische Fragen<\/li>\n<\/ul>\n<p>&nbsp;<\/p>\n<hr \/>\n<p>&nbsp;<\/p>\n<p><a href=\"http:\/\/www.pr-neu.de\/newsroom\/wordpress\/wp-content\/uploads\/2025\/11\/25-11_SV-Tagung_Gruppenbild_K.jpg\" target=\"_blank\" rel=\"noopener\"><img loading=\"lazy\" decoding=\"async\" class=\"aligncenter wp-image-18089 size-medium\" src=\"http:\/\/www.pr-neu.de\/newsroom\/wordpress\/wp-content\/uploads\/2025\/11\/25-11_SV-Tagung_Gruppenbild_K-300x225.jpg\" alt=\"\" width=\"300\" height=\"225\" srcset=\"https:\/\/www.pr-neu.de\/newsroom\/wordpress\/wp-content\/uploads\/2025\/11\/25-11_SV-Tagung_Gruppenbild_K-300x225.jpg 300w, https:\/\/www.pr-neu.de\/newsroom\/wordpress\/wp-content\/uploads\/2025\/11\/25-11_SV-Tagung_Gruppenbild_K-1024x768.jpg 1024w, https:\/\/www.pr-neu.de\/newsroom\/wordpress\/wp-content\/uploads\/2025\/11\/25-11_SV-Tagung_Gruppenbild_K-768x576.jpg 768w, https:\/\/www.pr-neu.de\/newsroom\/wordpress\/wp-content\/uploads\/2025\/11\/25-11_SV-Tagung_Gruppenbild_K-1536x1152.jpg 1536w, https:\/\/www.pr-neu.de\/newsroom\/wordpress\/wp-content\/uploads\/2025\/11\/25-11_SV-Tagung_Gruppenbild_K-2048x1536.jpg 2048w, https:\/\/www.pr-neu.de\/newsroom\/wordpress\/wp-content\/uploads\/2025\/11\/25-11_SV-Tagung_Gruppenbild_K-110x83.jpg 110w, https:\/\/www.pr-neu.de\/newsroom\/wordpress\/wp-content\/uploads\/2025\/11\/25-11_SV-Tagung_Gruppenbild_K-420x315.jpg 420w, https:\/\/www.pr-neu.de\/newsroom\/wordpress\/wp-content\/uploads\/2025\/11\/25-11_SV-Tagung_Gruppenbild_K-573x430.jpg 573w\" sizes=\"auto, (max-width: 300px) 100vw, 300px\" \/><\/a><\/p>\n<p style=\"text-align: center;\">Sachverst\u00e4ndige des Tischlerhandwerks aus Niedersachsen und Bremen waren zum zweit\u00e4gigen Lehrgang bei Hanno in Laatzen zu Gast.<\/p>\n<p>&nbsp;<\/p>\n<p><a href=\"http:\/\/www.pr-neu.de\/newsroom\/wordpress\/wp-content\/uploads\/2025\/11\/25-11_SV-Tagung_Theorie_K.jpg\" target=\"_blank\" rel=\"noopener\"><img loading=\"lazy\" decoding=\"async\" class=\"aligncenter wp-image-18090 size-medium\" src=\"http:\/\/www.pr-neu.de\/newsroom\/wordpress\/wp-content\/uploads\/2025\/11\/25-11_SV-Tagung_Theorie_K-300x225.jpg\" alt=\"\" width=\"300\" height=\"225\" srcset=\"https:\/\/www.pr-neu.de\/newsroom\/wordpress\/wp-content\/uploads\/2025\/11\/25-11_SV-Tagung_Theorie_K-300x225.jpg 300w, https:\/\/www.pr-neu.de\/newsroom\/wordpress\/wp-content\/uploads\/2025\/11\/25-11_SV-Tagung_Theorie_K-1024x768.jpg 1024w, https:\/\/www.pr-neu.de\/newsroom\/wordpress\/wp-content\/uploads\/2025\/11\/25-11_SV-Tagung_Theorie_K-768x576.jpg 768w, https:\/\/www.pr-neu.de\/newsroom\/wordpress\/wp-content\/uploads\/2025\/11\/25-11_SV-Tagung_Theorie_K-1536x1152.jpg 1536w, https:\/\/www.pr-neu.de\/newsroom\/wordpress\/wp-content\/uploads\/2025\/11\/25-11_SV-Tagung_Theorie_K-2048x1536.jpg 2048w, https:\/\/www.pr-neu.de\/newsroom\/wordpress\/wp-content\/uploads\/2025\/11\/25-11_SV-Tagung_Theorie_K-110x83.jpg 110w, https:\/\/www.pr-neu.de\/newsroom\/wordpress\/wp-content\/uploads\/2025\/11\/25-11_SV-Tagung_Theorie_K-420x315.jpg 420w, https:\/\/www.pr-neu.de\/newsroom\/wordpress\/wp-content\/uploads\/2025\/11\/25-11_SV-Tagung_Theorie_K-573x430.jpg 573w\" sizes=\"auto, (max-width: 300px) 100vw, 300px\" \/><\/a><\/p>\n<p style=\"text-align: center;\">Die Referenten informierten \u00fcber Hanno-Produkte und DIY-Testst\u00e4nde. Weitere Themen waren Schadensbilder, Impulse zu KI und 360-Grad-Kameratechnik f\u00fcr Ortstermine.<\/p>\n<p>&nbsp;<\/p>\n<p><a href=\"http:\/\/www.pr-neu.de\/newsroom\/wordpress\/wp-content\/uploads\/2025\/11\/25-11_SV-Tagung_Praxis_K.jpg\" target=\"_blank\" rel=\"noopener\"><img loading=\"lazy\" decoding=\"async\" class=\"aligncenter wp-image-18091 size-medium\" src=\"http:\/\/www.pr-neu.de\/newsroom\/wordpress\/wp-content\/uploads\/2025\/11\/25-11_SV-Tagung_Praxis_K-300x225.jpg\" alt=\"\" width=\"300\" height=\"225\" srcset=\"https:\/\/www.pr-neu.de\/newsroom\/wordpress\/wp-content\/uploads\/2025\/11\/25-11_SV-Tagung_Praxis_K-300x225.jpg 300w, https:\/\/www.pr-neu.de\/newsroom\/wordpress\/wp-content\/uploads\/2025\/11\/25-11_SV-Tagung_Praxis_K-1024x768.jpg 1024w, https:\/\/www.pr-neu.de\/newsroom\/wordpress\/wp-content\/uploads\/2025\/11\/25-11_SV-Tagung_Praxis_K-768x576.jpg 768w, https:\/\/www.pr-neu.de\/newsroom\/wordpress\/wp-content\/uploads\/2025\/11\/25-11_SV-Tagung_Praxis_K-1536x1152.jpg 1536w, https:\/\/www.pr-neu.de\/newsroom\/wordpress\/wp-content\/uploads\/2025\/11\/25-11_SV-Tagung_Praxis_K-2048x1536.jpg 2048w, https:\/\/www.pr-neu.de\/newsroom\/wordpress\/wp-content\/uploads\/2025\/11\/25-11_SV-Tagung_Praxis_K-110x83.jpg 110w, https:\/\/www.pr-neu.de\/newsroom\/wordpress\/wp-content\/uploads\/2025\/11\/25-11_SV-Tagung_Praxis_K-420x315.jpg 420w, https:\/\/www.pr-neu.de\/newsroom\/wordpress\/wp-content\/uploads\/2025\/11\/25-11_SV-Tagung_Praxis_K-573x430.jpg 573w\" sizes=\"auto, (max-width: 300px) 100vw, 300px\" \/><\/a><\/p>\n<p style=\"text-align: center;\">Praxis: In den hauseigenen Produktionsst\u00e4tten demonstrierten Hanno-Mitarbeitende zahlreiche Anwendungen, auch die Sachverst\u00e4ndigen legten selbst Hand an.<\/p>\n<p>&nbsp;<\/p>\n<hr \/>\n<p>Abdruck honorarfrei, Belegexemplar erbeten<\/p>\n","protected":false},"excerpt":{"rendered":"<p>Sachverst\u00e4ndigentagung des Tischlerhandwerks bei Hanno 2025 fand die Sachverst\u00e4ndigentagung des Tischlerhandwerks bei Hanno in Laatzen statt. Als Mitglied im F\u00f6rderverein des iBAT (Instituts-Gesellschaft f\u00fcr Betriebs- und Arbeitstechnik des Tischlerhandwerks) waren rund 20 Sachverst\u00e4ndige aus dem Gro\u00dfraum Hannover beim Dicht- und D\u00e4mmspezialisten zu Gast. Ziel des zweit\u00e4gigen Lehrgangs war es, die Mitglieder des Fachverbands Tischler Nord [&hellip;]<\/p>\n","protected":false},"author":10,"featured_media":18090,"comment_status":"closed","ping_status":"open","sticky":false,"template":"","format":"standard","meta":{"footnotes":""},"categories":[661,655],"tags":[3480,3478,3482,2043],"class_list":["post-18088","post","type-post","status-publish","format-standard","has-post-thumbnail","hentry","category-allgemein","category-hanno","tag-sachverstaendigentagung","tag-tischlerhandwerk","tag-tischlernord","tag-hannowerk"],"_links":{"self":[{"href":"https:\/\/www.pr-neu.de\/newsroom\/wp-json\/wp\/v2\/posts\/18088","targetHints":{"allow":["GET"]}}],"collection":[{"href":"https:\/\/www.pr-neu.de\/newsroom\/wp-json\/wp\/v2\/posts"}],"about":[{"href":"https:\/\/www.pr-neu.de\/newsroom\/wp-json\/wp\/v2\/types\/post"}],"author":[{"embeddable":true,"href":"https:\/\/www.pr-neu.de\/newsroom\/wp-json\/wp\/v2\/users\/10"}],"replies":[{"embeddable":true,"href":"https:\/\/www.pr-neu.de\/newsroom\/wp-json\/wp\/v2\/comments?post=18088"}],"version-history":[{"count":3,"href":"https:\/\/www.pr-neu.de\/newsroom\/wp-json\/wp\/v2\/posts\/18088\/revisions"}],"predecessor-version":[{"id":18094,"href":"https:\/\/www.pr-neu.de\/newsroom\/wp-json\/wp\/v2\/posts\/18088\/revisions\/18094"}],"wp:featuredmedia":[{"embeddable":true,"href":"https:\/\/www.pr-neu.de\/newsroom\/wp-json\/wp\/v2\/media\/18090"}],"wp:attachment":[{"href":"https:\/\/www.pr-neu.de\/newsroom\/wp-json\/wp\/v2\/media?parent=18088"}],"wp:term":[{"taxonomy":"category","embeddable":true,"href":"https:\/\/www.pr-neu.de\/newsroom\/wp-json\/wp\/v2\/categories?post=18088"},{"taxonomy":"post_tag","embeddable":true,"href":"https:\/\/www.pr-neu.de\/newsroom\/wp-json\/wp\/v2\/tags?post=18088"}],"curies":[{"name":"wp","href":"https:\/\/api.w.org\/{rel}","templated":true}]}}