{"id":18050,"date":"2025-11-05T10:52:15","date_gmt":"2025-11-05T09:52:15","guid":{"rendered":"https:\/\/www.pr-neu.de\/newsroom\/?p=18050"},"modified":"2025-11-05T15:43:05","modified_gmt":"2025-11-05T14:43:05","slug":"abbaubarer-filmschutz","status":"publish","type":"post","link":"https:\/\/www.pr-neu.de\/newsroom\/abbaubarer-filmschutz\/","title":{"rendered":"Abbaubarer Filmschutz"},"content":{"rendered":"<p><u><br \/>\nS\u00fcdwest Fassadenfarben<\/u><\/p>\n<p>Mit einer neuen Generation an Filmkonservierern wird der Algen- und Schimmelschutz bei S\u00fcdwest-Fassadenfarben umweltfreundlicher: Die weiterentwickelten Wirkstoffe sind nicht mehr persistent, aber weiterhin verkapselt, um so \u00fcber einen l\u00e4ngeren Zeitraum zu wirken. Das bedeutet, dass die Filmkonservierer jetzt schnell in der Umwelt abgebaut werden, wenn sie \u00fcber die Zeit aus der Fassade ausgewaschen werden. Konkret liegt die Halbwertzeit unter drei Tagen (entspricht abbaubaren \u201enicht persistenten Wirkstoffen\u201c gem\u00e4\u00df OECD 308 und 309). Vorausgegangen sind Tests unter freier Bewitterung \u00fcber f\u00fcnf Jahren mit dem Ergebnis, dass die Farben ihre Performance behalten. Die Umstellung gilt f\u00fcr Lotusan Therm und Silicon Therm und ist bereits vollzogen.<\/p>\n<p>&nbsp;<\/p>\n<hr \/>\n<p>&nbsp;<\/p>\n<p><a href=\"http:\/\/www.pr-neu.de\/newsroom\/wordpress\/wp-content\/uploads\/2025\/11\/25_11_Filmkonservierer_K.jpg\" target=\"_blank\" rel=\"noopener\"><img loading=\"lazy\" decoding=\"async\" class=\"aligncenter wp-image-18065 size-medium\" src=\"http:\/\/www.pr-neu.de\/newsroom\/wordpress\/wp-content\/uploads\/2025\/11\/25_11_Filmkonservierer_K-300x200.jpg\" alt=\"\" width=\"300\" height=\"200\" srcset=\"https:\/\/www.pr-neu.de\/newsroom\/wordpress\/wp-content\/uploads\/2025\/11\/25_11_Filmkonservierer_K-300x200.jpg 300w, https:\/\/www.pr-neu.de\/newsroom\/wordpress\/wp-content\/uploads\/2025\/11\/25_11_Filmkonservierer_K-1024x683.jpg 1024w, https:\/\/www.pr-neu.de\/newsroom\/wordpress\/wp-content\/uploads\/2025\/11\/25_11_Filmkonservierer_K-768x512.jpg 768w, https:\/\/www.pr-neu.de\/newsroom\/wordpress\/wp-content\/uploads\/2025\/11\/25_11_Filmkonservierer_K-1536x1025.jpg 1536w, https:\/\/www.pr-neu.de\/newsroom\/wordpress\/wp-content\/uploads\/2025\/11\/25_11_Filmkonservierer_K-2048x1366.jpg 2048w, https:\/\/www.pr-neu.de\/newsroom\/wordpress\/wp-content\/uploads\/2025\/11\/25_11_Filmkonservierer_K-110x73.jpg 110w, https:\/\/www.pr-neu.de\/newsroom\/wordpress\/wp-content\/uploads\/2025\/11\/25_11_Filmkonservierer_K-420x280.jpg 420w, https:\/\/www.pr-neu.de\/newsroom\/wordpress\/wp-content\/uploads\/2025\/11\/25_11_Filmkonservierer_K-645x430.jpg 645w\" sizes=\"auto, (max-width: 300px) 100vw, 300px\" \/><\/a><\/p>\n<p style=\"text-align: center;\"><em>Bild: S\u00fcdwest<\/em><\/p>\n<p>&nbsp;<\/p>\n<hr \/>\n<p>Abdruck honorarfrei. Belegexemplar erbeten.<\/p>\n","protected":false},"excerpt":{"rendered":"<p>S\u00fcdwest Fassadenfarben Mit einer neuen Generation an Filmkonservierern wird der Algen- und Schimmelschutz bei S\u00fcdwest-Fassadenfarben umweltfreundlicher: Die weiterentwickelten Wirkstoffe sind nicht mehr persistent, aber weiterhin verkapselt, um so \u00fcber einen l\u00e4ngeren Zeitraum zu wirken. Das bedeutet, dass die Filmkonservierer jetzt schnell in der Umwelt abgebaut werden, wenn sie \u00fcber die Zeit aus der Fassade ausgewaschen [&hellip;]<\/p>\n","protected":false},"author":9,"featured_media":18065,"comment_status":"closed","ping_status":"open","sticky":false,"template":"","format":"standard","meta":{"footnotes":""},"categories":[661,17],"tags":[],"class_list":["post-18050","post","type-post","status-publish","format-standard","has-post-thumbnail","hentry","category-allgemein","category-sudwest"],"_links":{"self":[{"href":"https:\/\/www.pr-neu.de\/newsroom\/wp-json\/wp\/v2\/posts\/18050","targetHints":{"allow":["GET"]}}],"collection":[{"href":"https:\/\/www.pr-neu.de\/newsroom\/wp-json\/wp\/v2\/posts"}],"about":[{"href":"https:\/\/www.pr-neu.de\/newsroom\/wp-json\/wp\/v2\/types\/post"}],"author":[{"embeddable":true,"href":"https:\/\/www.pr-neu.de\/newsroom\/wp-json\/wp\/v2\/users\/9"}],"replies":[{"embeddable":true,"href":"https:\/\/www.pr-neu.de\/newsroom\/wp-json\/wp\/v2\/comments?post=18050"}],"version-history":[{"count":7,"href":"https:\/\/www.pr-neu.de\/newsroom\/wp-json\/wp\/v2\/posts\/18050\/revisions"}],"predecessor-version":[{"id":18079,"href":"https:\/\/www.pr-neu.de\/newsroom\/wp-json\/wp\/v2\/posts\/18050\/revisions\/18079"}],"wp:featuredmedia":[{"embeddable":true,"href":"https:\/\/www.pr-neu.de\/newsroom\/wp-json\/wp\/v2\/media\/18065"}],"wp:attachment":[{"href":"https:\/\/www.pr-neu.de\/newsroom\/wp-json\/wp\/v2\/media?parent=18050"}],"wp:term":[{"taxonomy":"category","embeddable":true,"href":"https:\/\/www.pr-neu.de\/newsroom\/wp-json\/wp\/v2\/categories?post=18050"},{"taxonomy":"post_tag","embeddable":true,"href":"https:\/\/www.pr-neu.de\/newsroom\/wp-json\/wp\/v2\/tags?post=18050"}],"curies":[{"name":"wp","href":"https:\/\/api.w.org\/{rel}","templated":true}]}}