{"id":18031,"date":"2025-11-17T15:53:01","date_gmt":"2025-11-17T14:53:01","guid":{"rendered":"https:\/\/www.pr-neu.de\/newsroom\/?p=18031"},"modified":"2025-11-17T15:53:21","modified_gmt":"2025-11-17T14:53:21","slug":"kupfer-an-der-fassade-stahl-dahinter","status":"publish","type":"post","link":"https:\/\/www.pr-neu.de\/newsroom\/kupfer-an-der-fassade-stahl-dahinter\/","title":{"rendered":"Kupfer an der Fassade, Stahl dahinter"},"content":{"rendered":"<p><u><br \/>\nVerdeckt entw\u00e4ssert, kupferverkleidet<\/u><\/p>\n<p><strong>Ein Hingucker: Das trifft auf die au\u00dfergew\u00f6hnliche Villa in K\u00f6ln-Rodenkirchen zu. Kubatur und Fassadengestaltung zeigen sich selbstbewusst nach au\u00dfen. Kein einfacher W\u00fcrfel, sondern akzentuierte Teilkuben; keine einfache, wei\u00dfe Standard-Putzfassade, sondern Kupfer-Schindeln, die auf Teilfl\u00e4chen ihre besondere Wirkung entwickeln. F\u00fcr die perfekte Wirkung ist auch wichtig, dass nichts den fl\u00e4chigen Eindruck st\u00f6rt \u2013 noch nicht einmal ein Fallrohr. Diese liegen deshalb hinter der Fassade, im D\u00e4mmsystem. Ebenso unverzichtbar: Die akkurate Handwerksarbeit. Metallfassade und Dach-\/Dachterrassen-Entw\u00e4sserung \u00fcbernahm der Fachbetrieb Nebeler.<\/strong><\/p>\n<p>Ein Zuhause als Kontrapunkt zum 08\/15: Der Neubau in Rodenkirchen zeigt sofort, dass der Bauherr offen und fern von Standards denkt. Optisch steht ein hoher, kupferverkleideter Kubus in einem etwas niedriger gehaltenen, hell verputzten W\u00fcrfel. Zur Stra\u00dfe und zu den Seiten zeigt sich das Bauwerk weitgehend geschlossen, zum Garten hin kommen gro\u00dfe verglaste Fl\u00e4chen hinzu \u2013 sowie ein ausgesparter W\u00fcrfel in der Geb\u00e4udeecke, der so Platz f\u00fcr eine gesch\u00fctzte Terrasse schafft. Schon die Putzfassade zeigt hohen Anspruch: hochglatt, fl\u00e4chig und elegant in einem hell-wei\u00dfen Creme-Ton. Doch in erster Linie bildet sie den Rahmen f\u00fcr die Kupfer-Fassade. Die Schindeln (KME Tecu Classic coated) sind pr\u00e4zise verarbeitet \u2013 bis in die Laibungen hinein. Mit dieser Spannung der ruhigen Putzfassaden und der gl\u00e4nzenden Kupferfl\u00e4chen entsteht der au\u00dfergew\u00f6hnliche Gesamteindruck, das Geb\u00e4ude wirkt aus jedem Winkel anders.<\/p>\n<p>Durch die Wahl der beschichteten Kupferschindeln bleibt diese Optik dauerhaft erhalten: Bei dieser Architektur war die Verwitterung und Bildung einer Patina nicht gew\u00fcnscht, daher fiel die Wahl auf die witterungsunempfindlichen Schindeln, die ihren Kupferglanz dauerhaft behalten. Die Fachhandwerker verlegten sie im Halbversatz auf einer Holzunterkonstruktion.<\/p>\n<p><strong>Verdeckt verlegt: Haupt- und Notentw\u00e4sserung<\/strong><br \/>\nGanz anders als f\u00fcr das Gesamtbauwerk, galt f\u00fcr die Entw\u00e4sserung von Flachdach und Dachterrassen der Leitspruch: \u201eWie Sie sehen, sehen Sie nichts\u201c. Die attraktive Fassade sollte so wenig wie m\u00f6glich in ihrer Homogenit\u00e4t unterbrochen werden, also auch nicht durch Fallrohre.<\/p>\n<p>Die L\u00f6sung: Die gesamte Entw\u00e4sserung liegt unter Putz. F\u00fcr das Geb\u00e4ude sind nur zwei Entw\u00e4sserungspunkte auf dem Flachdach notwendig, die \u00fcber eine Kaskaden-Anordnung auch die Dachterrassen entw\u00e4ssern. Die Fallleitungen liegen in der Fassade, hinter dem Putz. Die einzigen sichtbaren Elemente sind zwei \u201eWuppertaler Blenden\u201c und zwei Notausl\u00e4ufe knapp \u00fcber dem Boden. Die Blenden sind zur Bel\u00fcftung der Fallleitungen notwendig. Hier sind sie im Farbton der Fassade gehalten und fallen so kaum auf. Die Notausl\u00e4ufe entw\u00e4ssern normkonform auf die Freifl\u00e4che, st\u00f6ren aber ebenso kaum den Gesamteindruck der Fassade: Dieses Rohr ist besonders schmal (DN 50) und ragt etwa 25 Zentimeter \u00fcber dem Boden aus der Wand.<\/p>\n<p>Selbst die Abl\u00e4ufe auf den Dachterrassen liegen verborgen unter dem Plattenbelag. Nur die Abl\u00e4ufe auf dem Flachdach sind konventionell montiert. Damit die Entw\u00e4sserung zuverl\u00e4ssig und langlebig funktioniert, fiel die Wahl auf den Werkstoff Stahl mit Systemen von Loro. Es galt zudem, mit relativ schmalen Rohren eine hohen Ablaufleistung zu erreichen. Daf\u00fcr kam ein System mit dr\u00fcckender Freispiegelentw\u00e4sserung zum Einsatz. So gen\u00fcgen Rohre mit 100 Millimeter Durchmesser (DN 100) f\u00fcr die Haupt- und Not-Entw\u00e4sserung.<\/p>\n<p>Auf dem Flachdach sind an zwei Punkten an der Attika Abl\u00e4ufe von Loro verbaut, die in einem Bauteil Haupt- und Notentw\u00e4sserung \u00fcbernehmen: \u201eHaupt-Not-Kombi Duoflux Flach 50 Attikadirektablauf, Serie 43\u201c. Vom Dach geht es mit einem Rohr-in-Rohr-System (\u00e4u\u00dfere Rohrleitung DN 100 als Hauptentw\u00e4sserung, innere Rohrleitung DN 50 als Notentw\u00e4sserung) zu der Dachterrasse. Von dort wird das Wasser mit zwei DN 50 Rohrleitungen vom Dach zum Terrassenablauf unter dem Plattenbelag lang geleitet. Hier nimmt ein Loro-X Quattroflux- Ablauf f\u00fcr die Staffelgeschossentw\u00e4sserung das Niederschlagswasser der Dachterrasse auf und f\u00fchrt dann das Wasser vom Dach und das Wasser der Dachterrasse in zwei Fallrohre \u201eRohr in Rohr\u201c ab (\u00e4u\u00dfere Rohrleitungen DN 100 f\u00fcr die Haupt-, innere Rohrleitungen DN 50 f\u00fcr die Notentw\u00e4sserung). Der Quattroflux vereint also vier getrennte Flie\u00dfwege in einem System (Hauptentw\u00e4sserung von Dach und Dachterrasse sowie Notentw\u00e4sserung von Dach und Dachterrasse).<\/p>\n<p>Da das Entw\u00e4sserungssystem eine bel\u00fcftete Fallleitung ben\u00f6tigt, um seine Funktion zu gew\u00e4hrleisten, aber aufgrund der Optik kein konventionelles Entl\u00fcftungsst\u00fcck gew\u00fcnscht war, fiel die Wahl auf eine \u201eWuppertaler Blende\u201c. Sie steht nur wenige Zentimeter aus der Fassade hervor und ist von unten geschlossen \u2013 das Bel\u00fcftungsloch zeigt nur nach oben. Mit dieser besonders eleganten L\u00f6sung sind auch anspruchsvolle architektonische Ideen realisierbar \u2013 wie bei diesem Geb\u00e4ude. Weiterer positiver Effekt der Bel\u00fcftung: Die Ger\u00e4uschentwicklung ist minimal. Das ist bei Dachterrassen besonders wichtig, da der Raum darunter bewohnt ist.<\/p>\n<p>&nbsp;<\/p>\n<hr \/>\n<p>&nbsp;<\/p>\n<p><strong>Bautafel:<\/strong> Einfamilienhaus, K\u00f6ln-Rodenkirchen<br \/>\n<strong>Architekt:<\/strong> Vidale Schnitzler Architekten, K\u00f6ln<br \/>\n<strong>Projektentwicklung\/Bauleitung:<\/strong> ABSOLUT Projektentwicklung GmbH, K\u00f6ln, Architektin Jennifer Meiners<br \/>\n<strong>Fachhandwerker:<\/strong> Nebeler Bedachungen GmbH, Daun, Stefan Nebeler<br \/>\n<strong>Entw\u00e4sserung:<\/strong> Loro, Bad Gandersheim, Beratung: Stefan Kruska<br \/>\n<strong>Kupferfassade:<\/strong> KME, Osnabr\u00fcck, Beratung: Klempnermeister Michael Giebler<\/p>\n<p>&nbsp;<\/p>\n<hr \/>\n<p>&nbsp;<\/p>\n<p><strong>Zitate:<\/strong><\/p>\n<p style=\"text-align: center;\"><a href=\"http:\/\/www.pr-neu.de\/newsroom\/wordpress\/wp-content\/uploads\/2025\/10\/25-05_Rodenkirchen_20_Stefan_Kruska_K.jpg\" target=\"_blank\" rel=\"noopener\"><img loading=\"lazy\" decoding=\"async\" class=\"aligncenter wp-image-18032 size-medium\" src=\"http:\/\/www.pr-neu.de\/newsroom\/wordpress\/wp-content\/uploads\/2025\/10\/25-05_Rodenkirchen_20_Stefan_Kruska_K-200x300.jpg\" alt=\"\" width=\"200\" height=\"300\" srcset=\"https:\/\/www.pr-neu.de\/newsroom\/wordpress\/wp-content\/uploads\/2025\/10\/25-05_Rodenkirchen_20_Stefan_Kruska_K-200x300.jpg 200w, https:\/\/www.pr-neu.de\/newsroom\/wordpress\/wp-content\/uploads\/2025\/10\/25-05_Rodenkirchen_20_Stefan_Kruska_K-683x1024.jpg 683w, https:\/\/www.pr-neu.de\/newsroom\/wordpress\/wp-content\/uploads\/2025\/10\/25-05_Rodenkirchen_20_Stefan_Kruska_K-768x1152.jpg 768w, https:\/\/www.pr-neu.de\/newsroom\/wordpress\/wp-content\/uploads\/2025\/10\/25-05_Rodenkirchen_20_Stefan_Kruska_K-1024x1536.jpg 1024w, https:\/\/www.pr-neu.de\/newsroom\/wordpress\/wp-content\/uploads\/2025\/10\/25-05_Rodenkirchen_20_Stefan_Kruska_K-1365x2048.jpg 1365w, https:\/\/www.pr-neu.de\/newsroom\/wordpress\/wp-content\/uploads\/2025\/10\/25-05_Rodenkirchen_20_Stefan_Kruska_K-73x110.jpg 73w, https:\/\/www.pr-neu.de\/newsroom\/wordpress\/wp-content\/uploads\/2025\/10\/25-05_Rodenkirchen_20_Stefan_Kruska_K-280x420.jpg 280w, https:\/\/www.pr-neu.de\/newsroom\/wordpress\/wp-content\/uploads\/2025\/10\/25-05_Rodenkirchen_20_Stefan_Kruska_K-287x430.jpg 287w, https:\/\/www.pr-neu.de\/newsroom\/wordpress\/wp-content\/uploads\/2025\/10\/25-05_Rodenkirchen_20_Stefan_Kruska_K.jpg 1600w\" sizes=\"auto, (max-width: 200px) 100vw, 200px\" \/><\/a><br \/>\n<em>\u201eDie Eleganz der Putzfassade entsteht durch den fl\u00e4chigen, weitgehend geschlossenen Aufbau. Mit der Wuppertaler Blende zur Bel\u00fcftung der Fallleitungen ist eine harmonische und technisch ausgereifte L\u00f6sung f\u00fcr die zuverl\u00e4ssige Dachentw\u00e4sserung gefunden worden: Anstelle einer Metallhaube ist es hier ein im Farbton des Fassadenputz\u2018 gehaltenes, kleines Element. Mit dem schmalen DN-50- Rohr ist zudem auch f\u00fcr die Notentw\u00e4sserung eine optisch kaum auffallende Variante realisiert.\u201c Stefan Kruska, Loro, R\u00f6srath<\/em><\/p>\n<p>&nbsp;<\/p>\n<p style=\"text-align: center;\"><a href=\"http:\/\/www.pr-neu.de\/newsroom\/wordpress\/wp-content\/uploads\/2025\/10\/25-05_Rodenkirchen_19_Stefan_Nebeler_K.jpg\" target=\"_blank\" rel=\"noopener\"><img loading=\"lazy\" decoding=\"async\" class=\"aligncenter wp-image-18033 size-medium\" src=\"http:\/\/www.pr-neu.de\/newsroom\/wordpress\/wp-content\/uploads\/2025\/10\/25-05_Rodenkirchen_19_Stefan_Nebeler_K-200x300.jpg\" alt=\"\" width=\"200\" height=\"300\" srcset=\"https:\/\/www.pr-neu.de\/newsroom\/wordpress\/wp-content\/uploads\/2025\/10\/25-05_Rodenkirchen_19_Stefan_Nebeler_K-200x300.jpg 200w, https:\/\/www.pr-neu.de\/newsroom\/wordpress\/wp-content\/uploads\/2025\/10\/25-05_Rodenkirchen_19_Stefan_Nebeler_K-683x1024.jpg 683w, https:\/\/www.pr-neu.de\/newsroom\/wordpress\/wp-content\/uploads\/2025\/10\/25-05_Rodenkirchen_19_Stefan_Nebeler_K-768x1151.jpg 768w, https:\/\/www.pr-neu.de\/newsroom\/wordpress\/wp-content\/uploads\/2025\/10\/25-05_Rodenkirchen_19_Stefan_Nebeler_K-1025x1536.jpg 1025w, https:\/\/www.pr-neu.de\/newsroom\/wordpress\/wp-content\/uploads\/2025\/10\/25-05_Rodenkirchen_19_Stefan_Nebeler_K-1366x2048.jpg 1366w, https:\/\/www.pr-neu.de\/newsroom\/wordpress\/wp-content\/uploads\/2025\/10\/25-05_Rodenkirchen_19_Stefan_Nebeler_K-73x110.jpg 73w, https:\/\/www.pr-neu.de\/newsroom\/wordpress\/wp-content\/uploads\/2025\/10\/25-05_Rodenkirchen_19_Stefan_Nebeler_K-280x420.jpg 280w, https:\/\/www.pr-neu.de\/newsroom\/wordpress\/wp-content\/uploads\/2025\/10\/25-05_Rodenkirchen_19_Stefan_Nebeler_K-287x430.jpg 287w, https:\/\/www.pr-neu.de\/newsroom\/wordpress\/wp-content\/uploads\/2025\/10\/25-05_Rodenkirchen_19_Stefan_Nebeler_K.jpg 1601w\" sizes=\"auto, (max-width: 200px) 100vw, 200px\" \/><\/a><br \/>\n<em>\u201eProjekte, an denen handwerkliches K\u00f6nnen gefragt ist, reizen uns besonders. Die Kupferfassade ist so zu einer repr\u00e4sentativen Referenz geworden \u2013 die Montage der Schindeln ist reine Handarbeit und unser Team hat hier genau darauf geachtet, dass alles passt und die Anschl\u00fcsse sauber und genau eingehalten werden. Die Dach- und Terrassenentw\u00e4sserung ist ebenso sauber ausgef\u00fchrt. Hievon sieht man nur die Entl\u00fcftung und die kleinen Ausl\u00e4sse der Notentw\u00e4sserung.\u201c Dachdeckermeister Stefan Nebeler, Gesch\u00e4ftsf\u00fchrer Nebeler Bedachungen GmbH, Daun<\/em><\/p>\n<p>&nbsp;<\/p>\n<hr \/>\n<p>&nbsp;<\/p>\n<p><strong>Bilder:<\/strong><\/p>\n<p>&nbsp;<\/p>\n<p><a href=\"http:\/\/www.pr-neu.de\/newsroom\/wordpress\/wp-content\/uploads\/2025\/10\/25-05_Rodenkirchen_01_Baukoerper_K.jpg\" target=\"_blank\" rel=\"noopener\"><img loading=\"lazy\" decoding=\"async\" class=\"aligncenter wp-image-18035 size-medium\" src=\"http:\/\/www.pr-neu.de\/newsroom\/wordpress\/wp-content\/uploads\/2025\/10\/25-05_Rodenkirchen_01_Baukoerper_K-300x240.jpg\" alt=\"\" width=\"300\" height=\"240\" srcset=\"https:\/\/www.pr-neu.de\/newsroom\/wordpress\/wp-content\/uploads\/2025\/10\/25-05_Rodenkirchen_01_Baukoerper_K-300x240.jpg 300w, https:\/\/www.pr-neu.de\/newsroom\/wordpress\/wp-content\/uploads\/2025\/10\/25-05_Rodenkirchen_01_Baukoerper_K-1024x819.jpg 1024w, https:\/\/www.pr-neu.de\/newsroom\/wordpress\/wp-content\/uploads\/2025\/10\/25-05_Rodenkirchen_01_Baukoerper_K-768x614.jpg 768w, https:\/\/www.pr-neu.de\/newsroom\/wordpress\/wp-content\/uploads\/2025\/10\/25-05_Rodenkirchen_01_Baukoerper_K-1536x1229.jpg 1536w, https:\/\/www.pr-neu.de\/newsroom\/wordpress\/wp-content\/uploads\/2025\/10\/25-05_Rodenkirchen_01_Baukoerper_K-2048x1638.jpg 2048w, https:\/\/www.pr-neu.de\/newsroom\/wordpress\/wp-content\/uploads\/2025\/10\/25-05_Rodenkirchen_01_Baukoerper_K-110x88.jpg 110w, https:\/\/www.pr-neu.de\/newsroom\/wordpress\/wp-content\/uploads\/2025\/10\/25-05_Rodenkirchen_01_Baukoerper_K-420x336.jpg 420w, https:\/\/www.pr-neu.de\/newsroom\/wordpress\/wp-content\/uploads\/2025\/10\/25-05_Rodenkirchen_01_Baukoerper_K-538x430.jpg 538w\" sizes=\"auto, (max-width: 300px) 100vw, 300px\" \/><\/a><\/p>\n<p><a href=\"http:\/\/www.pr-neu.de\/newsroom\/wordpress\/wp-content\/uploads\/2025\/10\/25-05_Rodenkirchen_06_Baukoerper_K.jpg\" target=\"_blank\" rel=\"noopener\"><img loading=\"lazy\" decoding=\"async\" class=\"aligncenter wp-image-18038 size-medium\" src=\"http:\/\/www.pr-neu.de\/newsroom\/wordpress\/wp-content\/uploads\/2025\/10\/25-05_Rodenkirchen_06_Baukoerper_K-283x300.jpg\" alt=\"\" width=\"283\" height=\"300\" srcset=\"https:\/\/www.pr-neu.de\/newsroom\/wordpress\/wp-content\/uploads\/2025\/10\/25-05_Rodenkirchen_06_Baukoerper_K-283x300.jpg 283w, https:\/\/www.pr-neu.de\/newsroom\/wordpress\/wp-content\/uploads\/2025\/10\/25-05_Rodenkirchen_06_Baukoerper_K-967x1024.jpg 967w, https:\/\/www.pr-neu.de\/newsroom\/wordpress\/wp-content\/uploads\/2025\/10\/25-05_Rodenkirchen_06_Baukoerper_K-768x813.jpg 768w, https:\/\/www.pr-neu.de\/newsroom\/wordpress\/wp-content\/uploads\/2025\/10\/25-05_Rodenkirchen_06_Baukoerper_K-1451x1536.jpg 1451w, https:\/\/www.pr-neu.de\/newsroom\/wordpress\/wp-content\/uploads\/2025\/10\/25-05_Rodenkirchen_06_Baukoerper_K-1935x2048.jpg 1935w, https:\/\/www.pr-neu.de\/newsroom\/wordpress\/wp-content\/uploads\/2025\/10\/25-05_Rodenkirchen_06_Baukoerper_K-104x110.jpg 104w, https:\/\/www.pr-neu.de\/newsroom\/wordpress\/wp-content\/uploads\/2025\/10\/25-05_Rodenkirchen_06_Baukoerper_K-397x420.jpg 397w, https:\/\/www.pr-neu.de\/newsroom\/wordpress\/wp-content\/uploads\/2025\/10\/25-05_Rodenkirchen_06_Baukoerper_K-406x430.jpg 406w\" sizes=\"auto, (max-width: 283px) 100vw, 283px\" \/><\/a><\/p>\n<p><a href=\"http:\/\/www.pr-neu.de\/newsroom\/wordpress\/wp-content\/uploads\/2025\/10\/25-05_Rodenkirchen_05_Baukoerper_K.jpg\" target=\"_blank\" rel=\"noopener\"><img loading=\"lazy\" decoding=\"async\" class=\"aligncenter wp-image-18039 size-medium\" src=\"http:\/\/www.pr-neu.de\/newsroom\/wordpress\/wp-content\/uploads\/2025\/10\/25-05_Rodenkirchen_05_Baukoerper_K-300x296.jpg\" alt=\"\" width=\"300\" height=\"296\" srcset=\"https:\/\/www.pr-neu.de\/newsroom\/wordpress\/wp-content\/uploads\/2025\/10\/25-05_Rodenkirchen_05_Baukoerper_K-300x296.jpg 300w, https:\/\/www.pr-neu.de\/newsroom\/wordpress\/wp-content\/uploads\/2025\/10\/25-05_Rodenkirchen_05_Baukoerper_K-1024x1009.jpg 1024w, https:\/\/www.pr-neu.de\/newsroom\/wordpress\/wp-content\/uploads\/2025\/10\/25-05_Rodenkirchen_05_Baukoerper_K-768x756.jpg 768w, https:\/\/www.pr-neu.de\/newsroom\/wordpress\/wp-content\/uploads\/2025\/10\/25-05_Rodenkirchen_05_Baukoerper_K-1536x1513.jpg 1536w, https:\/\/www.pr-neu.de\/newsroom\/wordpress\/wp-content\/uploads\/2025\/10\/25-05_Rodenkirchen_05_Baukoerper_K-2048x2017.jpg 2048w, https:\/\/www.pr-neu.de\/newsroom\/wordpress\/wp-content\/uploads\/2025\/10\/25-05_Rodenkirchen_05_Baukoerper_K-110x108.jpg 110w, https:\/\/www.pr-neu.de\/newsroom\/wordpress\/wp-content\/uploads\/2025\/10\/25-05_Rodenkirchen_05_Baukoerper_K-420x414.jpg 420w, https:\/\/www.pr-neu.de\/newsroom\/wordpress\/wp-content\/uploads\/2025\/10\/25-05_Rodenkirchen_05_Baukoerper_K-437x430.jpg 437w\" sizes=\"auto, (max-width: 300px) 100vw, 300px\" \/><\/a><\/p>\n<p style=\"text-align: center;\"><em>Beeindruckender Bauk\u00f6rper: Der Kupfer-Kubus wirkt wie in den Putzbau hinein gestellt. Zum Garten hin zeigt sich der Bau offen.<\/em><\/p>\n<p>&nbsp;<\/p>\n<p>&nbsp;<\/p>\n<p><a href=\"http:\/\/www.pr-neu.de\/newsroom\/wordpress\/wp-content\/uploads\/2025\/10\/25-05_Rodenkirchen_07_Kupferfassade_K.jpg\" target=\"_blank\" rel=\"noopener\"><img loading=\"lazy\" decoding=\"async\" class=\"aligncenter wp-image-18040 size-medium\" src=\"http:\/\/www.pr-neu.de\/newsroom\/wordpress\/wp-content\/uploads\/2025\/10\/25-05_Rodenkirchen_07_Kupferfassade_K-300x200.jpg\" alt=\"\" width=\"300\" height=\"200\" srcset=\"https:\/\/www.pr-neu.de\/newsroom\/wordpress\/wp-content\/uploads\/2025\/10\/25-05_Rodenkirchen_07_Kupferfassade_K-300x200.jpg 300w, https:\/\/www.pr-neu.de\/newsroom\/wordpress\/wp-content\/uploads\/2025\/10\/25-05_Rodenkirchen_07_Kupferfassade_K-1024x683.jpg 1024w, https:\/\/www.pr-neu.de\/newsroom\/wordpress\/wp-content\/uploads\/2025\/10\/25-05_Rodenkirchen_07_Kupferfassade_K-768x512.jpg 768w, https:\/\/www.pr-neu.de\/newsroom\/wordpress\/wp-content\/uploads\/2025\/10\/25-05_Rodenkirchen_07_Kupferfassade_K-1536x1024.jpg 1536w, https:\/\/www.pr-neu.de\/newsroom\/wordpress\/wp-content\/uploads\/2025\/10\/25-05_Rodenkirchen_07_Kupferfassade_K-2048x1365.jpg 2048w, https:\/\/www.pr-neu.de\/newsroom\/wordpress\/wp-content\/uploads\/2025\/10\/25-05_Rodenkirchen_07_Kupferfassade_K-110x73.jpg 110w, https:\/\/www.pr-neu.de\/newsroom\/wordpress\/wp-content\/uploads\/2025\/10\/25-05_Rodenkirchen_07_Kupferfassade_K-420x280.jpg 420w, https:\/\/www.pr-neu.de\/newsroom\/wordpress\/wp-content\/uploads\/2025\/10\/25-05_Rodenkirchen_07_Kupferfassade_K-645x430.jpg 645w\" sizes=\"auto, (max-width: 300px) 100vw, 300px\" \/><\/a><\/p>\n<p><a href=\"http:\/\/www.pr-neu.de\/newsroom\/wordpress\/wp-content\/uploads\/2025\/10\/25-05_Rodenkirchen_09_Kupferfassade_K.jpg\" target=\"_blank\" rel=\"noopener\"><img loading=\"lazy\" decoding=\"async\" class=\"aligncenter wp-image-18041 size-medium\" src=\"http:\/\/www.pr-neu.de\/newsroom\/wordpress\/wp-content\/uploads\/2025\/10\/25-05_Rodenkirchen_09_Kupferfassade_K-200x300.jpg\" alt=\"\" width=\"200\" height=\"300\" srcset=\"https:\/\/www.pr-neu.de\/newsroom\/wordpress\/wp-content\/uploads\/2025\/10\/25-05_Rodenkirchen_09_Kupferfassade_K-200x300.jpg 200w, https:\/\/www.pr-neu.de\/newsroom\/wordpress\/wp-content\/uploads\/2025\/10\/25-05_Rodenkirchen_09_Kupferfassade_K-683x1024.jpg 683w, https:\/\/www.pr-neu.de\/newsroom\/wordpress\/wp-content\/uploads\/2025\/10\/25-05_Rodenkirchen_09_Kupferfassade_K-768x1151.jpg 768w, https:\/\/www.pr-neu.de\/newsroom\/wordpress\/wp-content\/uploads\/2025\/10\/25-05_Rodenkirchen_09_Kupferfassade_K-1025x1536.jpg 1025w, https:\/\/www.pr-neu.de\/newsroom\/wordpress\/wp-content\/uploads\/2025\/10\/25-05_Rodenkirchen_09_Kupferfassade_K-1366x2048.jpg 1366w, https:\/\/www.pr-neu.de\/newsroom\/wordpress\/wp-content\/uploads\/2025\/10\/25-05_Rodenkirchen_09_Kupferfassade_K-73x110.jpg 73w, https:\/\/www.pr-neu.de\/newsroom\/wordpress\/wp-content\/uploads\/2025\/10\/25-05_Rodenkirchen_09_Kupferfassade_K-280x420.jpg 280w, https:\/\/www.pr-neu.de\/newsroom\/wordpress\/wp-content\/uploads\/2025\/10\/25-05_Rodenkirchen_09_Kupferfassade_K-287x430.jpg 287w, https:\/\/www.pr-neu.de\/newsroom\/wordpress\/wp-content\/uploads\/2025\/10\/25-05_Rodenkirchen_09_Kupferfassade_K.jpg 1601w\" sizes=\"auto, (max-width: 200px) 100vw, 200px\" \/><\/a><\/p>\n<p style=\"text-align: center;\"><a href=\"http:\/\/www.pr-neu.de\/newsroom\/wordpress\/wp-content\/uploads\/2025\/10\/25-05_Rodenkirchen_10_Kupferfassade_K.jpg\" target=\"_blank\" rel=\"noopener\"><img loading=\"lazy\" decoding=\"async\" class=\"aligncenter wp-image-18042 size-medium\" src=\"http:\/\/www.pr-neu.de\/newsroom\/wordpress\/wp-content\/uploads\/2025\/10\/25-05_Rodenkirchen_10_Kupferfassade_K-225x300.jpg\" alt=\"\" width=\"225\" height=\"300\" srcset=\"https:\/\/www.pr-neu.de\/newsroom\/wordpress\/wp-content\/uploads\/2025\/10\/25-05_Rodenkirchen_10_Kupferfassade_K-225x300.jpg 225w, https:\/\/www.pr-neu.de\/newsroom\/wordpress\/wp-content\/uploads\/2025\/10\/25-05_Rodenkirchen_10_Kupferfassade_K-768x1024.jpg 768w, https:\/\/www.pr-neu.de\/newsroom\/wordpress\/wp-content\/uploads\/2025\/10\/25-05_Rodenkirchen_10_Kupferfassade_K-1152x1536.jpg 1152w, https:\/\/www.pr-neu.de\/newsroom\/wordpress\/wp-content\/uploads\/2025\/10\/25-05_Rodenkirchen_10_Kupferfassade_K-1536x2048.jpg 1536w, https:\/\/www.pr-neu.de\/newsroom\/wordpress\/wp-content\/uploads\/2025\/10\/25-05_Rodenkirchen_10_Kupferfassade_K-83x110.jpg 83w, https:\/\/www.pr-neu.de\/newsroom\/wordpress\/wp-content\/uploads\/2025\/10\/25-05_Rodenkirchen_10_Kupferfassade_K-315x420.jpg 315w, https:\/\/www.pr-neu.de\/newsroom\/wordpress\/wp-content\/uploads\/2025\/10\/25-05_Rodenkirchen_10_Kupferfassade_K-323x430.jpg 323w, https:\/\/www.pr-neu.de\/newsroom\/wordpress\/wp-content\/uploads\/2025\/10\/25-05_Rodenkirchen_10_Kupferfassade_K.jpg 1800w\" sizes=\"auto, (max-width: 225px) 100vw, 225px\" \/><\/a><\/p>\n<p style=\"text-align: center;\"><em>Damit die Kupferfassade ihre volle Wirkung entfalten kann, war h\u00f6chste Akkuratesse bei der Verarbeitung gefragt \u2013 insbesondere bei den Anschl\u00fcssen.<\/em><\/p>\n<p>&nbsp;<\/p>\n<p><a href=\"http:\/\/www.pr-neu.de\/newsroom\/wordpress\/wp-content\/uploads\/2025\/10\/25-05_Rodenkirchen_14_Wuppertaler_Blende_K.jpg\" target=\"_blank\" rel=\"noopener\"><img loading=\"lazy\" decoding=\"async\" class=\"aligncenter wp-image-18043 size-medium\" src=\"http:\/\/www.pr-neu.de\/newsroom\/wordpress\/wp-content\/uploads\/2025\/10\/25-05_Rodenkirchen_14_Wuppertaler_Blende_K-300x200.jpg\" alt=\"\" width=\"300\" height=\"200\" srcset=\"https:\/\/www.pr-neu.de\/newsroom\/wordpress\/wp-content\/uploads\/2025\/10\/25-05_Rodenkirchen_14_Wuppertaler_Blende_K-300x200.jpg 300w, https:\/\/www.pr-neu.de\/newsroom\/wordpress\/wp-content\/uploads\/2025\/10\/25-05_Rodenkirchen_14_Wuppertaler_Blende_K-1024x683.jpg 1024w, https:\/\/www.pr-neu.de\/newsroom\/wordpress\/wp-content\/uploads\/2025\/10\/25-05_Rodenkirchen_14_Wuppertaler_Blende_K-768x512.jpg 768w, https:\/\/www.pr-neu.de\/newsroom\/wordpress\/wp-content\/uploads\/2025\/10\/25-05_Rodenkirchen_14_Wuppertaler_Blende_K-1536x1024.jpg 1536w, https:\/\/www.pr-neu.de\/newsroom\/wordpress\/wp-content\/uploads\/2025\/10\/25-05_Rodenkirchen_14_Wuppertaler_Blende_K-2048x1365.jpg 2048w, https:\/\/www.pr-neu.de\/newsroom\/wordpress\/wp-content\/uploads\/2025\/10\/25-05_Rodenkirchen_14_Wuppertaler_Blende_K-110x73.jpg 110w, https:\/\/www.pr-neu.de\/newsroom\/wordpress\/wp-content\/uploads\/2025\/10\/25-05_Rodenkirchen_14_Wuppertaler_Blende_K-420x280.jpg 420w, https:\/\/www.pr-neu.de\/newsroom\/wordpress\/wp-content\/uploads\/2025\/10\/25-05_Rodenkirchen_14_Wuppertaler_Blende_K-645x430.jpg 645w\" sizes=\"auto, (max-width: 300px) 100vw, 300px\" \/><\/a><\/p>\n<p><a href=\"http:\/\/www.pr-neu.de\/newsroom\/wordpress\/wp-content\/uploads\/2025\/10\/25-05_Rodenkirchen_15_Wuppertaler_Blende_K.jpg\" target=\"_blank\" rel=\"noopener\"><img loading=\"lazy\" decoding=\"async\" class=\"aligncenter wp-image-18046 size-medium\" src=\"http:\/\/www.pr-neu.de\/newsroom\/wordpress\/wp-content\/uploads\/2025\/10\/25-05_Rodenkirchen_15_Wuppertaler_Blende_K-300x200.jpg\" alt=\"\" width=\"300\" height=\"200\" srcset=\"https:\/\/www.pr-neu.de\/newsroom\/wordpress\/wp-content\/uploads\/2025\/10\/25-05_Rodenkirchen_15_Wuppertaler_Blende_K-300x200.jpg 300w, https:\/\/www.pr-neu.de\/newsroom\/wordpress\/wp-content\/uploads\/2025\/10\/25-05_Rodenkirchen_15_Wuppertaler_Blende_K-1024x683.jpg 1024w, https:\/\/www.pr-neu.de\/newsroom\/wordpress\/wp-content\/uploads\/2025\/10\/25-05_Rodenkirchen_15_Wuppertaler_Blende_K-768x512.jpg 768w, https:\/\/www.pr-neu.de\/newsroom\/wordpress\/wp-content\/uploads\/2025\/10\/25-05_Rodenkirchen_15_Wuppertaler_Blende_K-1536x1025.jpg 1536w, https:\/\/www.pr-neu.de\/newsroom\/wordpress\/wp-content\/uploads\/2025\/10\/25-05_Rodenkirchen_15_Wuppertaler_Blende_K-2048x1366.jpg 2048w, https:\/\/www.pr-neu.de\/newsroom\/wordpress\/wp-content\/uploads\/2025\/10\/25-05_Rodenkirchen_15_Wuppertaler_Blende_K-110x73.jpg 110w, https:\/\/www.pr-neu.de\/newsroom\/wordpress\/wp-content\/uploads\/2025\/10\/25-05_Rodenkirchen_15_Wuppertaler_Blende_K-420x280.jpg 420w, https:\/\/www.pr-neu.de\/newsroom\/wordpress\/wp-content\/uploads\/2025\/10\/25-05_Rodenkirchen_15_Wuppertaler_Blende_K-645x430.jpg 645w\" sizes=\"auto, (max-width: 300px) 100vw, 300px\" \/><\/a><\/p>\n<p style=\"text-align: center;\"><em>Damit die Entw\u00e4sserung das Fassadenbild nicht st\u00f6rt, verlaufen die Fallleitungen hinter der Fassade. Nur f\u00fcr die Entl\u00fcftung der Rohre ist ein Durchbruch notwendig. Dies ist elegant mit einer \u201eWuppertaler Blende\u201c im Farbton des Fassadenputzes gel\u00f6st. Von unten ist die Blende geschlossen und f\u00fcgt sich so harmonisch in die Fl\u00e4che ein.<\/em><\/p>\n<p>&nbsp;<\/p>\n<p><a href=\"http:\/\/www.pr-neu.de\/newsroom\/wordpress\/wp-content\/uploads\/2025\/10\/25-05_Rodenkirchen_16_Notentwaesserung_K.jpg\" target=\"_blank\" rel=\"noopener\"><img loading=\"lazy\" decoding=\"async\" class=\"aligncenter wp-image-18045 size-medium\" src=\"http:\/\/www.pr-neu.de\/newsroom\/wordpress\/wp-content\/uploads\/2025\/10\/25-05_Rodenkirchen_16_Notentwaesserung_K-300x200.jpg\" alt=\"\" width=\"300\" height=\"200\" srcset=\"https:\/\/www.pr-neu.de\/newsroom\/wordpress\/wp-content\/uploads\/2025\/10\/25-05_Rodenkirchen_16_Notentwaesserung_K-300x200.jpg 300w, https:\/\/www.pr-neu.de\/newsroom\/wordpress\/wp-content\/uploads\/2025\/10\/25-05_Rodenkirchen_16_Notentwaesserung_K-1024x683.jpg 1024w, https:\/\/www.pr-neu.de\/newsroom\/wordpress\/wp-content\/uploads\/2025\/10\/25-05_Rodenkirchen_16_Notentwaesserung_K-768x512.jpg 768w, https:\/\/www.pr-neu.de\/newsroom\/wordpress\/wp-content\/uploads\/2025\/10\/25-05_Rodenkirchen_16_Notentwaesserung_K-1536x1024.jpg 1536w, https:\/\/www.pr-neu.de\/newsroom\/wordpress\/wp-content\/uploads\/2025\/10\/25-05_Rodenkirchen_16_Notentwaesserung_K-2048x1365.jpg 2048w, https:\/\/www.pr-neu.de\/newsroom\/wordpress\/wp-content\/uploads\/2025\/10\/25-05_Rodenkirchen_16_Notentwaesserung_K-110x73.jpg 110w, https:\/\/www.pr-neu.de\/newsroom\/wordpress\/wp-content\/uploads\/2025\/10\/25-05_Rodenkirchen_16_Notentwaesserung_K-420x280.jpg 420w, https:\/\/www.pr-neu.de\/newsroom\/wordpress\/wp-content\/uploads\/2025\/10\/25-05_Rodenkirchen_16_Notentwaesserung_K-645x430.jpg 645w\" sizes=\"auto, (max-width: 300px) 100vw, 300px\" \/><\/a><\/p>\n<p style=\"text-align: center;\"><em>Minimaler Fassadendurchbruch f\u00fcr die Notentw\u00e4sserung mit einem schmalen DN-50-Rohr.<\/em><\/p>\n<p>&nbsp;<\/p>\n<p><a href=\"http:\/\/www.pr-neu.de\/newsroom\/wordpress\/wp-content\/uploads\/2025\/10\/25-05_Rodenkirchen_18_Abfluss_K.jpg\" target=\"_blank\" rel=\"noopener\"><img loading=\"lazy\" decoding=\"async\" class=\"aligncenter wp-image-18044 size-medium\" src=\"http:\/\/www.pr-neu.de\/newsroom\/wordpress\/wp-content\/uploads\/2025\/10\/25-05_Rodenkirchen_18_Abfluss_K-300x225.jpg\" alt=\"\" width=\"300\" height=\"225\" srcset=\"https:\/\/www.pr-neu.de\/newsroom\/wordpress\/wp-content\/uploads\/2025\/10\/25-05_Rodenkirchen_18_Abfluss_K-300x225.jpg 300w, https:\/\/www.pr-neu.de\/newsroom\/wordpress\/wp-content\/uploads\/2025\/10\/25-05_Rodenkirchen_18_Abfluss_K-1024x768.jpg 1024w, https:\/\/www.pr-neu.de\/newsroom\/wordpress\/wp-content\/uploads\/2025\/10\/25-05_Rodenkirchen_18_Abfluss_K-768x576.jpg 768w, https:\/\/www.pr-neu.de\/newsroom\/wordpress\/wp-content\/uploads\/2025\/10\/25-05_Rodenkirchen_18_Abfluss_K-1536x1152.jpg 1536w, https:\/\/www.pr-neu.de\/newsroom\/wordpress\/wp-content\/uploads\/2025\/10\/25-05_Rodenkirchen_18_Abfluss_K-2048x1536.jpg 2048w, https:\/\/www.pr-neu.de\/newsroom\/wordpress\/wp-content\/uploads\/2025\/10\/25-05_Rodenkirchen_18_Abfluss_K-110x83.jpg 110w, https:\/\/www.pr-neu.de\/newsroom\/wordpress\/wp-content\/uploads\/2025\/10\/25-05_Rodenkirchen_18_Abfluss_K-420x315.jpg 420w, https:\/\/www.pr-neu.de\/newsroom\/wordpress\/wp-content\/uploads\/2025\/10\/25-05_Rodenkirchen_18_Abfluss_K-573x430.jpg 573w\" sizes=\"auto, (max-width: 300px) 100vw, 300px\" \/><\/a><\/p>\n<p style=\"text-align: center;\"><em>Auf dem nicht einsehbaren Flachdach geht es um (Abfluss-)Leistung. Durch die Wahl der Loro-Duofux-Attika- Direktabl\u00e4ufe gen\u00fcgen zwei Ablaufpunkte, um die gesamte Fl\u00e4che sicher zu entw\u00e4ssern.<\/em><\/p>\n<p>&nbsp;<\/p>\n<hr \/>\n<p>Abdruck frei, Beleg erbeten<\/p>\n","protected":false},"excerpt":{"rendered":"<p>Verdeckt entw\u00e4ssert, kupferverkleidet Ein Hingucker: Das trifft auf die au\u00dfergew\u00f6hnliche Villa in K\u00f6ln-Rodenkirchen zu. Kubatur und Fassadengestaltung zeigen sich selbstbewusst nach au\u00dfen. Kein einfacher W\u00fcrfel, sondern akzentuierte Teilkuben; keine einfache, wei\u00dfe Standard-Putzfassade, sondern Kupfer-Schindeln, die auf Teilfl\u00e4chen ihre besondere Wirkung entwickeln. F\u00fcr die perfekte Wirkung ist auch wichtig, dass nichts den fl\u00e4chigen Eindruck st\u00f6rt \u2013 [&hellip;]<\/p>\n","protected":false},"author":9,"featured_media":18039,"comment_status":"closed","ping_status":"open","sticky":false,"template":"","format":"standard","meta":{"footnotes":""},"categories":[661,1531],"tags":[],"class_list":["post-18031","post","type-post","status-publish","format-standard","has-post-thumbnail","hentry","category-allgemein","category-loro"],"_links":{"self":[{"href":"https:\/\/www.pr-neu.de\/newsroom\/wp-json\/wp\/v2\/posts\/18031","targetHints":{"allow":["GET"]}}],"collection":[{"href":"https:\/\/www.pr-neu.de\/newsroom\/wp-json\/wp\/v2\/posts"}],"about":[{"href":"https:\/\/www.pr-neu.de\/newsroom\/wp-json\/wp\/v2\/types\/post"}],"author":[{"embeddable":true,"href":"https:\/\/www.pr-neu.de\/newsroom\/wp-json\/wp\/v2\/users\/9"}],"replies":[{"embeddable":true,"href":"https:\/\/www.pr-neu.de\/newsroom\/wp-json\/wp\/v2\/comments?post=18031"}],"version-history":[{"count":4,"href":"https:\/\/www.pr-neu.de\/newsroom\/wp-json\/wp\/v2\/posts\/18031\/revisions"}],"predecessor-version":[{"id":18048,"href":"https:\/\/www.pr-neu.de\/newsroom\/wp-json\/wp\/v2\/posts\/18031\/revisions\/18048"}],"wp:featuredmedia":[{"embeddable":true,"href":"https:\/\/www.pr-neu.de\/newsroom\/wp-json\/wp\/v2\/media\/18039"}],"wp:attachment":[{"href":"https:\/\/www.pr-neu.de\/newsroom\/wp-json\/wp\/v2\/media?parent=18031"}],"wp:term":[{"taxonomy":"category","embeddable":true,"href":"https:\/\/www.pr-neu.de\/newsroom\/wp-json\/wp\/v2\/categories?post=18031"},{"taxonomy":"post_tag","embeddable":true,"href":"https:\/\/www.pr-neu.de\/newsroom\/wp-json\/wp\/v2\/tags?post=18031"}],"curies":[{"name":"wp","href":"https:\/\/api.w.org\/{rel}","templated":true}]}}