{"id":1800,"date":"2013-03-04T08:41:39","date_gmt":"2013-03-04T08:41:39","guid":{"rendered":"http:\/\/www.pr-nord.de\/newsroom\/?p=1800"},"modified":"2020-05-29T09:39:50","modified_gmt":"2020-05-29T07:39:50","slug":"vom-fullstoff-zum-funktionsstoff","status":"publish","type":"post","link":"https:\/\/www.pr-neu.de\/newsroom\/vom-fullstoff-zum-funktionsstoff\/","title":{"rendered":"Vom F\u00fcllstoff zum Funktionsstoff"},"content":{"rendered":"<table border=\"0\" width=\"520\" cellspacing=\"0\" cellpadding=\"0\">\n<tbody>\n<tr>\n<td><u>iQolor \u2013 INTELLIGENT COLOR Fassadenfarben bilden ihren Hauptnutzen erst nach der Applikation aus <\/u><\/p>\n<p><strong>Vom F\u00fcllstoff zum Funktionsstoff<\/strong><\/p>\n<p><strong>Niemand ordnet seinen Werkzeugkasten nach der Legierung der St\u00e4hle, sondern nach den Aufgaben, welche die Ger\u00e4tschaften zu erf\u00fcllen haben. Das gilt jetzt auch f\u00fcr Fassadenfarben. Aus historischen Gr\u00fcnden wurden diese fr\u00fcher anhand ihrer Bindemittel unterschieden, inzwischen treten jedoch die F\u00fcllstoffe in den Vordergrund, da immer mehr Produkteigenschaften von ihrer Wahl abh\u00e4ngen. Unter der Bezeichnung \u201eiQolor \u2013 INTELLIGENT COLOR\u201c ordnet die Sto AG ihre wichtigsten Fassadenfarben nach deren Funktion.<\/strong><\/p>\n<p>In der Vergangenheit galten F\u00fcllstoffe als nebens\u00e4chlich, als Bestandteile von Farben, die allenfalls f\u00fcr eine ausreichende Schichtdicke des Trockenfilms sorgten. Inzwischen hat sich ihre Bedeutung stark ver\u00e4ndert, da sie f\u00fcr immer mehr Produkteigenschaften verantwortlich sind. So wie bei Lotusan. Bei der Fassadenfarbe mit der Lotus-Effekt-Technologie bilden die exakt aufeinander abgestimmten F\u00fcllstoff-Komponenten jene Oberfl\u00e4chenstruktur aus, die f\u00fcr die hervorragende Verschmutzungsresistenz sorgt. Und weil diese Struktur selbstst\u00e4ndig w\u00e4hrend des Trocknungsvorgangs entsteht, spricht man auch von \u201eintelligenter Farbe\u201c. Das hei\u00dft, die Farbe bildet ihren Hauptnutzen erst nach der Applikation aus \u2013 die Oberfl\u00e4che stabilisiert und organisiert sich zielgerichtet.<\/p>\n<p><strong>Vom F\u00fcllstoff \u2026<\/strong><\/p>\n<p>\u201eF\u00fcllstoffe werden k\u00fcnftig immer h\u00e4ufiger neuartige Funktionen in die Farbe bringen\u201c, erkl\u00e4rt Frank Zippenfennig, zust\u00e4ndig f\u00fcr Fassadenbeschichtungen im deutschen Produktmanagement der Sto AG. \u201eDurch den Einsatz dieser Funktionsstoffe k\u00f6nnen wir die zentralen Eigenschaften von Fassadenfarben k\u00fcnftig besser steuern als dies nur \u00fcber das Bindemittel m\u00f6glich w\u00e4re.\u201c Schlie\u00dflich stellen Funktionsstoffe bis zu 80 Prozent der Trockenmasse einer Fassadenfarbe und sind in der gesamten Schicht verteilt. Ohne sie k\u00e4me beispielsweise die Brillanz der Pigmente nicht so gut zur Geltung, w\u00fcrde die Wetterbest\u00e4ndigkeit abnehmen und der Schutz der Bausubstanz schw\u00e4cher ausfallen.<\/p>\n<p><strong>\u2026 zum Funktionsstoff<\/strong><\/p>\n<p>Innovative Fassadenfarben beziehen ihr Potenzial also vor allem aus der Verwendung neuartiger Funktionsstoffe, die nicht nur f\u00fcr Schichtvolumen sorgen, sondern die Farben mit zus\u00e4tzlichen Eigenschaften ausr\u00fcsten. \u201eEntscheidend ist letztlich die Kombination der Stoffe zu einem Gesamtpaket, das die traditionellen mit den innovativen Aufgaben vereint\u201c, so Frank Zippenfennig. \u201eIhre Mengenanteile in der Rezeptur m\u00fcssen exakt abgestimmt sein. Das ist eine der Kernkompetenzen unserer Entwicklungsabteilung.\u201c In den Sto-Labors wird darum st\u00e4ndig an neuen Eigenschaften und Qualit\u00e4ten gefeilt.<\/p>\n<p><strong>\u201eIntelligente Farben\u201c setzen neue Ma\u00dfst\u00e4be<\/strong><\/p>\n<p>Der von Sto eingel\u00e4utete Paradigmenwechsel wird in den kommenden Monaten und Jahren unter der Bezeichnung iQolor \u2013 INTELLIGENT COLOR zu zahlreichen neuen Farbqualit\u00e4ten mit funktionalen Antworten auf unterschiedliche Marktanforderungen f\u00fchren. Aktuell stehen derart klassifizierte Fassadenfarben in drei Kategorien zur Verf\u00fcgung:<\/p>\n<p>oberfl\u00e4chenaktiv und funktional \u2013 Farben dieser Kategorie verf\u00fcgen \u00fcber Oberfl\u00e4chenfunktionen, die den Bauk\u00f6rper aktiv sch\u00fctzen und sauber halten. Lotusan und Lotusan G zum Beispiel stehen f\u00fcr Selbstreinigung bei Regen. StoColor X-black reflektiert gro\u00dfe Teile des Nah-Infrarot-Bereichs des Sonnenlichts und wirkt so als Hitzeschild gegen solare Aufheizung, besonders bei niedrigen Hellbezugswerten.<\/p>\n<p>brillant und farbtonintensiv \u2013 In dieser Familie findet sich beispielsweise StoColor Royal wieder \u2013 eine Fassadenfarbe, mit der sich intensive Buntt\u00f6ne langfristig farbtonstabil umsetzen lassen.<\/p>\n<p>robust und zuverl\u00e4ssig \u2013 Unter diesem Stichwort sind bew\u00e4hrte Vielf\u00e4ltigkeitsk\u00fcnstler versammelt. StoColor Silco, StoColor Silco G und StoColor Silco QS verf\u00fcgen \u00fcber einen breiten Anwendungsbereich und punkten bez\u00fcglich Wasserabweisung, Haftf\u00e4higkeit, Dauerhaftigkeit und Verarbeitung.<\/p>\n<p>&nbsp;<\/p>\n<hr noshade=\"noshade\" size=\"1\" \/>\n<p>&nbsp;<\/p>\n<table border=\"0\" width=\"520\" cellspacing=\"0\" cellpadding=\"0\">\n<tbody>\n<tr>\n<td valign=\"top\" width=\"370\" height=\"25\"><a href=\"http:\/\/www.pr-neu.de\/newsroom\/wordpress\/wp-content\/uploads\/2013\/03\/13-02-iQolor_1_G.jpg\"><img loading=\"lazy\" decoding=\"async\" class=\"size-medium wp-image-13395\" src=\"http:\/\/www.pr-neu.de\/newsroom\/wordpress\/wp-content\/uploads\/2013\/03\/13-02-iQolor_1_G-300x210.jpg\" alt=\"\" width=\"300\" height=\"210\" srcset=\"https:\/\/www.pr-neu.de\/newsroom\/wordpress\/wp-content\/uploads\/2013\/03\/13-02-iQolor_1_G-300x210.jpg 300w, https:\/\/www.pr-neu.de\/newsroom\/wordpress\/wp-content\/uploads\/2013\/03\/13-02-iQolor_1_G-1024x717.jpg 1024w, https:\/\/www.pr-neu.de\/newsroom\/wordpress\/wp-content\/uploads\/2013\/03\/13-02-iQolor_1_G-768x538.jpg 768w, https:\/\/www.pr-neu.de\/newsroom\/wordpress\/wp-content\/uploads\/2013\/03\/13-02-iQolor_1_G-110x77.jpg 110w, https:\/\/www.pr-neu.de\/newsroom\/wordpress\/wp-content\/uploads\/2013\/03\/13-02-iQolor_1_G-420x294.jpg 420w, https:\/\/www.pr-neu.de\/newsroom\/wordpress\/wp-content\/uploads\/2013\/03\/13-02-iQolor_1_G-614x430.jpg 614w, https:\/\/www.pr-neu.de\/newsroom\/wordpress\/wp-content\/uploads\/2013\/03\/13-02-iQolor_1_G.jpg 1500w\" sizes=\"auto, (max-width: 300px) 100vw, 300px\" \/><\/a><\/td>\n<td colspan=\"3\" height=\"21\">Superhydrophob dank perfekt abgestimmter Bestandteile: Mit der \u00dcbertragung des nat\u00fcrlichen Lotus-Effekts auf die Fassadenfarbe Lotusan begann der Aufstieg der F\u00fcllstoffe zum Funktionsstoff.<\/p>\n<p>Bild: Sto AG<\/td>\n<\/tr>\n<tr>\n<td valign=\"top\" width=\"370\" height=\"25\"><a href=\"http:\/\/www.pr-neu.de\/newsroom\/wordpress\/wp-content\/uploads\/2013\/03\/13-02-iQolor_2_G.jpg\"><img loading=\"lazy\" decoding=\"async\" class=\"size-medium wp-image-13396\" src=\"http:\/\/www.pr-neu.de\/newsroom\/wordpress\/wp-content\/uploads\/2013\/03\/13-02-iQolor_2_G-300x201.jpg\" alt=\"\" width=\"300\" height=\"201\" srcset=\"https:\/\/www.pr-neu.de\/newsroom\/wordpress\/wp-content\/uploads\/2013\/03\/13-02-iQolor_2_G-300x201.jpg 300w, https:\/\/www.pr-neu.de\/newsroom\/wordpress\/wp-content\/uploads\/2013\/03\/13-02-iQolor_2_G-1024x687.jpg 1024w, https:\/\/www.pr-neu.de\/newsroom\/wordpress\/wp-content\/uploads\/2013\/03\/13-02-iQolor_2_G-768x516.jpg 768w, https:\/\/www.pr-neu.de\/newsroom\/wordpress\/wp-content\/uploads\/2013\/03\/13-02-iQolor_2_G-1536x1031.jpg 1536w, https:\/\/www.pr-neu.de\/newsroom\/wordpress\/wp-content\/uploads\/2013\/03\/13-02-iQolor_2_G-110x74.jpg 110w, https:\/\/www.pr-neu.de\/newsroom\/wordpress\/wp-content\/uploads\/2013\/03\/13-02-iQolor_2_G-420x282.jpg 420w, https:\/\/www.pr-neu.de\/newsroom\/wordpress\/wp-content\/uploads\/2013\/03\/13-02-iQolor_2_G-641x430.jpg 641w, https:\/\/www.pr-neu.de\/newsroom\/wordpress\/wp-content\/uploads\/2013\/03\/13-02-iQolor_2_G.jpg 1795w\" sizes=\"auto, (max-width: 300px) 100vw, 300px\" \/><\/a><\/td>\n<td colspan=\"3\" height=\"21\">StoColor X-black reflektiert Nah-Infrarotstrahlung und h\u00e4lt darum auch dunkle Oberfl\u00e4chen deutlich k\u00fchler als herk\u00f6mmliche Fassadenfarben. Auch die sogenannte NIR-Pigmenttechnologie basiert auf einem ausgewogenen Funktionsstoff-Mix.<\/p>\n<p>Bild: Sto AG<\/td>\n<\/tr>\n<tr>\n<td valign=\"top\" width=\"370\" height=\"25\"><a href=\"http:\/\/www.pr-neu.de\/newsroom\/wordpress\/wp-content\/uploads\/2013\/03\/13-02-Zippenfennig_G.jpg\"><img loading=\"lazy\" decoding=\"async\" class=\"size-medium wp-image-13397\" src=\"http:\/\/www.pr-neu.de\/newsroom\/wordpress\/wp-content\/uploads\/2013\/03\/13-02-Zippenfennig_G-300x201.jpg\" alt=\"\" width=\"300\" height=\"201\" srcset=\"https:\/\/www.pr-neu.de\/newsroom\/wordpress\/wp-content\/uploads\/2013\/03\/13-02-Zippenfennig_G-300x201.jpg 300w, https:\/\/www.pr-neu.de\/newsroom\/wordpress\/wp-content\/uploads\/2013\/03\/13-02-Zippenfennig_G-1024x687.jpg 1024w, https:\/\/www.pr-neu.de\/newsroom\/wordpress\/wp-content\/uploads\/2013\/03\/13-02-Zippenfennig_G-768x516.jpg 768w, https:\/\/www.pr-neu.de\/newsroom\/wordpress\/wp-content\/uploads\/2013\/03\/13-02-Zippenfennig_G-1536x1031.jpg 1536w, https:\/\/www.pr-neu.de\/newsroom\/wordpress\/wp-content\/uploads\/2013\/03\/13-02-Zippenfennig_G-110x74.jpg 110w, https:\/\/www.pr-neu.de\/newsroom\/wordpress\/wp-content\/uploads\/2013\/03\/13-02-Zippenfennig_G-420x282.jpg 420w, https:\/\/www.pr-neu.de\/newsroom\/wordpress\/wp-content\/uploads\/2013\/03\/13-02-Zippenfennig_G-641x430.jpg 641w, https:\/\/www.pr-neu.de\/newsroom\/wordpress\/wp-content\/uploads\/2013\/03\/13-02-Zippenfennig_G.jpg 1795w\" sizes=\"auto, (max-width: 300px) 100vw, 300px\" \/><\/a><\/td>\n<td colspan=\"3\" height=\"21\">Frank Zippenfennig, Produktmanagement Deutschland, Sto AG, St\u00fchlingen<\/p>\n<p>Bild: Sto AG<\/td>\n<\/tr>\n<tr>\n<td valign=\"top\" width=\"370\" height=\"25\"><a href=\"http:\/\/www.pr-neu.de\/newsroom\/wordpress\/wp-content\/uploads\/2013\/03\/13-02-iQolor_Logo_G.jpg\"><img loading=\"lazy\" decoding=\"async\" class=\"size-medium wp-image-13398\" src=\"http:\/\/www.pr-neu.de\/newsroom\/wordpress\/wp-content\/uploads\/2013\/03\/13-02-iQolor_Logo_G-300x201.jpg\" alt=\"\" width=\"300\" height=\"201\" srcset=\"https:\/\/www.pr-neu.de\/newsroom\/wordpress\/wp-content\/uploads\/2013\/03\/13-02-iQolor_Logo_G-300x201.jpg 300w, https:\/\/www.pr-neu.de\/newsroom\/wordpress\/wp-content\/uploads\/2013\/03\/13-02-iQolor_Logo_G-1024x687.jpg 1024w, https:\/\/www.pr-neu.de\/newsroom\/wordpress\/wp-content\/uploads\/2013\/03\/13-02-iQolor_Logo_G-768x516.jpg 768w, https:\/\/www.pr-neu.de\/newsroom\/wordpress\/wp-content\/uploads\/2013\/03\/13-02-iQolor_Logo_G-1536x1031.jpg 1536w, https:\/\/www.pr-neu.de\/newsroom\/wordpress\/wp-content\/uploads\/2013\/03\/13-02-iQolor_Logo_G-110x74.jpg 110w, https:\/\/www.pr-neu.de\/newsroom\/wordpress\/wp-content\/uploads\/2013\/03\/13-02-iQolor_Logo_G-420x282.jpg 420w, https:\/\/www.pr-neu.de\/newsroom\/wordpress\/wp-content\/uploads\/2013\/03\/13-02-iQolor_Logo_G-641x430.jpg 641w, https:\/\/www.pr-neu.de\/newsroom\/wordpress\/wp-content\/uploads\/2013\/03\/13-02-iQolor_Logo_G.jpg 1795w\" sizes=\"auto, (max-width: 300px) 100vw, 300px\" \/><\/a><\/td>\n<td colspan=\"3\" height=\"21\">Bild: Sto AG<\/td>\n<\/tr>\n<\/tbody>\n<\/table>\n<hr noshade=\"noshade\" size=\"1\" \/>\n<p>Abdruck honorarfrei, Belegexemplar erbeten<\/p>\n<p>&nbsp;<\/td>\n<\/tr>\n<tr>\n<td><\/td>\n<\/tr>\n<\/tbody>\n<\/table>\n","protected":false},"excerpt":{"rendered":"<p>iQolor \u2013 INTELLIGENT COLOR Fassadenfarben bilden ihren Hauptnutzen erst nach der Applikation aus Vom F\u00fcllstoff zum Funktionsstoff Niemand ordnet seinen Werkzeugkasten nach der Legierung der St\u00e4hle, sondern nach den Aufgaben, welche die Ger\u00e4tschaften zu erf\u00fcllen haben. Das gilt jetzt auch f\u00fcr Fassadenfarben. Aus historischen Gr\u00fcnden wurden diese fr\u00fcher anhand ihrer Bindemittel unterschieden, inzwischen treten jedoch [&hellip;]<\/p>\n","protected":false},"author":6,"featured_media":0,"comment_status":"closed","ping_status":"open","sticky":false,"template":"","format":"standard","meta":{"footnotes":""},"categories":[3,15],"tags":[],"class_list":["post-1800","post","type-post","status-publish","format-standard","hentry","category-kundenmeldungen","category-sto"],"_links":{"self":[{"href":"https:\/\/www.pr-neu.de\/newsroom\/wp-json\/wp\/v2\/posts\/1800","targetHints":{"allow":["GET"]}}],"collection":[{"href":"https:\/\/www.pr-neu.de\/newsroom\/wp-json\/wp\/v2\/posts"}],"about":[{"href":"https:\/\/www.pr-neu.de\/newsroom\/wp-json\/wp\/v2\/types\/post"}],"author":[{"embeddable":true,"href":"https:\/\/www.pr-neu.de\/newsroom\/wp-json\/wp\/v2\/users\/6"}],"replies":[{"embeddable":true,"href":"https:\/\/www.pr-neu.de\/newsroom\/wp-json\/wp\/v2\/comments?post=1800"}],"version-history":[{"count":4,"href":"https:\/\/www.pr-neu.de\/newsroom\/wp-json\/wp\/v2\/posts\/1800\/revisions"}],"predecessor-version":[{"id":13400,"href":"https:\/\/www.pr-neu.de\/newsroom\/wp-json\/wp\/v2\/posts\/1800\/revisions\/13400"}],"wp:attachment":[{"href":"https:\/\/www.pr-neu.de\/newsroom\/wp-json\/wp\/v2\/media?parent=1800"}],"wp:term":[{"taxonomy":"category","embeddable":true,"href":"https:\/\/www.pr-neu.de\/newsroom\/wp-json\/wp\/v2\/categories?post=1800"},{"taxonomy":"post_tag","embeddable":true,"href":"https:\/\/www.pr-neu.de\/newsroom\/wp-json\/wp\/v2\/tags?post=1800"}],"curies":[{"name":"wp","href":"https:\/\/api.w.org\/{rel}","templated":true}]}}