{"id":180,"date":"2010-07-07T16:57:06","date_gmt":"2010-07-07T14:57:06","guid":{"rendered":"http:\/\/www.pr-nord.de\/newsroom\/?p=180"},"modified":"2024-07-15T13:23:58","modified_gmt":"2024-07-15T11:23:58","slug":"bestnote-fur-eine-behagliche-schule","status":"publish","type":"post","link":"https:\/\/www.pr-neu.de\/newsroom\/bestnote-fur-eine-behagliche-schule\/","title":{"rendered":"Bestnote f\u00fcr eine behagliche Schule"},"content":{"rendered":"<p>Sie ist ein Paradebeispiel f\u00fcr nachhaltiges Bauen der \u00f6ffentlichen Hand: Die \u201ePassivhaus-Schule\u201c in Neckargem\u00fcnd. Diesen Standard erreicht sie unter anderem mit einer energiesparenden W\u00e4rmeversorgung und hoch effizienter D\u00e4mmung. Innen sorgen emissions- und l\u00f6semittelfreie Farben und Putze f\u00fcr ein gesundes, behagliches Raumklima.<\/p>\n","protected":false},"excerpt":{"rendered":"<p>Sie ist ein Paradebeispiel f\u00fcr nachhaltiges Bauen der \u00f6ffentlichen Hand: Die \u201ePassivhaus-Schule\u201c in Neckargem\u00fcnd. Diesen Standard erreicht sie unter anderem mit einer energiesparenden W\u00e4rmeversorgung und hoch effizienter D\u00e4mmung. Innen sorgen emissions- und l\u00f6semittelfreie Farben und Putze f\u00fcr ein gesundes, behagliches Raumklima.<\/p>\n","protected":false},"author":6,"featured_media":0,"comment_status":"closed","ping_status":"open","sticky":false,"template":"","format":"standard","meta":{"footnotes":""},"categories":[3,15],"tags":[124,391,454,504,509,517,621,627],"class_list":["post-180","post","type-post","status-publish","format-standard","hentry","category-kundenmeldungen","category-sto","tag-dammung","tag-passivhaus","tag-schule","tag-sto-2","tag-stocolor","tag-stodecolit","tag-warmedammung","tag-wdvs"],"_links":{"self":[{"href":"https:\/\/www.pr-neu.de\/newsroom\/wp-json\/wp\/v2\/posts\/180","targetHints":{"allow":["GET"]}}],"collection":[{"href":"https:\/\/www.pr-neu.de\/newsroom\/wp-json\/wp\/v2\/posts"}],"about":[{"href":"https:\/\/www.pr-neu.de\/newsroom\/wp-json\/wp\/v2\/types\/post"}],"author":[{"embeddable":true,"href":"https:\/\/www.pr-neu.de\/newsroom\/wp-json\/wp\/v2\/users\/6"}],"replies":[{"embeddable":true,"href":"https:\/\/www.pr-neu.de\/newsroom\/wp-json\/wp\/v2\/comments?post=180"}],"version-history":[{"count":4,"href":"https:\/\/www.pr-neu.de\/newsroom\/wp-json\/wp\/v2\/posts\/180\/revisions"}],"predecessor-version":[{"id":16956,"href":"https:\/\/www.pr-neu.de\/newsroom\/wp-json\/wp\/v2\/posts\/180\/revisions\/16956"}],"wp:attachment":[{"href":"https:\/\/www.pr-neu.de\/newsroom\/wp-json\/wp\/v2\/media?parent=180"}],"wp:term":[{"taxonomy":"category","embeddable":true,"href":"https:\/\/www.pr-neu.de\/newsroom\/wp-json\/wp\/v2\/categories?post=180"},{"taxonomy":"post_tag","embeddable":true,"href":"https:\/\/www.pr-neu.de\/newsroom\/wp-json\/wp\/v2\/tags?post=180"}],"curies":[{"name":"wp","href":"https:\/\/api.w.org\/{rel}","templated":true}]}}