{"id":1798,"date":"2013-03-04T08:38:36","date_gmt":"2013-03-04T08:38:36","guid":{"rendered":"http:\/\/www.pr-nord.de\/newsroom\/?p=1798"},"modified":"2020-05-29T09:38:17","modified_gmt":"2020-05-29T07:38:17","slug":"alles-im-rahmen","status":"publish","type":"post","link":"https:\/\/www.pr-neu.de\/newsroom\/alles-im-rahmen\/","title":{"rendered":"Alles im Rahmen"},"content":{"rendered":"<table border=\"0\" width=\"520\" cellspacing=\"0\" cellpadding=\"0\">\n<tbody>\n<tr>\n<td><u>Neu zur FARBE 2013 \/ StoDeco Frame: Fassaden gestalten mit T\u00fcr- und Fensterprofilen<\/u><\/p>\n<p><strong>Alles im Rahmen<\/strong><\/p>\n<p><strong>Dekorativ, langlebig, leicht zu verarbeiten und unabh\u00e4ngig vom Fassadenaufbau: Die neuen T\u00fcr- und Fensterprofile StoDeco Frame erweitern den gestalterischen Spielraum an der Fassade. Die Zierelemente gibt es in zwei Varianten -\u2013\u201eL-Frame\u201c setzt klassische und \u201eO-Frame\u201c moderne Akzente. Sie werden aus dem mineralischen Werkstoff Verofill gefertigt und f\u00fcgen sich technisch perfekt in jede Fassade ein \u2013 ob ged\u00e4mmt oder unged\u00e4mmt.<\/strong><\/p>\n<p>Die T\u00fcr- und Fensterprofile des StoDeco Frame-Sortiments gestalten die Fassade dreidimensional. Der mineralische Werkstoff Verofill ist einerseits kompakt und massiv wie Stein, andererseits sehr leicht (550 kg\/m\u00b3) und sicher zu verarbeiten. F\u00fcnf Profiltypen (A bis E) f\u00fcr Fenster und T\u00fcren in zwei Ausf\u00fchrungsvarianten sorgen f\u00fcr viele Gestaltungsm\u00f6glichkeiten. \u201eL-Frame\u201c mit durchlaufender Fensterbank sorgt f\u00fcr eine klassische Anmutung. Die vorgefertigte Kombination von Profil und Fensterbankabdeckung ist einfach und schnell montiert. Mit \u201eO-Frame\u201c erh\u00e4lt die Fassade einen modernen Akzent. Stets gleiche Rahmenprofile betonen die Fassaden\u00f6ffnung auf allen vier Seiten. In beiden F\u00e4llen entsteht ein hochwertiger Gesamteindruck, der sich gestalterisch vom Durchschnitt abhebt.<\/p>\n<p><strong>Einfach geplant, schnell verarbeitet<\/strong><\/p>\n<p>Die standardisierten Elemente sind einfach und schnell zu montieren. Die Fokussierung auf die Geb\u00e4ude\u00f6ffnungen erleichtert die Planung und reduziert die Zahl der Anschlussdetails. Damit diese halten, was sie versprechen, wurde ihre Dichtigkeit vom Institut f\u00fcr Fenstertechnik (IFT) Rosenheim \u00fcberpr\u00fcft.<\/p>\n<p>Ob Sanierung oder Neubau \u2013 StoDeco Frame-Profile werden auf der Baustelle exakt zugeschnitten und k\u00f6nnen ebenso auf W\u00e4rmed\u00e4mm-Verbundsysteme wie auch direkt auf das Mauerwerk geklebt werden. Ein dreifacher Anstrich in einem beliebigen Farbton aus dem StoColor System macht die Profile langfristig witterungsbest\u00e4ndig. Ton in Ton oder im Kontrast zur Wand \u2013 die Beschichtung erfolgt mit den Fassadenfarben StoColor Maxicryl oder bei kr\u00e4ftigeren Farbt\u00f6nen mit StoColor X-black.<\/p>\n<p>&nbsp;<\/p>\n<hr noshade=\"noshade\" size=\"1\" \/>\n<p>&nbsp;<\/p>\n<table border=\"0\" width=\"520\" cellspacing=\"0\" cellpadding=\"0\">\n<tbody>\n<tr>\n<td valign=\"top\" width=\"370\" height=\"25\"><a href=\"http:\/\/www.pr-neu.de\/newsroom\/wordpress\/wp-content\/uploads\/2013\/03\/13-05-DecoFrame-Haus_G.jpg\"><img loading=\"lazy\" decoding=\"async\" class=\"aligncenter size-medium wp-image-13390\" src=\"http:\/\/www.pr-neu.de\/newsroom\/wordpress\/wp-content\/uploads\/2013\/03\/13-05-DecoFrame-Haus_G-300x201.jpg\" alt=\"\" width=\"300\" height=\"201\" srcset=\"https:\/\/www.pr-neu.de\/newsroom\/wordpress\/wp-content\/uploads\/2013\/03\/13-05-DecoFrame-Haus_G-300x201.jpg 300w, https:\/\/www.pr-neu.de\/newsroom\/wordpress\/wp-content\/uploads\/2013\/03\/13-05-DecoFrame-Haus_G-1024x687.jpg 1024w, https:\/\/www.pr-neu.de\/newsroom\/wordpress\/wp-content\/uploads\/2013\/03\/13-05-DecoFrame-Haus_G-768x516.jpg 768w, https:\/\/www.pr-neu.de\/newsroom\/wordpress\/wp-content\/uploads\/2013\/03\/13-05-DecoFrame-Haus_G-1536x1031.jpg 1536w, https:\/\/www.pr-neu.de\/newsroom\/wordpress\/wp-content\/uploads\/2013\/03\/13-05-DecoFrame-Haus_G-110x74.jpg 110w, https:\/\/www.pr-neu.de\/newsroom\/wordpress\/wp-content\/uploads\/2013\/03\/13-05-DecoFrame-Haus_G-420x282.jpg 420w, https:\/\/www.pr-neu.de\/newsroom\/wordpress\/wp-content\/uploads\/2013\/03\/13-05-DecoFrame-Haus_G-641x430.jpg 641w, https:\/\/www.pr-neu.de\/newsroom\/wordpress\/wp-content\/uploads\/2013\/03\/13-05-DecoFrame-Haus_G.jpg 1795w\" sizes=\"auto, (max-width: 300px) 100vw, 300px\" \/><\/a><\/td>\n<td colspan=\"3\" height=\"21\">Die StoDeco Frame-Profile werten Geb\u00e4ude dreidimensional auf.<\/p>\n<p>Bild: Sto AG<\/td>\n<\/tr>\n<tr>\n<td valign=\"top\" width=\"370\" height=\"25\"><a href=\"http:\/\/www.pr-neu.de\/newsroom\/wordpress\/wp-content\/uploads\/2013\/03\/13-05-DecoFrame-A_G.jpg\"><img loading=\"lazy\" decoding=\"async\" class=\"aligncenter size-medium wp-image-13391\" src=\"http:\/\/www.pr-neu.de\/newsroom\/wordpress\/wp-content\/uploads\/2013\/03\/13-05-DecoFrame-A_G-201x300.jpg\" alt=\"\" width=\"201\" height=\"300\" srcset=\"https:\/\/www.pr-neu.de\/newsroom\/wordpress\/wp-content\/uploads\/2013\/03\/13-05-DecoFrame-A_G-201x300.jpg 201w, https:\/\/www.pr-neu.de\/newsroom\/wordpress\/wp-content\/uploads\/2013\/03\/13-05-DecoFrame-A_G-687x1024.jpg 687w, https:\/\/www.pr-neu.de\/newsroom\/wordpress\/wp-content\/uploads\/2013\/03\/13-05-DecoFrame-A_G-768x1144.jpg 768w, https:\/\/www.pr-neu.de\/newsroom\/wordpress\/wp-content\/uploads\/2013\/03\/13-05-DecoFrame-A_G-1031x1536.jpg 1031w, https:\/\/www.pr-neu.de\/newsroom\/wordpress\/wp-content\/uploads\/2013\/03\/13-05-DecoFrame-A_G-74x110.jpg 74w, https:\/\/www.pr-neu.de\/newsroom\/wordpress\/wp-content\/uploads\/2013\/03\/13-05-DecoFrame-A_G-282x420.jpg 282w, https:\/\/www.pr-neu.de\/newsroom\/wordpress\/wp-content\/uploads\/2013\/03\/13-05-DecoFrame-A_G-289x430.jpg 289w, https:\/\/www.pr-neu.de\/newsroom\/wordpress\/wp-content\/uploads\/2013\/03\/13-05-DecoFrame-A_G.jpg 1205w\" sizes=\"auto, (max-width: 201px) 100vw, 201px\" \/><\/a><\/td>\n<td colspan=\"3\" height=\"21\">Das schlichte Profil StoDeco Frame A sorgt f\u00fcr eine dezente Aufwertung der Fassade.<\/p>\n<p>Bild: Sto AG<\/td>\n<\/tr>\n<tr>\n<td valign=\"top\" width=\"370\" height=\"25\"><a href=\"http:\/\/www.pr-neu.de\/newsroom\/wordpress\/wp-content\/uploads\/2013\/03\/13-05-DecoFrame-B_G.jpg\"><img loading=\"lazy\" decoding=\"async\" class=\"aligncenter size-medium wp-image-13392\" src=\"http:\/\/www.pr-neu.de\/newsroom\/wordpress\/wp-content\/uploads\/2013\/03\/13-05-DecoFrame-B_G-201x300.jpg\" alt=\"\" width=\"201\" height=\"300\" srcset=\"https:\/\/www.pr-neu.de\/newsroom\/wordpress\/wp-content\/uploads\/2013\/03\/13-05-DecoFrame-B_G-201x300.jpg 201w, https:\/\/www.pr-neu.de\/newsroom\/wordpress\/wp-content\/uploads\/2013\/03\/13-05-DecoFrame-B_G-687x1024.jpg 687w, https:\/\/www.pr-neu.de\/newsroom\/wordpress\/wp-content\/uploads\/2013\/03\/13-05-DecoFrame-B_G-768x1144.jpg 768w, https:\/\/www.pr-neu.de\/newsroom\/wordpress\/wp-content\/uploads\/2013\/03\/13-05-DecoFrame-B_G-1031x1536.jpg 1031w, https:\/\/www.pr-neu.de\/newsroom\/wordpress\/wp-content\/uploads\/2013\/03\/13-05-DecoFrame-B_G-74x110.jpg 74w, https:\/\/www.pr-neu.de\/newsroom\/wordpress\/wp-content\/uploads\/2013\/03\/13-05-DecoFrame-B_G-282x420.jpg 282w, https:\/\/www.pr-neu.de\/newsroom\/wordpress\/wp-content\/uploads\/2013\/03\/13-05-DecoFrame-B_G-289x430.jpg 289w, https:\/\/www.pr-neu.de\/newsroom\/wordpress\/wp-content\/uploads\/2013\/03\/13-05-DecoFrame-B_G.jpg 1205w\" sizes=\"auto, (max-width: 201px) 100vw, 201px\" \/><\/a><\/td>\n<td colspan=\"3\" height=\"21\">Eine eingearbeitete Kehle erzeugt bei StoDeco Frame B eine harte Trennung zwischen Licht und Schatten an den Profilkanten.<\/p>\n<p>Bild: Sto AG<\/td>\n<\/tr>\n<tr>\n<td valign=\"top\" width=\"370\" height=\"25\"><a href=\"http:\/\/www.pr-neu.de\/newsroom\/wordpress\/wp-content\/uploads\/2013\/03\/13-05-DecoFrame-D_G.jpg\"><img loading=\"lazy\" decoding=\"async\" class=\"aligncenter size-medium wp-image-13393\" src=\"http:\/\/www.pr-neu.de\/newsroom\/wordpress\/wp-content\/uploads\/2013\/03\/13-05-DecoFrame-D_G-201x300.jpg\" alt=\"\" width=\"201\" height=\"300\" srcset=\"https:\/\/www.pr-neu.de\/newsroom\/wordpress\/wp-content\/uploads\/2013\/03\/13-05-DecoFrame-D_G-201x300.jpg 201w, https:\/\/www.pr-neu.de\/newsroom\/wordpress\/wp-content\/uploads\/2013\/03\/13-05-DecoFrame-D_G-687x1024.jpg 687w, https:\/\/www.pr-neu.de\/newsroom\/wordpress\/wp-content\/uploads\/2013\/03\/13-05-DecoFrame-D_G-768x1144.jpg 768w, https:\/\/www.pr-neu.de\/newsroom\/wordpress\/wp-content\/uploads\/2013\/03\/13-05-DecoFrame-D_G-1031x1536.jpg 1031w, https:\/\/www.pr-neu.de\/newsroom\/wordpress\/wp-content\/uploads\/2013\/03\/13-05-DecoFrame-D_G-74x110.jpg 74w, https:\/\/www.pr-neu.de\/newsroom\/wordpress\/wp-content\/uploads\/2013\/03\/13-05-DecoFrame-D_G-282x420.jpg 282w, https:\/\/www.pr-neu.de\/newsroom\/wordpress\/wp-content\/uploads\/2013\/03\/13-05-DecoFrame-D_G-289x430.jpg 289w, https:\/\/www.pr-neu.de\/newsroom\/wordpress\/wp-content\/uploads\/2013\/03\/13-05-DecoFrame-D_G.jpg 1205w\" sizes=\"auto, (max-width: 201px) 100vw, 201px\" \/><\/a><\/td>\n<td colspan=\"3\" height=\"21\">Die Typen C bis E \u2013 Wulst, Treppe (s. Bild), dorisch \u2013 sorgen f\u00fcr eher \u201eklassische\u201c Fenstergew\u00e4nde.<\/p>\n<p>Bild: Sto AG<\/td>\n<\/tr>\n<\/tbody>\n<\/table>\n<hr noshade=\"noshade\" size=\"1\" \/>\n<p>Abdruck honorarfrei, Belegexemplar erbeten<\/p>\n<p>&nbsp;<\/td>\n<\/tr>\n<tr>\n<td><\/td>\n<\/tr>\n<\/tbody>\n<\/table>\n","protected":false},"excerpt":{"rendered":"<p>Neu zur FARBE 2013 \/ StoDeco Frame: Fassaden gestalten mit T\u00fcr- und Fensterprofilen Alles im Rahmen Dekorativ, langlebig, leicht zu verarbeiten und unabh\u00e4ngig vom Fassadenaufbau: Die neuen T\u00fcr- und Fensterprofile StoDeco Frame erweitern den gestalterischen Spielraum an der Fassade. Die Zierelemente gibt es in zwei Varianten -\u2013\u201eL-Frame\u201c setzt klassische und \u201eO-Frame\u201c moderne Akzente. Sie werden [&hellip;]<\/p>\n","protected":false},"author":6,"featured_media":0,"comment_status":"closed","ping_status":"open","sticky":false,"template":"","format":"standard","meta":{"footnotes":""},"categories":[3,15],"tags":[],"class_list":["post-1798","post","type-post","status-publish","format-standard","hentry","category-kundenmeldungen","category-sto"],"_links":{"self":[{"href":"https:\/\/www.pr-neu.de\/newsroom\/wp-json\/wp\/v2\/posts\/1798","targetHints":{"allow":["GET"]}}],"collection":[{"href":"https:\/\/www.pr-neu.de\/newsroom\/wp-json\/wp\/v2\/posts"}],"about":[{"href":"https:\/\/www.pr-neu.de\/newsroom\/wp-json\/wp\/v2\/types\/post"}],"author":[{"embeddable":true,"href":"https:\/\/www.pr-neu.de\/newsroom\/wp-json\/wp\/v2\/users\/6"}],"replies":[{"embeddable":true,"href":"https:\/\/www.pr-neu.de\/newsroom\/wp-json\/wp\/v2\/comments?post=1798"}],"version-history":[{"count":4,"href":"https:\/\/www.pr-neu.de\/newsroom\/wp-json\/wp\/v2\/posts\/1798\/revisions"}],"predecessor-version":[{"id":13394,"href":"https:\/\/www.pr-neu.de\/newsroom\/wp-json\/wp\/v2\/posts\/1798\/revisions\/13394"}],"wp:attachment":[{"href":"https:\/\/www.pr-neu.de\/newsroom\/wp-json\/wp\/v2\/media?parent=1798"}],"wp:term":[{"taxonomy":"category","embeddable":true,"href":"https:\/\/www.pr-neu.de\/newsroom\/wp-json\/wp\/v2\/categories?post=1798"},{"taxonomy":"post_tag","embeddable":true,"href":"https:\/\/www.pr-neu.de\/newsroom\/wp-json\/wp\/v2\/tags?post=1798"}],"curies":[{"name":"wp","href":"https:\/\/api.w.org\/{rel}","templated":true}]}}