{"id":17961,"date":"2025-10-09T14:23:21","date_gmt":"2025-10-09T12:23:21","guid":{"rendered":"https:\/\/www.pr-neu.de\/newsroom\/?p=17961"},"modified":"2025-10-21T10:23:04","modified_gmt":"2025-10-21T08:23:04","slug":"kompaktes-wissen-in-theorie-und-praxis","status":"publish","type":"post","link":"https:\/\/www.pr-neu.de\/newsroom\/kompaktes-wissen-in-theorie-und-praxis\/","title":{"rendered":"Kompaktes Wissen in Theorie und Praxis"},"content":{"rendered":"<p><u><br \/>\nTS Aluminium: 2026 erweitertes Seminarangebot<\/u><\/p>\n<p><strong>Planung, Montage, Marketing: Mit einem erweiterten Programm bietet TS Aluminium seinen Partnern aus Planer- und Montagebetrieben im ersten Quartal 2026 ein umfassendes Seminarprogramm an der hauseigenen Akademie in Gro\u00dfefehn.<\/strong><\/p>\n<p>Der Aluminium-Spezialist hat seine Seminare noch detaillierter auf die Bed\u00fcrfnisse seiner Fachpartner abgestimmt. Rund um \u201ePlanung und Montage\u201c sind nun drei Kurse mit unterschiedlichen Themenschwerpunkten geplant. F\u00fcr Sommerg\u00e4rten, Terrassen\u00fcberdachungen, Flach- und Lamellend\u00e4cher gibt es sowohl \u201eSystemschulung und Planung\u201c als auch \u201eMontage\u201c. F\u00fcr Winterg\u00e4rten sind die Spezifikationen bez\u00fcglich \u201ePlanung und Montage\u201c in einem gesonderten Kursangebot aufbereitet.<\/p>\n<p>Der praxisnahe neue Workshop \u201eDachzuschnitt\u201c erg\u00e4nzt die theorielastigen Seminare optimal. Mitarbeitende aus der Fertigung lernen unter anderem den Zuschnitt eines Rinnen- und Wandanschlussprofils, eines Flachdachrahmens, einer Firstausbildung beim Satteldach und einer Glas-Schiebet\u00fcr. Diese Termine werden individuell vereinbart (nur montags).<\/p>\n<p>Mit der firmeneigenen Software zur Planung und Fertigung von Terrassend\u00e4chern und Winterg\u00e4rten (\u201eTS WigaCad\u201c) lassen sich Projekte grafisch ansprechend darstellen, das erforderliche Material, genaue Zuschnitt- und Glasma\u00dfe ermitteln und Preise kalkulieren. Die Seminare hierzu gibt es f\u00fcr Anf\u00e4nger und Fortgeschrittene.<\/p>\n<p>Auch f\u00fcr die schwierige Unternehmensnachfolge hat TS Aluminium ein passgenaues Kurspaket geschn\u00fcrt. Im Seminar \u201eUnternehmensnachfolge und -verkauf\u201c erfahren Firmeninhaberinnen und -inhaber, wie sie eine \u00dcbergabe bestm\u00f6glich vorbereiten, welche rechtlichen und steuerlichen Fallstricke es zu umgehen gilt, wie sich der beste Preis erzielen l\u00e4sst und der eigene Betrieb schlie\u00dflich in vertrauensvolle H\u00e4nde \u00fcbergeht.<\/p>\n<p>Markus Milz, Vertriebsexperte und Unternehmensberater, zeigt gemeinsam mit Harald de Witt, Vertriebsleiter TS Aluminium, im zweit\u00e4gigen Lehrgang \u201eMaximale Verkaufserfolge in herausfordernden Zeiten\u201c, wie ein perfektes Verkaufsgespr\u00e4ch l\u00e4uft, ohne wie ein Verk\u00e4ufer zu wirken, und so der Umsatz steigt. Die Teilnehmerzahl ist auf 15 Personen begrenzt.<\/p>\n<p>Das Seminar \u201eBetriebscontrolling\u201c richtet sich an F\u00fchrungskr\u00e4fte und Mitarbeitende, die sich um Mitarbeiterplanung, Auftragskalkulation oder betriebswirtschaftliche Auswertung k\u00fcmmern. Sie lernen unter anderem, wie sich Prozesse effizient planen und Entscheidungen transparent darstellen lassen. Eine Betriebsbesichtigung lockert den theoretischen Teil auf.<\/p>\n<p>Alle Seminare haben Theorie- und Praxisanteile. Fragen beantwortet Kim-Sarah Ukena unter 04943 9191-805.<\/p>\n<p>Anmeldung unter: www.ts-alu.de\/seminare<\/p>\n<p>&nbsp;<\/p>\n<hr \/>\n<p>&nbsp;<\/p>\n<p><strong>Die Seminar-Termine 2026<\/strong><br \/>\n<strong>Veranstaltungsort: Gro\u00dfefehn (Ostfriesland)<\/strong><\/p>\n<p><strong>Systemschulung und Planung<\/strong> \u2013 f\u00fcr Sommerg\u00e4rten, Terrassen\u00fcberdachungen, Flach- und Lamellend\u00e4cher<br \/>\n14.01. \/ 21.01. \/ 04.02.<\/p>\n<p><strong>Montage<\/strong> \u2013 f\u00fcr Sommerg\u00e4rten, Terrassen\u00fcberdachungen, Flach- und Lamellend\u00e4cher<br \/>\n15.01. \/ 22.01. \/ 05.02.<\/p>\n<p><strong>Planung und Montage<\/strong> \u2013 f\u00fcr Winterg\u00e4rten<br \/>\n19.02.<\/p>\n<p><strong>Dachzuschnitt<\/strong> \u2013 Workshop f\u00fcr Sommerg\u00e4rten, Terrassen-\u00fcberdachungen, Flach- und Lamellend\u00e4cher<br \/>\nTerminabsprache individuell (an einem Montag)<\/p>\n<p><strong>WigaCad<\/strong> \u2013 Planungssoftware f\u00fcr Metallverarbeiter<br \/>\n26.01. oder 09.02. (f\u00fcr Anf\u00e4nger)<br \/>\n27.01. oder 10.02. (f\u00fcr Fortgeschrittene)<\/p>\n<p><strong>Unternehmensnachfolge und -verkauf<\/strong> \u2013 die Betriebs\u00fcbergabe im Handwerk<br \/>\n23.02. oder 02.03. in N\u00fcrnberg<\/p>\n<p><strong>Maximale Verkaufserfolge in herausfordernden Zeiten<\/strong> \u2013 f\u00fcr Wintergarten-, Sommergarten- und Terrassendachbauer<br \/>\n23. bis 24.03.<\/p>\n<p><strong>Betriebscontrolling<\/strong> \u2013 f\u00fcr Wintergarten-, Sommergarten- und Terrassendachbauer<br \/>\n11.03.<\/p>\n<p>&nbsp;<\/p>\n<hr \/>\n<p>&nbsp;<\/p>\n<p style=\"text-align: center;\"><a href=\"http:\/\/www.pr-neu.de\/newsroom\/wordpress\/wp-content\/uploads\/2025\/10\/25-12_Seminar_Praxis_K.jpg\" target=\"_blank\" rel=\"noopener\"><img loading=\"lazy\" decoding=\"async\" class=\"aligncenter wp-image-17962 size-medium\" src=\"http:\/\/www.pr-neu.de\/newsroom\/wordpress\/wp-content\/uploads\/2025\/10\/25-12_Seminar_Praxis_K-300x225.jpg\" alt=\"\" width=\"300\" height=\"225\" srcset=\"https:\/\/www.pr-neu.de\/newsroom\/wordpress\/wp-content\/uploads\/2025\/10\/25-12_Seminar_Praxis_K-300x225.jpg 300w, https:\/\/www.pr-neu.de\/newsroom\/wordpress\/wp-content\/uploads\/2025\/10\/25-12_Seminar_Praxis_K-1024x768.jpg 1024w, https:\/\/www.pr-neu.de\/newsroom\/wordpress\/wp-content\/uploads\/2025\/10\/25-12_Seminar_Praxis_K-768x576.jpg 768w, https:\/\/www.pr-neu.de\/newsroom\/wordpress\/wp-content\/uploads\/2025\/10\/25-12_Seminar_Praxis_K-1536x1152.jpg 1536w, https:\/\/www.pr-neu.de\/newsroom\/wordpress\/wp-content\/uploads\/2025\/10\/25-12_Seminar_Praxis_K-2048x1536.jpg 2048w, https:\/\/www.pr-neu.de\/newsroom\/wordpress\/wp-content\/uploads\/2025\/10\/25-12_Seminar_Praxis_K-110x83.jpg 110w, https:\/\/www.pr-neu.de\/newsroom\/wordpress\/wp-content\/uploads\/2025\/10\/25-12_Seminar_Praxis_K-420x315.jpg 420w, https:\/\/www.pr-neu.de\/newsroom\/wordpress\/wp-content\/uploads\/2025\/10\/25-12_Seminar_Praxis_K-573x430.jpg 573w\" sizes=\"auto, (max-width: 300px) 100vw, 300px\" \/><\/a><\/p>\n<p style=\"text-align: center;\"><em>Lernen am Modell: Im theoretischen Teil erl\u00e4utern Mitarbeitende von TS Aluminium zun\u00e4chst die jeweiligen thematischen Grundlagen.<\/em><\/p>\n<p>&nbsp;<\/p>\n<p style=\"text-align: center;\"><a href=\"http:\/\/www.pr-neu.de\/newsroom\/wordpress\/wp-content\/uploads\/2025\/10\/25-12_Seminar_Theorie_K.jpg\" target=\"_blank\" rel=\"noopener\"><img loading=\"lazy\" decoding=\"async\" class=\"aligncenter wp-image-17963 size-medium\" src=\"http:\/\/www.pr-neu.de\/newsroom\/wordpress\/wp-content\/uploads\/2025\/10\/25-12_Seminar_Theorie_K-300x225.jpg\" alt=\"\" width=\"300\" height=\"225\" srcset=\"https:\/\/www.pr-neu.de\/newsroom\/wordpress\/wp-content\/uploads\/2025\/10\/25-12_Seminar_Theorie_K-300x225.jpg 300w, https:\/\/www.pr-neu.de\/newsroom\/wordpress\/wp-content\/uploads\/2025\/10\/25-12_Seminar_Theorie_K-1024x768.jpg 1024w, https:\/\/www.pr-neu.de\/newsroom\/wordpress\/wp-content\/uploads\/2025\/10\/25-12_Seminar_Theorie_K-768x576.jpg 768w, https:\/\/www.pr-neu.de\/newsroom\/wordpress\/wp-content\/uploads\/2025\/10\/25-12_Seminar_Theorie_K-1536x1152.jpg 1536w, https:\/\/www.pr-neu.de\/newsroom\/wordpress\/wp-content\/uploads\/2025\/10\/25-12_Seminar_Theorie_K-2048x1536.jpg 2048w, https:\/\/www.pr-neu.de\/newsroom\/wordpress\/wp-content\/uploads\/2025\/10\/25-12_Seminar_Theorie_K-110x83.jpg 110w, https:\/\/www.pr-neu.de\/newsroom\/wordpress\/wp-content\/uploads\/2025\/10\/25-12_Seminar_Theorie_K-420x315.jpg 420w, https:\/\/www.pr-neu.de\/newsroom\/wordpress\/wp-content\/uploads\/2025\/10\/25-12_Seminar_Theorie_K-573x430.jpg 573w\" sizes=\"auto, (max-width: 300px) 100vw, 300px\" \/><\/a><\/p>\n<p style=\"text-align: center;\"><em>Learning by Doing: Nach der Theorie folgt die Praxis und die Teilnehmenden legen selbst Hand an, um das frisch erworbene Wissen sogleich anzuwenden.<\/em><\/p>\n<p>&nbsp;<\/p>\n<p style=\"text-align: center;\">Bilder: TS-Aluminium-Profilsysteme GmbH &amp; Co. KG<\/p>\n<p>&nbsp;<\/p>\n<hr \/>\n<p>&nbsp;<\/p>\n<p>Abdruck honorarfrei, Belegexemplar erbeten<\/p>\n","protected":false},"excerpt":{"rendered":"<p>TS Aluminium: 2026 erweitertes Seminarangebot Planung, Montage, Marketing: Mit einem erweiterten Programm bietet TS Aluminium seinen Partnern aus Planer- und Montagebetrieben im ersten Quartal 2026 ein umfassendes Seminarprogramm an der hauseigenen Akademie in Gro\u00dfefehn. Der Aluminium-Spezialist hat seine Seminare noch detaillierter auf die Bed\u00fcrfnisse seiner Fachpartner abgestimmt. Rund um \u201ePlanung und Montage\u201c sind nun drei [&hellip;]<\/p>\n","protected":false},"author":10,"featured_media":17962,"comment_status":"closed","ping_status":"open","sticky":false,"template":"","format":"standard","meta":{"footnotes":""},"categories":[661,1761],"tags":[],"class_list":["post-17961","post","type-post","status-publish","format-standard","has-post-thumbnail","hentry","category-allgemein","category-ts-aluminium"],"_links":{"self":[{"href":"https:\/\/www.pr-neu.de\/newsroom\/wp-json\/wp\/v2\/posts\/17961","targetHints":{"allow":["GET"]}}],"collection":[{"href":"https:\/\/www.pr-neu.de\/newsroom\/wp-json\/wp\/v2\/posts"}],"about":[{"href":"https:\/\/www.pr-neu.de\/newsroom\/wp-json\/wp\/v2\/types\/post"}],"author":[{"embeddable":true,"href":"https:\/\/www.pr-neu.de\/newsroom\/wp-json\/wp\/v2\/users\/10"}],"replies":[{"embeddable":true,"href":"https:\/\/www.pr-neu.de\/newsroom\/wp-json\/wp\/v2\/comments?post=17961"}],"version-history":[{"count":4,"href":"https:\/\/www.pr-neu.de\/newsroom\/wp-json\/wp\/v2\/posts\/17961\/revisions"}],"predecessor-version":[{"id":18001,"href":"https:\/\/www.pr-neu.de\/newsroom\/wp-json\/wp\/v2\/posts\/17961\/revisions\/18001"}],"wp:featuredmedia":[{"embeddable":true,"href":"https:\/\/www.pr-neu.de\/newsroom\/wp-json\/wp\/v2\/media\/17962"}],"wp:attachment":[{"href":"https:\/\/www.pr-neu.de\/newsroom\/wp-json\/wp\/v2\/media?parent=17961"}],"wp:term":[{"taxonomy":"category","embeddable":true,"href":"https:\/\/www.pr-neu.de\/newsroom\/wp-json\/wp\/v2\/categories?post=17961"},{"taxonomy":"post_tag","embeddable":true,"href":"https:\/\/www.pr-neu.de\/newsroom\/wp-json\/wp\/v2\/tags?post=17961"}],"curies":[{"name":"wp","href":"https:\/\/api.w.org\/{rel}","templated":true}]}}