{"id":17958,"date":"2025-10-14T13:16:09","date_gmt":"2025-10-14T11:16:09","guid":{"rendered":"https:\/\/www.pr-neu.de\/newsroom\/?p=17958"},"modified":"2025-10-20T14:10:46","modified_gmt":"2025-10-20T12:10:46","slug":"eps-mineralwolle-zementfrei-kleben","status":"publish","type":"post","link":"https:\/\/www.pr-neu.de\/newsroom\/eps-mineralwolle-zementfrei-kleben\/","title":{"rendered":"EPS\/Mineralwolle zementfrei kleben"},"content":{"rendered":"<p><u><br \/>\nStoLevell Neo AimS: Zulassung erweitert<\/u><\/p>\n<p>Der zementfreie mineralische Klebe- und Armierungsm\u00f6rtel \u201eStoLevell Neo AimS\u201c ist jetzt auch f\u00fcr EPS- und Mineralwolle-Platten zugelassen. Bislang galt die Zulassung im WDV-System \u201eStoTherm AimS\u201c nur f\u00fcr Holzweichfaserplatten. Der Kleber spart bei seiner Herstellung (A1-A3) rund die H\u00e4lfte CO2 im Vergleich zu Standard-Kalk-Zement-Armierungsm\u00f6rtel (217 kg CO2\/t vs. 433 kg CO2\/t beim Referenzm\u00f6rtel gem\u00e4\u00df VDPM). Mit der Erweiterung steigt die Systemvielfalt So l\u00e4sst sich der CO2-Fu\u00dfabdruck eines Projekts jetzt mit den g\u00e4ngigen D\u00e4mmstoffen reduzieren. StoTherm AimS war das erste System mit Beschich\u00adtungen, deren Bindemittel teilweise auf nachwachsenden Rohstoffen (Kiefern\u00f6l) beruhen.<\/p>\n<p>&nbsp;<\/p>\n<hr \/>\n<p>&nbsp;<\/p>\n<p><a href=\"http:\/\/www.pr-neu.de\/newsroom\/wordpress\/wp-content\/uploads\/2025\/10\/25_30_StoLevell_AimS_k.jpg\" target=\"_blank\" rel=\"noopener\"><img loading=\"lazy\" decoding=\"async\" class=\"aligncenter wp-image-17959 size-medium\" src=\"http:\/\/www.pr-neu.de\/newsroom\/wordpress\/wp-content\/uploads\/2025\/10\/25_30_StoLevell_AimS_k-300x200.jpg\" alt=\"\" width=\"300\" height=\"200\" srcset=\"https:\/\/www.pr-neu.de\/newsroom\/wordpress\/wp-content\/uploads\/2025\/10\/25_30_StoLevell_AimS_k-300x200.jpg 300w, https:\/\/www.pr-neu.de\/newsroom\/wordpress\/wp-content\/uploads\/2025\/10\/25_30_StoLevell_AimS_k-110x73.jpg 110w, https:\/\/www.pr-neu.de\/newsroom\/wordpress\/wp-content\/uploads\/2025\/10\/25_30_StoLevell_AimS_k.jpg 340w\" sizes=\"auto, (max-width: 300px) 100vw, 300px\" \/><\/a><\/p>\n<p style=\"text-align: center;\"><em>Mit dem zementfreien M\u00f6rtel \u201eStoLevell AimS\u201c k\u00f6nnen EPS-, Mineralwolle- und Holzweichfaser-D\u00e4mmplatten geklebt werden. So l\u00e4sst sich der CO2-Fu\u00dfabdruck der eingesetzten Baustoffe senken \u2013 f\u00fcr den Klebem\u00f6rtel etwa um die H\u00e4lfte.<\/em><\/p>\n<p>&nbsp;<\/p>\n<hr \/>\n<p>&nbsp;<\/p>\n<p>Abdruck honorarfrei, Belegexemplar erbeten<\/p>\n","protected":false},"excerpt":{"rendered":"<p>StoLevell Neo AimS: Zulassung erweitert Der zementfreie mineralische Klebe- und Armierungsm\u00f6rtel \u201eStoLevell Neo AimS\u201c ist jetzt auch f\u00fcr EPS- und Mineralwolle-Platten zugelassen. Bislang galt die Zulassung im WDV-System \u201eStoTherm AimS\u201c nur f\u00fcr Holzweichfaserplatten. Der Kleber spart bei seiner Herstellung (A1-A3) rund die H\u00e4lfte CO2 im Vergleich zu Standard-Kalk-Zement-Armierungsm\u00f6rtel (217 kg CO2\/t vs. 433 kg CO2\/t [&hellip;]<\/p>\n","protected":false},"author":9,"featured_media":17959,"comment_status":"closed","ping_status":"open","sticky":false,"template":"","format":"standard","meta":{"footnotes":""},"categories":[661,15],"tags":[],"class_list":["post-17958","post","type-post","status-publish","format-standard","has-post-thumbnail","hentry","category-allgemein","category-sto"],"_links":{"self":[{"href":"https:\/\/www.pr-neu.de\/newsroom\/wp-json\/wp\/v2\/posts\/17958","targetHints":{"allow":["GET"]}}],"collection":[{"href":"https:\/\/www.pr-neu.de\/newsroom\/wp-json\/wp\/v2\/posts"}],"about":[{"href":"https:\/\/www.pr-neu.de\/newsroom\/wp-json\/wp\/v2\/types\/post"}],"author":[{"embeddable":true,"href":"https:\/\/www.pr-neu.de\/newsroom\/wp-json\/wp\/v2\/users\/9"}],"replies":[{"embeddable":true,"href":"https:\/\/www.pr-neu.de\/newsroom\/wp-json\/wp\/v2\/comments?post=17958"}],"version-history":[{"count":2,"href":"https:\/\/www.pr-neu.de\/newsroom\/wp-json\/wp\/v2\/posts\/17958\/revisions"}],"predecessor-version":[{"id":17988,"href":"https:\/\/www.pr-neu.de\/newsroom\/wp-json\/wp\/v2\/posts\/17958\/revisions\/17988"}],"wp:featuredmedia":[{"embeddable":true,"href":"https:\/\/www.pr-neu.de\/newsroom\/wp-json\/wp\/v2\/media\/17959"}],"wp:attachment":[{"href":"https:\/\/www.pr-neu.de\/newsroom\/wp-json\/wp\/v2\/media?parent=17958"}],"wp:term":[{"taxonomy":"category","embeddable":true,"href":"https:\/\/www.pr-neu.de\/newsroom\/wp-json\/wp\/v2\/categories?post=17958"},{"taxonomy":"post_tag","embeddable":true,"href":"https:\/\/www.pr-neu.de\/newsroom\/wp-json\/wp\/v2\/tags?post=17958"}],"curies":[{"name":"wp","href":"https:\/\/api.w.org\/{rel}","templated":true}]}}