{"id":17921,"date":"2025-09-29T11:00:30","date_gmt":"2025-09-29T09:00:30","guid":{"rendered":"https:\/\/www.pr-neu.de\/newsroom\/?p=17921"},"modified":"2025-10-20T14:13:36","modified_gmt":"2025-10-20T12:13:36","slug":"auf-nummer-sicher","status":"publish","type":"post","link":"https:\/\/www.pr-neu.de\/newsroom\/auf-nummer-sicher\/","title":{"rendered":"Auf Nummer sicher"},"content":{"rendered":"<p><u>Fassadenarbeiten:<br \/>\nDrei Technologien verl\u00e4ngern die Saison<\/u><\/p>\n<p><strong>Mit verk\u00fcrzten Abbinde- und Trocknungszeiten lassen sich Putze und Farben auch bei k\u00fchlem Wetter an der Fassade verarbeiten. Daf\u00fcr bietet Sto drei Technologien, die der nasskalten Witterung standhalten. Damit verl\u00e4ngern Fachhandwerker die Fassadensaison um bis zu 70 Tage.<\/strong><\/p>\n<p>Die folgenden L\u00f6sungen bieten sich f\u00fcr \u00dcbergangszeiten an:<br \/>\n\u2022 Der mineralische Kleber und Unterputz StoLevell FT (<strong>Fast-Track Technology<\/strong>) zum Kleben von Steinwolle-, Polystyrol- und Holzweichfaserplatten ist f\u00fcr Temperaturen von 1 bis 15 Grad Celsius ausgelegt. Er ist fr\u00fchregenfest, nachtfrostsicher bis -5 Grad Celsius und h\u00e4ufig bereits nach 24 Stunden \u00fcberarbeitbar.<br \/>\n\u2022 Der organische Unterputz StoArmat Classic HD (<strong>Hybrid-Drying Technology<\/strong>) l\u00e4sst sich auf Polystyrol und Steinwolle einsetzen. Die Zweikomponentenl\u00f6sung \u201eStoAdditiv HD\u201c wird vor der Verarbeitung in den Putz ger\u00fchrt, damit trocknet er schneller. Es ist optimal bei 1 bis 10 Grad Celsius, fr\u00fchregenfest sowie nachtfrostsicher bis -5 Grad Celsius und in der Regel nach zwei bis vier Tagen \u00fcberarbeitbar.<br \/>\n\u2022 Bei StoArmat Classic plus QS (<strong>QuickSet Technology<\/strong>) sind Fl\u00e4chen bereits nach sechs bis sieben Stunden fr\u00fchregenfest, nachtfrostsicher bis -5 Grad. Diesen Unterputz gibt es in den K\u00f6rnungen fein, mittel und grob. QS-Produkte sind f\u00fcr Tempe-raturen zwischen 1 und 10 Grad Celsius und bis zu 85 Prozent Luftfeuchtigkeit optimiert. Mit QS-Technology gibt es zudem den Voranstrich StoPrep Isol QS sowie die Oberputze Stolit QS und StoSilco QS.<br \/>\n\u2022 Wer einen organischen Anstrich zwischen +1 und +20 Grad und bis 95 Prozent Luftfeuchtigkeit applizieren m\u00f6chte, mischt einfach das StoAdditiv QS vor der Verarbeitung in die Fassadenfarbe.<\/p>\n<p>Fachhandwerker haben so die Wahl, welche Beschichtungen sie einsetzen wollen \u2013 auch, wenn es kalt ist. Info: <a href=\"http:\/\/sto.de\/zeitgewinn\">sto.de\/zeitgewinn<\/a><\/p>\n<hr \/>\n<p>&nbsp;<\/p>\n<p><a href=\"http:\/\/www.pr-neu.de\/newsroom\/wordpress\/wp-content\/uploads\/2025\/09\/25_26_KalteBeschichtung_K.jpg\" target=\"_blank\" rel=\"noopener\"><img loading=\"lazy\" decoding=\"async\" class=\"aligncenter wp-image-17923 size-medium\" src=\"http:\/\/www.pr-neu.de\/newsroom\/wordpress\/wp-content\/uploads\/2025\/09\/25_26_KalteBeschichtung_K-300x225.jpg\" alt=\"\" width=\"300\" height=\"225\" srcset=\"https:\/\/www.pr-neu.de\/newsroom\/wordpress\/wp-content\/uploads\/2025\/09\/25_26_KalteBeschichtung_K-300x225.jpg 300w, https:\/\/www.pr-neu.de\/newsroom\/wordpress\/wp-content\/uploads\/2025\/09\/25_26_KalteBeschichtung_K-1024x768.jpg 1024w, https:\/\/www.pr-neu.de\/newsroom\/wordpress\/wp-content\/uploads\/2025\/09\/25_26_KalteBeschichtung_K-768x576.jpg 768w, https:\/\/www.pr-neu.de\/newsroom\/wordpress\/wp-content\/uploads\/2025\/09\/25_26_KalteBeschichtung_K-1536x1152.jpg 1536w, https:\/\/www.pr-neu.de\/newsroom\/wordpress\/wp-content\/uploads\/2025\/09\/25_26_KalteBeschichtung_K-2048x1536.jpg 2048w, https:\/\/www.pr-neu.de\/newsroom\/wordpress\/wp-content\/uploads\/2025\/09\/25_26_KalteBeschichtung_K-110x83.jpg 110w, https:\/\/www.pr-neu.de\/newsroom\/wordpress\/wp-content\/uploads\/2025\/09\/25_26_KalteBeschichtung_K-420x315.jpg 420w, https:\/\/www.pr-neu.de\/newsroom\/wordpress\/wp-content\/uploads\/2025\/09\/25_26_KalteBeschichtung_K-573x430.jpg 573w\" sizes=\"auto, (max-width: 300px) 100vw, 300px\" \/><\/a><\/p>\n<p style=\"text-align: center;\">Verarbeitungssicherheit in den nasskalten \u00dcbergangszeiten im Fr\u00fchjahr und Sp\u00e4therbst. Sto bietet verschiedene Technologien, mit denen Putze und Farben auch bei k\u00fchler Temperatur und hoher Luftfeuchte funktionieren.<\/p>\n<p>Bild: Sto SE &amp; Co. KGaA \/ nv\/sa<\/p>\n<p>&nbsp;<\/p>\n<hr \/>\n<p>&nbsp;<\/p>\n<p>Abdruck honorarfrei, Belegexemplar erbeten<\/p>\n","protected":false},"excerpt":{"rendered":"<p>Mit verk\u00fcrzten Abbinde- und Trocknungszeiten lassen sich Putze und Farben auch bei k\u00fchlem Wetter an der Fassade verarbeiten. Daf\u00fcr bietet Sto drei Technologien, die der nasskalten Witterung standhalten. Damit verl\u00e4ngern Fachhandwerker die Fassadensaison um bis zu 70 Tage.<\/p>\n","protected":false},"author":9,"featured_media":17923,"comment_status":"closed","ping_status":"open","sticky":false,"template":"","format":"standard","meta":{"footnotes":""},"categories":[661,15],"tags":[3456,3416,187,414,2189],"class_list":["post-17921","post","type-post","status-publish","format-standard","has-post-thumbnail","hentry","category-allgemein","category-sto","tag-kaelte","tag-sto-de","tag-fassade","tag-putz","tag-stodeutschland"],"_links":{"self":[{"href":"https:\/\/www.pr-neu.de\/newsroom\/wp-json\/wp\/v2\/posts\/17921","targetHints":{"allow":["GET"]}}],"collection":[{"href":"https:\/\/www.pr-neu.de\/newsroom\/wp-json\/wp\/v2\/posts"}],"about":[{"href":"https:\/\/www.pr-neu.de\/newsroom\/wp-json\/wp\/v2\/types\/post"}],"author":[{"embeddable":true,"href":"https:\/\/www.pr-neu.de\/newsroom\/wp-json\/wp\/v2\/users\/9"}],"replies":[{"embeddable":true,"href":"https:\/\/www.pr-neu.de\/newsroom\/wp-json\/wp\/v2\/comments?post=17921"}],"version-history":[{"count":4,"href":"https:\/\/www.pr-neu.de\/newsroom\/wp-json\/wp\/v2\/posts\/17921\/revisions"}],"predecessor-version":[{"id":17994,"href":"https:\/\/www.pr-neu.de\/newsroom\/wp-json\/wp\/v2\/posts\/17921\/revisions\/17994"}],"wp:featuredmedia":[{"embeddable":true,"href":"https:\/\/www.pr-neu.de\/newsroom\/wp-json\/wp\/v2\/media\/17923"}],"wp:attachment":[{"href":"https:\/\/www.pr-neu.de\/newsroom\/wp-json\/wp\/v2\/media?parent=17921"}],"wp:term":[{"taxonomy":"category","embeddable":true,"href":"https:\/\/www.pr-neu.de\/newsroom\/wp-json\/wp\/v2\/categories?post=17921"},{"taxonomy":"post_tag","embeddable":true,"href":"https:\/\/www.pr-neu.de\/newsroom\/wp-json\/wp\/v2\/tags?post=17921"}],"curies":[{"name":"wp","href":"https:\/\/api.w.org\/{rel}","templated":true}]}}