{"id":17858,"date":"2025-10-01T11:05:09","date_gmt":"2025-10-01T09:05:09","guid":{"rendered":"https:\/\/www.pr-neu.de\/newsroom\/?p=17858"},"modified":"2025-10-20T14:13:05","modified_gmt":"2025-10-20T12:13:05","slug":"turbo-fuer-fassadenputz","status":"publish","type":"post","link":"https:\/\/www.pr-neu.de\/newsroom\/turbo-fuer-fassadenputz\/","title":{"rendered":"Turbo f\u00fcr Fassadenputz"},"content":{"rendered":"<p>&nbsp;<\/p>\n<p><u>S\u00fcdwest Additiv FS XPress: Au\u00dfenputz sicher verarbeiten bei k\u00fchler Witterung<\/u><\/p>\n<p>Damit Fassadenarbeiten auch an k\u00fchl-feuchten Tagen im Herbst und Fr\u00fchjahr nicht ruhen m\u00fcssen, hat S\u00fcdwest das \u201eAdditiv FS Xpress\u201c entwickelt. Als Zusatz im \u201eSilikonPutz\u201c stellt es sicher, dass dieser schon ab 7 Grad Celsius abbinden kann und schnell fr\u00fchregenfest ist. So verl\u00e4ngert sich die Fassadensaison um viele Tage in den \u00dcbergangszeiten. Feuchte und k\u00fchle Witterung erschwert das Arbeiten an der Fassade. Kann ein Putz nicht ausreichend (schnell genug) trocknen, drohen unsch\u00f6ne Abwa-schungen oder Flecken. Das l\u00f6semittelfreie Additiv verk\u00fcrzt Abbinde- und Trocknungszeiten beim \u201eSilikonPutz\u201c. Daf\u00fcr wird das Additiv einfach in den Putz eingemischt, die 0,5-Liter-Flasche ist genau f\u00fcr einen 25-Kilo-Eimer Putz ausgelegt. So k\u00f6nnen Verarbeiter spontan und wetterabh\u00e4ngig entscheiden, ob sie mit oder ohne Zusatz arbeiten, Dosierfehler sind ausgeschlossen.<br \/>\nDer \u201eSilikonPutz\u201c ist ein hochwertiger, echter Silikonharz-Fassa-denputz mit nat\u00fcrlichem Marmorkorn und gekapseltem Film-konservierer zum Schutz vor Algen und Pilzen. Die Oberfl\u00e4che ist hoch witterungsbest\u00e4ndig, wasserdampf- und CO2-durch-l\u00e4ssig und zugleich h\u00f6chst wasserabweisend. So bew\u00e4hrt er sich als langlebige, wartungsarme Fassadenbeschichtung.<\/p>\n<p>&nbsp;<\/p>\n<hr \/>\n<p>&nbsp;<\/p>\n<p><a href=\"http:\/\/www.pr-neu.de\/newsroom\/wordpress\/wp-content\/uploads\/2025\/09\/25_09_Additiv_FS_Xpress_K.jpg\" target=\"_blank\" rel=\"noopener\"><img loading=\"lazy\" decoding=\"async\" class=\"aligncenter wp-image-17829 size-medium\" src=\"http:\/\/www.pr-neu.de\/newsroom\/wordpress\/wp-content\/uploads\/2025\/09\/25_09_Additiv_FS_Xpress_K-300x300.jpg\" alt=\"\" width=\"300\" height=\"300\" srcset=\"https:\/\/www.pr-neu.de\/newsroom\/wordpress\/wp-content\/uploads\/2025\/09\/25_09_Additiv_FS_Xpress_K-300x300.jpg 300w, https:\/\/www.pr-neu.de\/newsroom\/wordpress\/wp-content\/uploads\/2025\/09\/25_09_Additiv_FS_Xpress_K-1024x1024.jpg 1024w, https:\/\/www.pr-neu.de\/newsroom\/wordpress\/wp-content\/uploads\/2025\/09\/25_09_Additiv_FS_Xpress_K-150x150.jpg 150w, https:\/\/www.pr-neu.de\/newsroom\/wordpress\/wp-content\/uploads\/2025\/09\/25_09_Additiv_FS_Xpress_K-768x768.jpg 768w, https:\/\/www.pr-neu.de\/newsroom\/wordpress\/wp-content\/uploads\/2025\/09\/25_09_Additiv_FS_Xpress_K-1536x1536.jpg 1536w, https:\/\/www.pr-neu.de\/newsroom\/wordpress\/wp-content\/uploads\/2025\/09\/25_09_Additiv_FS_Xpress_K-2048x2048.jpg 2048w, https:\/\/www.pr-neu.de\/newsroom\/wordpress\/wp-content\/uploads\/2025\/09\/25_09_Additiv_FS_Xpress_K-250x250.jpg 250w, https:\/\/www.pr-neu.de\/newsroom\/wordpress\/wp-content\/uploads\/2025\/09\/25_09_Additiv_FS_Xpress_K-125x125.jpg 125w, https:\/\/www.pr-neu.de\/newsroom\/wordpress\/wp-content\/uploads\/2025\/09\/25_09_Additiv_FS_Xpress_K-110x110.jpg 110w, https:\/\/www.pr-neu.de\/newsroom\/wordpress\/wp-content\/uploads\/2025\/09\/25_09_Additiv_FS_Xpress_K-420x420.jpg 420w, https:\/\/www.pr-neu.de\/newsroom\/wordpress\/wp-content\/uploads\/2025\/09\/25_09_Additiv_FS_Xpress_K-430x430.jpg 430w\" sizes=\"auto, (max-width: 300px) 100vw, 300px\" \/><\/a><\/p>\n<p style=\"text-align: center;\">Mit dem \u201eAdditiv FS XPress\u201c ist der S\u00fcdwest \u201eSilikonPutz\u201c auch bei niedrigen Au\u00dfentempera-turen gut zu verarbeiten und schnell fr\u00fchregen-fest. Ein 0,5-Liter-Gebinde reicht f\u00fcr einen 25-Kilo-Eimer und muss nur in den Putz ger\u00fchrt werden.<\/p>\n<p>&nbsp;<\/p>\n<p>Bild: S\u00fcdwest Lacke + Farben GmbH &amp; Co. KG<\/p>\n<p>&nbsp;<\/p>\n<hr \/>\n<p>Abdruck honorarfrei, Belegexemplar erbeten<\/p>\n<hr \/>\n<p>&nbsp;<\/p>\n","protected":false},"excerpt":{"rendered":"<p>&nbsp; S\u00fcdwest Additiv FS XPress: Au\u00dfenputz sicher verarbeiten bei k\u00fchler Witterung Damit Fassadenarbeiten auch an k\u00fchl-feuchten Tagen im Herbst und Fr\u00fchjahr nicht ruhen m\u00fcssen, hat S\u00fcdwest das \u201eAdditiv FS Xpress\u201c entwickelt. Als Zusatz im \u201eSilikonPutz\u201c stellt es sicher, dass dieser schon ab 7 Grad Celsius abbinden kann und schnell fr\u00fchregenfest ist. So verl\u00e4ngert sich die [&hellip;]<\/p>\n","protected":false},"author":9,"featured_media":17862,"comment_status":"closed","ping_status":"open","sticky":false,"template":"","format":"standard","meta":{"footnotes":""},"categories":[661,17],"tags":[3440,3442,3438,181,187,1901],"class_list":["post-17858","post","type-post","status-publish","format-standard","has-post-thumbnail","hentry","category-allgemein","category-sudwest","tag-aussenputz","tag-silikonputz","tag-suedwest","tag-farben","tag-fassade","tag-lacke"],"_links":{"self":[{"href":"https:\/\/www.pr-neu.de\/newsroom\/wp-json\/wp\/v2\/posts\/17858","targetHints":{"allow":["GET"]}}],"collection":[{"href":"https:\/\/www.pr-neu.de\/newsroom\/wp-json\/wp\/v2\/posts"}],"about":[{"href":"https:\/\/www.pr-neu.de\/newsroom\/wp-json\/wp\/v2\/types\/post"}],"author":[{"embeddable":true,"href":"https:\/\/www.pr-neu.de\/newsroom\/wp-json\/wp\/v2\/users\/9"}],"replies":[{"embeddable":true,"href":"https:\/\/www.pr-neu.de\/newsroom\/wp-json\/wp\/v2\/comments?post=17858"}],"version-history":[{"count":5,"href":"https:\/\/www.pr-neu.de\/newsroom\/wp-json\/wp\/v2\/posts\/17858\/revisions"}],"predecessor-version":[{"id":17992,"href":"https:\/\/www.pr-neu.de\/newsroom\/wp-json\/wp\/v2\/posts\/17858\/revisions\/17992"}],"wp:featuredmedia":[{"embeddable":true,"href":"https:\/\/www.pr-neu.de\/newsroom\/wp-json\/wp\/v2\/media\/17862"}],"wp:attachment":[{"href":"https:\/\/www.pr-neu.de\/newsroom\/wp-json\/wp\/v2\/media?parent=17858"}],"wp:term":[{"taxonomy":"category","embeddable":true,"href":"https:\/\/www.pr-neu.de\/newsroom\/wp-json\/wp\/v2\/categories?post=17858"},{"taxonomy":"post_tag","embeddable":true,"href":"https:\/\/www.pr-neu.de\/newsroom\/wp-json\/wp\/v2\/tags?post=17858"}],"curies":[{"name":"wp","href":"https:\/\/api.w.org\/{rel}","templated":true}]}}