{"id":17853,"date":"2025-09-30T08:00:21","date_gmt":"2025-09-30T06:00:21","guid":{"rendered":"https:\/\/www.pr-neu.de\/newsroom\/?p=17853"},"modified":"2025-10-20T14:13:19","modified_gmt":"2025-10-20T12:13:19","slug":"schutzschild-gegen-schimmel","status":"publish","type":"post","link":"https:\/\/www.pr-neu.de\/newsroom\/schutzschild-gegen-schimmel\/","title":{"rendered":"Schutzschild gegen Schimmel"},"content":{"rendered":"<p>&nbsp;<\/p>\n<p><u>System StoReno In Protect M puffert Luftfeuchte im Raum<\/u><\/p>\n<p><strong>Eine Alltagsherausforderung \u2013 vor allem im Altbau: Schimmel verhindern. Beim Duschen, Kochen, selbst beim Schlafen entsteht viel Feuchtigkeit. Kondensiert diese, entsteht der perfekte N\u00e4hrboden f\u00fcr Sporen, eine Gefahr vor allem in R\u00e4umen mit unged\u00e4mmten Au\u00dfenw\u00e4nden. \u201eStoReno In Protect M\u201c wirkt hier als idealer Schutzschild. Das System sorgt f\u00fcr eine h\u00f6here Temperatur auf der Innenseite der Wand, puffert die Luftfeuchte im Raum und wirkt so gegen die Schimmelgefahr.<\/strong><\/p>\n<p>Schimmel tritt besonders h\u00e4ufig in Altbauten auf, deren Au\u00dfenw\u00e4nde sich nicht einfach (von au\u00dfen) d\u00e4mmen lassen. Wenn sich dann warme, feuchte Luft an der Innenseite der k\u00fchleren Au\u00dfenwand absetzt, k\u00f6nnen Schimmelsporen einfach wachsen. Dabei ist Schimmel im Innenraum mehr als ein optisches Problem. Er kann die Bausubstanz sch\u00e4digen und Atemwegs-erkrankungen beg\u00fcnstigen. Daher sollte beim Renovieren von Wohnr\u00e4umen die Schimmelpr\u00e4vention stets mitgedacht werden.<\/p>\n<p>Eine effektive Sanierungsl\u00f6sung ist das System \u201eStoReno In Protect M\u201c, speziell entwickelt als Schimmelabwehr im Wohnraum. Es besteht aus aufeinander abgestimmten Putztr\u00e4gerplatten, mineralischer Spachtelmasse, Kleber und Innenfarbe.<\/p>\n<p><strong>Know-how gegen Schimmel<\/strong><\/p>\n<p>Das Herz des Systems ist die sto\u00dffeste Platte StoCarrier Helio aus Bl\u00e4hglasgranulat mit einer einseitigen Vlieskaschierung. Ressourcenschonend aus Altglas hergestellt, erh\u00f6ht die diffu-sionsoffene Platte die Oberfl\u00e4chentemperatur auf der Innenseite einer Au\u00dfenwand. Dadurch bleibt Wasser l\u00e4nger in der Luft gebunden, kondensiert also nicht an Oberfl\u00e4chen. Der System-aufbau mit StoLevell Calce FS wirkt sogar doppelt gegen Schimmel: Feuchteregulierend, da er Wasser bis zur Kleber-schicht zwischenspeichert und bei trockener Luft wieder an die Umgebungstemperatur abgeben kann. Eine zus\u00e4tzliche silikatische Schlussbeschichtung mit hohem ph-Wert blockiert Schimmelwachstum.<\/p>\n<p><strong>Sanierung: Nur vom Profi<\/strong><br \/>\nPlanung und Einbau des Systems \u00fcbernimmt der Fachhandwerker. Er kl\u00e4rt die objektspezifischen Anforderungen \u2013 f\u00fcr ein technisch wie optisch hochwertiges Ergebnis. Gestalterisch l\u00e4sst das Schimmelsaniersystem kaum W\u00fcnsche offen: Der Putz l\u00e4sst sich vielf\u00e4ltig gestalten, auch farbige W\u00e4nde sind kein Problem. Die passende silikatische Innenfarbe geh\u00f6rt zum System \u2013 und Maler- oder Stuck-Profis kennen die Bandbreite f\u00fcr die sch\u00f6ne W\u00e4nde.<\/p>\n<p>&nbsp;<\/p>\n<hr \/>\n<p>&nbsp;<\/p>\n<p><a href=\"http:\/\/www.pr-neu.de\/newsroom\/wordpress\/wp-content\/uploads\/2025\/09\/25_13_Innenraum_K.jpg\" target=\"_blank\" rel=\"noopener\"><img loading=\"lazy\" decoding=\"async\" class=\"aligncenter wp-image-17854 size-medium\" src=\"http:\/\/www.pr-neu.de\/newsroom\/wordpress\/wp-content\/uploads\/2025\/09\/25_13_Innenraum_K-300x200.jpg\" alt=\"\" width=\"300\" height=\"200\" srcset=\"https:\/\/www.pr-neu.de\/newsroom\/wordpress\/wp-content\/uploads\/2025\/09\/25_13_Innenraum_K-300x200.jpg 300w, https:\/\/www.pr-neu.de\/newsroom\/wordpress\/wp-content\/uploads\/2025\/09\/25_13_Innenraum_K-1024x683.jpg 1024w, https:\/\/www.pr-neu.de\/newsroom\/wordpress\/wp-content\/uploads\/2025\/09\/25_13_Innenraum_K-768x512.jpg 768w, https:\/\/www.pr-neu.de\/newsroom\/wordpress\/wp-content\/uploads\/2025\/09\/25_13_Innenraum_K-1536x1024.jpg 1536w, https:\/\/www.pr-neu.de\/newsroom\/wordpress\/wp-content\/uploads\/2025\/09\/25_13_Innenraum_K-2048x1365.jpg 2048w, https:\/\/www.pr-neu.de\/newsroom\/wordpress\/wp-content\/uploads\/2025\/09\/25_13_Innenraum_K-110x73.jpg 110w, https:\/\/www.pr-neu.de\/newsroom\/wordpress\/wp-content\/uploads\/2025\/09\/25_13_Innenraum_K-420x280.jpg 420w, https:\/\/www.pr-neu.de\/newsroom\/wordpress\/wp-content\/uploads\/2025\/09\/25_13_Innenraum_K-645x430.jpg 645w\" sizes=\"auto, (max-width: 300px) 100vw, 300px\" \/><\/a><\/p>\n<p style=\"text-align: center;\">Wenn Feuchtigkeit im Innenraum an unged\u00e4mmten Au\u00dfenw\u00e4nden kondensiert, beg\u00fcnstigt dies Schimmel. Das neue Schimmelschutzsystem \u201aStoReno In Protect M\u2018 f\u00fcr Wohnr\u00e4ume sch\u00fctzt davor.<\/p>\n<p>&nbsp;<\/p>\n<p style=\"text-align: center;\"><img loading=\"lazy\" decoding=\"async\" class=\"size-medium wp-image-17855 aligncenter\" src=\"http:\/\/www.pr-neu.de\/newsroom\/wordpress\/wp-content\/uploads\/2025\/09\/25_13_Deckenmontage_K-300x200.jpg\" alt=\"\" width=\"300\" height=\"200\" srcset=\"https:\/\/www.pr-neu.de\/newsroom\/wordpress\/wp-content\/uploads\/2025\/09\/25_13_Deckenmontage_K-300x200.jpg 300w, https:\/\/www.pr-neu.de\/newsroom\/wordpress\/wp-content\/uploads\/2025\/09\/25_13_Deckenmontage_K-1024x684.jpg 1024w, https:\/\/www.pr-neu.de\/newsroom\/wordpress\/wp-content\/uploads\/2025\/09\/25_13_Deckenmontage_K-768x513.jpg 768w, https:\/\/www.pr-neu.de\/newsroom\/wordpress\/wp-content\/uploads\/2025\/09\/25_13_Deckenmontage_K-1536x1026.jpg 1536w, https:\/\/www.pr-neu.de\/newsroom\/wordpress\/wp-content\/uploads\/2025\/09\/25_13_Deckenmontage_K-2048x1368.jpg 2048w, https:\/\/www.pr-neu.de\/newsroom\/wordpress\/wp-content\/uploads\/2025\/09\/25_13_Deckenmontage_K-110x73.jpg 110w, https:\/\/www.pr-neu.de\/newsroom\/wordpress\/wp-content\/uploads\/2025\/09\/25_13_Deckenmontage_K-420x281.jpg 420w, https:\/\/www.pr-neu.de\/newsroom\/wordpress\/wp-content\/uploads\/2025\/09\/25_13_Deckenmontage_K-644x430.jpg 644w\" sizes=\"auto, (max-width: 300px) 100vw, 300px\" \/><\/p>\n<p style=\"text-align: center;\"><!--MBNHE--><span style=\"font-family: Arial;\">Die Platte StoCarrier Helio aus Bl\u00e4h-glasgranulat erh\u00f6ht die Oberfl\u00e4chen-temperatur der Wand und verhindert, dass sich Kondensat und Schimmel bilden. F\u00fcr die flankierende Decke gibt es spezielle, keilf\u00f6rmige Platten (StoCarrier Helio W). Die Verklebung erfolgt mit mineralischem Spachtel.<\/span><\/p>\n<p>&nbsp;<\/p>\n<hr \/>\n<p>&nbsp;<\/p>\n<p>Abdruck honorarfrei, Belegexemplar erbeten<\/p>\n","protected":false},"excerpt":{"rendered":"<p>&nbsp; System StoReno In Protect M puffert Luftfeuchte im Raum Eine Alltagsherausforderung \u2013 vor allem im Altbau: Schimmel verhindern. Beim Duschen, Kochen, selbst beim Schlafen entsteht viel Feuchtigkeit. Kondensiert diese, entsteht der perfekte N\u00e4hrboden f\u00fcr Sporen, eine Gefahr vor allem in R\u00e4umen mit unged\u00e4mmten Au\u00dfenw\u00e4nden. \u201eStoReno In Protect M\u201c wirkt hier als idealer Schutzschild. Das [&hellip;]<\/p>\n","protected":false},"author":9,"featured_media":17854,"comment_status":"closed","ping_status":"open","sticky":false,"template":"","format":"standard","meta":{"footnotes":""},"categories":[661,15],"tags":[3452,3416,3450,445,3290],"class_list":["post-17853","post","type-post","status-publish","format-standard","has-post-thumbnail","hentry","category-allgemein","category-sto","tag-aussenwaende","tag-sto-de","tag-storeno","tag-schimmel","tag-stocarrier"],"_links":{"self":[{"href":"https:\/\/www.pr-neu.de\/newsroom\/wp-json\/wp\/v2\/posts\/17853","targetHints":{"allow":["GET"]}}],"collection":[{"href":"https:\/\/www.pr-neu.de\/newsroom\/wp-json\/wp\/v2\/posts"}],"about":[{"href":"https:\/\/www.pr-neu.de\/newsroom\/wp-json\/wp\/v2\/types\/post"}],"author":[{"embeddable":true,"href":"https:\/\/www.pr-neu.de\/newsroom\/wp-json\/wp\/v2\/users\/9"}],"replies":[{"embeddable":true,"href":"https:\/\/www.pr-neu.de\/newsroom\/wp-json\/wp\/v2\/comments?post=17853"}],"version-history":[{"count":3,"href":"https:\/\/www.pr-neu.de\/newsroom\/wp-json\/wp\/v2\/posts\/17853\/revisions"}],"predecessor-version":[{"id":17993,"href":"https:\/\/www.pr-neu.de\/newsroom\/wp-json\/wp\/v2\/posts\/17853\/revisions\/17993"}],"wp:featuredmedia":[{"embeddable":true,"href":"https:\/\/www.pr-neu.de\/newsroom\/wp-json\/wp\/v2\/media\/17854"}],"wp:attachment":[{"href":"https:\/\/www.pr-neu.de\/newsroom\/wp-json\/wp\/v2\/media?parent=17853"}],"wp:term":[{"taxonomy":"category","embeddable":true,"href":"https:\/\/www.pr-neu.de\/newsroom\/wp-json\/wp\/v2\/categories?post=17853"},{"taxonomy":"post_tag","embeddable":true,"href":"https:\/\/www.pr-neu.de\/newsroom\/wp-json\/wp\/v2\/tags?post=17853"}],"curies":[{"name":"wp","href":"https:\/\/api.w.org\/{rel}","templated":true}]}}