{"id":17791,"date":"2025-09-10T10:32:32","date_gmt":"2025-09-10T08:32:32","guid":{"rendered":"https:\/\/www.pr-neu.de\/newsroom\/?p=17791"},"modified":"2025-10-20T14:16:11","modified_gmt":"2025-10-20T12:16:11","slug":"mehr-holz","status":"publish","type":"post","link":"https:\/\/www.pr-neu.de\/newsroom\/mehr-holz\/","title":{"rendered":"Mehr Holz"},"content":{"rendered":"<p><u><br \/>\nObjektreport \u201ehenA\u201c: Quartiersbau in T\u00fcbingen<\/u><\/p>\n<p><strong>Funktional, ohne funktionalistisch zu wirken, f\u00fcr Alt (Pflegeheim) und Jung (Grundschule), zukunftsf\u00e4hig (KfW 40) und mit viel Holz: So bauten Schwille Architekten (Reutlingen) als Planer und die GWG \u2013 Gesellschaft f\u00fcr Wohnungs- und Gewerbebau T\u00fcbingen als Bauherr den Quartiersbau \u201ehenA\u201c auf einem rund 3,5 Hektar gro\u00dfen Gel\u00e4nde im S\u00fcden von T\u00fcbingen.<\/strong><\/p>\n<p>\u00d6kologische, soziale und wirtschaftliche Interessen vereint \u2013 diesen Anspruch erf\u00fcllt das \u201ehenA\u201c getaufte Quartierhaus im Hechinger Eck Nord in T\u00fcbingen. Es beherbergt in einem ein- bis sechsgeschossigen Bauk\u00f6rper Grundschule, Pflegeheim, Gewerbefl\u00e4chen und 29 gef\u00f6rderte Mietwohnungen. Errichtet in Holz-Hybridbauweise und im KfW-40-Standard, ist es ein f\u00fcr die Holzbaukultur wegweisendes Projekt \u2013 mit seiner Bauart und dem Nutzungsmix entwickelt es Strahlkraft, die weit \u00fcber die Region hinausreicht.<\/p>\n<p>Das Plangebiet Hechinger Eck Nord liegt in der T\u00fcbinger S\u00fcdstadt, \u201ehenA\u201c dort auf dem n\u00f6rdlichen Baufeld mit einem Baugrundst\u00fcck von rund 2.775 Quadratmetern. Fast schon \u00fcberraschend f\u00fcr das fahrradfreundliche T\u00fcbingen: Der Bau steht auf einer Tiefgarage mit 63 Pkw-Stellpl\u00e4tzen. Fahrr\u00e4der, Technik- und Nebenr\u00e4ume finden hier ebenfalls Platz. Das Erdgeschoss bietet neben Gewerber\u00e4umen vor allem Fl\u00e4che f\u00fcr die nun erweiterte Grundschule. Sie wird \u00fcber einen eigenen Zugang erschlossen. Das Pflegeheim mit 60 Pl\u00e4tzen erstreckt sich \u00fcber das erste und zweite Obergeschoss. Nur der Eingang liegt im Erdgeschoss, von hier geht es gleich nach oben zum Empfang im ersten OG. Dar\u00fcber \u2013 in den Etagen drei bis f\u00fcnf \u2013 liegen 29 gef\u00f6rderte Wohnungen mit Fl\u00e4chen zwischen 45 und 105 Quadratmetern.<\/p>\n<p>Bautechnische Besonderheit: Dort, wo m\u00f6glich, ist der Bau-k\u00f6rper mit Brettsperrholz (also nicht mit Stahlbeton) ausgesteift. \u00dcber diesen Ansatz liegt der Holzanteil noch einmal h\u00f6her als bei konventionellen Holz-Hybrid-Bauten, im Fall von \u201ehenA\u201c sind es rund 1.300 Kubikmeter. Dieses Prinzip bietet einen weiteren Vorteil f\u00fcr den Standort T\u00fcbingen: Die Stadt ist erdbebengef\u00e4hrdet (Erdbebenzone 3) und diese \u201egutm\u00fctige\u201c Konstruktionsart ist nicht zu steif. Sie hat dadurch eine gute Widerstandskraft bei Erdst\u00f6\u00dfen.<\/p>\n<p>Als wirtschaftlicher Faktor spielte die Vorfertigung eine wichtige Rolle: Sowohl der Holzbau ist modular werkseitig erfolgt, wie auch die Sanit\u00e4rzellen, die als vollst\u00e4ndig vorgefertigte B\u00e4der angeliefert und per Kran eingebaut wurden. Holz ist zudem in vielen F\u00e4llen sichtbar verbaut \u2013 mit dem Ziel, auch so eine positive Aufenthaltsqualit\u00e4t zu schaffen. Der gute energetische Wert (KfW-Effizienzhaus 40) wird \u00fcber eine hoch ged\u00e4mmte H\u00fclle erreicht.<\/p>\n<p>\u2022 Au\u00dfenw\u00e4nde: durchschnittlicher U-Wert 0,13 W\/m\u00b2K<br \/>\n\u2022 Fenster: durchschnittlicher U-Wert 0,74 W\/m\u00b2K<br \/>\n\u2022 Bodenplatte\/Treppenhaus: durchschnittlicher U-Wert 0,27 W\/m\u00b2K<br \/>\n\u2022 Decken gegen unbeheizt: durchschnittlicher U-Wert 0,11 W\/m\u00b2K<br \/>\n\u2022 Boden gegen Tiefgarage: durchschnittlicher U-Wert 0,12 W\/m\u00b2K<br \/>\n\u2022 W\u00e4rmebr\u00fccken gerechnet U<small>WB,man<\/small> = 0,020 W\/m\u00b2K<\/p>\n<p>Das Geb\u00e4ude ist an das Fernw\u00e4rmenetz angeschlossen.<\/p>\n<p><strong>Fassade als selbstbewusstes Statement<\/strong><br \/>\nGenauso abwechslungsreich wie die Nutzung zeigt sich das Geb\u00e4ude nach au\u00dfen: Die Fassadenfl\u00e4chen sind unterschiedlich gestaltet und zeigen so ganz subtil, dass im Mischen eine besondere Chance f\u00fcr Vielfalt und Attraktivit\u00e4t liegt. Das Erdgeschoss ist mit einem dunklen, feink\u00f6rnigen Putz in zwei StoSignature-Techniken gestaltet \u2013 \u201eTexture: Linear 2\u201c und \u201eEffect: Coating Partial\u201c, sowohl auf dem Beton-Untergrund als auch auf den Holzrahmenbau-Trakten. F\u00fcr die D\u00e4mmung sorgt StoTherm Mineral. Die Obergeschosse pr\u00e4gt ein Farb- und Materialmix. Kupferfassaden, Holzstreben und Putz-Fl\u00e4che sorgen f\u00fcr eine eigenst\u00e4ndige Wirkung und lockern den Bauk\u00f6rper optisch auf.<\/p>\n<p>&nbsp;<\/p>\n<hr \/>\n<p>&nbsp;<\/p>\n<p>Bautafel \u201ehenA\u201c<br \/>\nBauherr<br \/>\nGWG \u2013 Gesellschaft f\u00fcr Wohnungs- und Gewerbebau T\u00fcbingen mbH, T\u00fcbingen<br \/>\nStandort<br \/>\nHechinger Stra\u00dfe 66 &#8211; 70, T\u00fcbingen<br \/>\nArchitektur<br \/>\nSchwille Architektenpartnerschaft mbB BDA, Reutlingen<br \/>\nFachhandwerk<br \/>\nGottfried Mack e.G., Pliezhausen<br \/>\nSto-Kompetenzen<br \/>\nFassadend\u00e4mmsystem (StoTherm Mineral)<\/p>\n<p>&nbsp;<\/p>\n<hr \/>\n<p>&nbsp;<\/p>\n<p><a href=\"http:\/\/www.pr-neu.de\/newsroom\/wordpress\/wp-content\/uploads\/2025\/09\/25_23_henA_1_G-scaled.jpg\" target=\"_blank\" rel=\"noopener\"><img loading=\"lazy\" decoding=\"async\" class=\"aligncenter wp-image-17796 size-medium\" src=\"http:\/\/www.pr-neu.de\/newsroom\/wordpress\/wp-content\/uploads\/2025\/09\/25_23_henA_1_G-300x195.jpg\" alt=\"\" width=\"300\" height=\"195\" srcset=\"https:\/\/www.pr-neu.de\/newsroom\/wordpress\/wp-content\/uploads\/2025\/09\/25_23_henA_1_G-300x195.jpg 300w, https:\/\/www.pr-neu.de\/newsroom\/wordpress\/wp-content\/uploads\/2025\/09\/25_23_henA_1_G-1024x666.jpg 1024w, https:\/\/www.pr-neu.de\/newsroom\/wordpress\/wp-content\/uploads\/2025\/09\/25_23_henA_1_G-768x500.jpg 768w, https:\/\/www.pr-neu.de\/newsroom\/wordpress\/wp-content\/uploads\/2025\/09\/25_23_henA_1_G-1536x999.jpg 1536w, https:\/\/www.pr-neu.de\/newsroom\/wordpress\/wp-content\/uploads\/2025\/09\/25_23_henA_1_G-2048x1332.jpg 2048w, https:\/\/www.pr-neu.de\/newsroom\/wordpress\/wp-content\/uploads\/2025\/09\/25_23_henA_1_G-110x72.jpg 110w, https:\/\/www.pr-neu.de\/newsroom\/wordpress\/wp-content\/uploads\/2025\/09\/25_23_henA_1_G-420x273.jpg 420w, https:\/\/www.pr-neu.de\/newsroom\/wordpress\/wp-content\/uploads\/2025\/09\/25_23_henA_1_G-661x430.jpg 661w\" sizes=\"auto, (max-width: 300px) 100vw, 300px\" \/><\/a><\/p>\n<p style=\"text-align: center;\"><em>Mit dem Komplex \u201ehenA\u201c haben Schwille Architekten im T\u00fcbin-ger Viertel Hechinger Eck Nord einen auff\u00e4lligen Quartiersbau in Holz-Hybrid-Bauweise realisiert, der viele Funktionen vereint: Grundschule, Seniorenheim, Wohnungen, Gewerbe.<\/em><\/p>\n<p>&nbsp;<\/p>\n<p><a href=\"http:\/\/www.pr-neu.de\/newsroom\/wordpress\/wp-content\/uploads\/2025\/09\/25_23_henA_2_G-scaled.jpg\" target=\"_blank\" rel=\"noopener\"><img loading=\"lazy\" decoding=\"async\" class=\"aligncenter wp-image-17799 size-medium\" src=\"http:\/\/www.pr-neu.de\/newsroom\/wordpress\/wp-content\/uploads\/2025\/09\/25_23_henA_2_G-300x200.jpg\" alt=\"\" width=\"300\" height=\"200\" srcset=\"https:\/\/www.pr-neu.de\/newsroom\/wordpress\/wp-content\/uploads\/2025\/09\/25_23_henA_2_G-300x200.jpg 300w, https:\/\/www.pr-neu.de\/newsroom\/wordpress\/wp-content\/uploads\/2025\/09\/25_23_henA_2_G-1024x683.jpg 1024w, https:\/\/www.pr-neu.de\/newsroom\/wordpress\/wp-content\/uploads\/2025\/09\/25_23_henA_2_G-768x512.jpg 768w, https:\/\/www.pr-neu.de\/newsroom\/wordpress\/wp-content\/uploads\/2025\/09\/25_23_henA_2_G-1536x1024.jpg 1536w, https:\/\/www.pr-neu.de\/newsroom\/wordpress\/wp-content\/uploads\/2025\/09\/25_23_henA_2_G-2048x1366.jpg 2048w, https:\/\/www.pr-neu.de\/newsroom\/wordpress\/wp-content\/uploads\/2025\/09\/25_23_henA_2_G-110x73.jpg 110w, https:\/\/www.pr-neu.de\/newsroom\/wordpress\/wp-content\/uploads\/2025\/09\/25_23_henA_2_G-420x280.jpg 420w, https:\/\/www.pr-neu.de\/newsroom\/wordpress\/wp-content\/uploads\/2025\/09\/25_23_henA_2_G-645x430.jpg 645w\" sizes=\"auto, (max-width: 300px) 100vw, 300px\" \/><\/a><\/p>\n<p style=\"text-align: center;\"><em>Die spektakul\u00e4re, vielfach gebrochene Fassade ruht auf dem Sockelgeschoss, dass mit dem dunklen Putz Solidit\u00e4t ausstrahlt.<\/em><\/p>\n<p>&nbsp;<\/p>\n<p><a href=\"http:\/\/www.pr-neu.de\/newsroom\/wordpress\/wp-content\/uploads\/2025\/09\/25_23_henA_3_G-scaled.jpg\" target=\"_blank\" rel=\"noopener\"><img loading=\"lazy\" decoding=\"async\" class=\"aligncenter wp-image-17802 size-medium\" src=\"http:\/\/www.pr-neu.de\/newsroom\/wordpress\/wp-content\/uploads\/2025\/09\/25_23_henA_3_G-300x200.jpg\" alt=\"\" width=\"300\" height=\"200\" srcset=\"https:\/\/www.pr-neu.de\/newsroom\/wordpress\/wp-content\/uploads\/2025\/09\/25_23_henA_3_G-300x200.jpg 300w, https:\/\/www.pr-neu.de\/newsroom\/wordpress\/wp-content\/uploads\/2025\/09\/25_23_henA_3_G-1024x683.jpg 1024w, https:\/\/www.pr-neu.de\/newsroom\/wordpress\/wp-content\/uploads\/2025\/09\/25_23_henA_3_G-768x512.jpg 768w, https:\/\/www.pr-neu.de\/newsroom\/wordpress\/wp-content\/uploads\/2025\/09\/25_23_henA_3_G-1536x1025.jpg 1536w, https:\/\/www.pr-neu.de\/newsroom\/wordpress\/wp-content\/uploads\/2025\/09\/25_23_henA_3_G-2048x1366.jpg 2048w, https:\/\/www.pr-neu.de\/newsroom\/wordpress\/wp-content\/uploads\/2025\/09\/25_23_henA_3_G-110x73.jpg 110w, https:\/\/www.pr-neu.de\/newsroom\/wordpress\/wp-content\/uploads\/2025\/09\/25_23_henA_3_G-420x280.jpg 420w, https:\/\/www.pr-neu.de\/newsroom\/wordpress\/wp-content\/uploads\/2025\/09\/25_23_henA_3_G-645x430.jpg 645w\" sizes=\"auto, (max-width: 300px) 100vw, 300px\" \/><\/a><\/p>\n<p style=\"text-align: center;\"><em>Auch Einschnitte in die Kubatur sind mit Putz gestaltet.<\/em><\/p>\n<p>&nbsp;<\/p>\n<p><a href=\"http:\/\/www.pr-neu.de\/newsroom\/wordpress\/wp-content\/uploads\/2025\/09\/25_23_henA_4_G-scaled.jpg\" target=\"_blank\" rel=\"noopener\"><img loading=\"lazy\" decoding=\"async\" class=\"aligncenter wp-image-17804 size-medium\" src=\"http:\/\/www.pr-neu.de\/newsroom\/wordpress\/wp-content\/uploads\/2025\/09\/25_23_henA_4_G-300x200.jpg\" alt=\"\" width=\"300\" height=\"200\" srcset=\"https:\/\/www.pr-neu.de\/newsroom\/wordpress\/wp-content\/uploads\/2025\/09\/25_23_henA_4_G-300x200.jpg 300w, https:\/\/www.pr-neu.de\/newsroom\/wordpress\/wp-content\/uploads\/2025\/09\/25_23_henA_4_G-1024x683.jpg 1024w, https:\/\/www.pr-neu.de\/newsroom\/wordpress\/wp-content\/uploads\/2025\/09\/25_23_henA_4_G-768x512.jpg 768w, https:\/\/www.pr-neu.de\/newsroom\/wordpress\/wp-content\/uploads\/2025\/09\/25_23_henA_4_G-1536x1024.jpg 1536w, https:\/\/www.pr-neu.de\/newsroom\/wordpress\/wp-content\/uploads\/2025\/09\/25_23_henA_4_G-2048x1366.jpg 2048w, https:\/\/www.pr-neu.de\/newsroom\/wordpress\/wp-content\/uploads\/2025\/09\/25_23_henA_4_G-110x73.jpg 110w, https:\/\/www.pr-neu.de\/newsroom\/wordpress\/wp-content\/uploads\/2025\/09\/25_23_henA_4_G-420x280.jpg 420w, https:\/\/www.pr-neu.de\/newsroom\/wordpress\/wp-content\/uploads\/2025\/09\/25_23_henA_4_G-645x430.jpg 645w\" sizes=\"auto, (max-width: 300px) 100vw, 300px\" \/><\/a><\/p>\n<p style=\"text-align: center;\"><em>Detail der Putzfassade: Die Struktur \u201eLinear 2\u201c aus der StoSignature-Collection in einem dunkelbraunen Farbton gibt dem Sockelgeschoss optisch Stabilit\u00e4t.<\/em><\/p>\n<p style=\"text-align: center;\">Bilder: Martin Baitinger \/ Sto SE &amp; Co. KGaA<em><br \/>\n<\/em><\/p>\n<p>&nbsp;<\/p>\n<hr \/>\n<p>&nbsp;<\/p>\n<p>Abdruck honorarfrei, Belegexemplar erbeten<\/p>\n","protected":false},"excerpt":{"rendered":"<p>Objektreport \u201ehenA\u201c: Quartiersbau in T\u00fcbingen Funktional, ohne funktionalistisch zu wirken, f\u00fcr Alt (Pflegeheim) und Jung (Grundschule), zukunftsf\u00e4hig (KfW 40) und mit viel Holz: So bauten Schwille Architekten (Reutlingen) als Planer und die GWG \u2013 Gesellschaft f\u00fcr Wohnungs- und Gewerbebau T\u00fcbingen als Bauherr den Quartiersbau \u201ehenA\u201c auf einem rund 3,5 Hektar gro\u00dfen Gel\u00e4nde im S\u00fcden von [&hellip;]<\/p>\n","protected":false},"author":9,"featured_media":17796,"comment_status":"closed","ping_status":"open","sticky":false,"template":"","format":"standard","meta":{"footnotes":""},"categories":[661,15],"tags":[3428,3416,187,2878,3430],"class_list":["post-17791","post","type-post","status-publish","format-standard","has-post-thumbnail","hentry","category-allgemein","category-sto","tag-hena","tag-sto-de","tag-fassade","tag-holz","tag-quartiersbau"],"_links":{"self":[{"href":"https:\/\/www.pr-neu.de\/newsroom\/wp-json\/wp\/v2\/posts\/17791","targetHints":{"allow":["GET"]}}],"collection":[{"href":"https:\/\/www.pr-neu.de\/newsroom\/wp-json\/wp\/v2\/posts"}],"about":[{"href":"https:\/\/www.pr-neu.de\/newsroom\/wp-json\/wp\/v2\/types\/post"}],"author":[{"embeddable":true,"href":"https:\/\/www.pr-neu.de\/newsroom\/wp-json\/wp\/v2\/users\/9"}],"replies":[{"embeddable":true,"href":"https:\/\/www.pr-neu.de\/newsroom\/wp-json\/wp\/v2\/comments?post=17791"}],"version-history":[{"count":17,"href":"https:\/\/www.pr-neu.de\/newsroom\/wp-json\/wp\/v2\/posts\/17791\/revisions"}],"predecessor-version":[{"id":17996,"href":"https:\/\/www.pr-neu.de\/newsroom\/wp-json\/wp\/v2\/posts\/17791\/revisions\/17996"}],"wp:featuredmedia":[{"embeddable":true,"href":"https:\/\/www.pr-neu.de\/newsroom\/wp-json\/wp\/v2\/media\/17796"}],"wp:attachment":[{"href":"https:\/\/www.pr-neu.de\/newsroom\/wp-json\/wp\/v2\/media?parent=17791"}],"wp:term":[{"taxonomy":"category","embeddable":true,"href":"https:\/\/www.pr-neu.de\/newsroom\/wp-json\/wp\/v2\/categories?post=17791"},{"taxonomy":"post_tag","embeddable":true,"href":"https:\/\/www.pr-neu.de\/newsroom\/wp-json\/wp\/v2\/tags?post=17791"}],"curies":[{"name":"wp","href":"https:\/\/api.w.org\/{rel}","templated":true}]}}