{"id":17767,"date":"2025-08-27T10:37:40","date_gmt":"2025-08-27T08:37:40","guid":{"rendered":"https:\/\/www.pr-neu.de\/newsroom\/?p=17767"},"modified":"2025-11-10T13:00:56","modified_gmt":"2025-11-10T12:00:56","slug":"pfas-freie-dichtband-palette","status":"publish","type":"post","link":"https:\/\/www.pr-neu.de\/newsroom\/pfas-freie-dichtband-palette\/","title":{"rendered":"PFAS-freie Dichtband-Palette"},"content":{"rendered":"<p><u>Hanno setzt Zeichen f\u00fcr Nachhaltigkeit und greift EU-Verbot vor<\/u><\/p>\n<p><strong>Hanno hat sich nicht nur in seinem Leitbild der Nachhaltigkeit verschrieben, sondern lebt die \u00f6kologische Verantwortung auch in der Entwicklung neuer PFAS-freier Produkte. Damit erf\u00fcllt der Dicht- und D\u00e4mmspezialist das EU-Verbot bereits vor dem Inkrafttreten.<\/strong><\/p>\n<p>Per- und polyfluorierte Alkylverbindungen (PFAS) haben keinen nat\u00fcrlichen Ursprung. Sie werden ausschlie\u00dflich industriell hergestellt und in zahlreichen Kontexten \u2013 wie Elektronik, Textilien, Kochen, Kosmetika, Bauen und Medizin \u2013 angewendet. Sch\u00e4tzungsweise mehr als 4.700 chemische Stoffe gibt es, die zu den PFAS-Verbindungen z\u00e4hlen, und ihre Eigenschaften sind vielf\u00e4ltig: wasser-, \u00f6l-, fett- und schmutzabweisend, chemikalien- und hitzebest\u00e4ndig, langlebig. Damit sind sie extrem leistungsf\u00e4hig und in vielen F\u00e4llen nur schwer zu ersetzen.<\/p>\n<p>Jedoch sind PFAS auch sehr stabile Verbindungen, das hei\u00dft, die sogenannten \u201eEwigkeitschemikalien\u201c werden in der Natur so gut wie nicht abgebaut und Spuren finden sich fast \u00fcberall: in der Luft, im Wasser und sogar im Blut nahezu aller Menschen. Ihre Auswirkungen auf Lebewesen und Umwelt sind noch nicht hinreichend erforscht, sie stehen aber im Verdacht, gesundheitssch\u00e4dlich und krebserregend zu sein.<\/p>\n<p>Seit 2020 bzw. 2022 sind daher zahlreiche Verbindungen, die zur PFAS-Stoffgruppe geh\u00f6ren, in der EU verboten. Die Europ\u00e4ische Chemikalienagentur ECHA bereitet zurzeit ein EU-weites Verbot f\u00fcr PFAS vor, das vom Europ\u00e4ischen Parlament voraussichtlich 2026 verabschiedet wird. Nach einer 18-monatigen \u00dcbergangsfrist tritt die Umsetzung demnach eventuell schon Mitte 2028 in Kraft.<\/p>\n<p>Hanno hat fr\u00fchzeitig begonnen, sich auf das Verbot vorzubereiten, und bietet bereits heute PFAS-freie Dichtb\u00e4nder an. Das in Grau und Schwarz erh\u00e4ltliche Hannoband-600-free erf\u00fcllt alle Kriterien der DIN 18542:2020, insbesondere hinsichtlich a-Wert, Schlagregendichte und Brand. Es wird 2025 vollst\u00e4ndig zertifiziert. Zur Schalld\u00e4mpfung f\u00fcr Heizungs-, L\u00fcftungs- und Klimatechnik ist Hanno-Tect-F-free gedacht. Die Schalld\u00e4mmplatten sind hydrophob und schwer entflammbar. Sie zeichnen sich durch sehr gute Schallabsorption, W\u00e4rmeleitf\u00e4higkeit, chemische und thermische (bis 150 Grad Celsius) Best\u00e4ndigkeit aus. Die Oberfl\u00e4che ist auf diverse Arten zu beschichten.<\/p>\n<p>Hanno setzt seine Entwicklung PFAS-freier Dichtb\u00e4nder in gleichbleibender Qualit\u00e4t fort. Als n\u00e4chstes stehen BG2-B\u00e4nder und Hannoband Therm an. Bis hin zu den Multifunktionsb\u00e4ndern wird eine gro\u00dfe Produktpalette ohne PFAS angeboten.<\/p>\n<p>&nbsp;<\/p>\n<hr \/>\n<p>&nbsp;<\/p>\n<p>&nbsp;<\/p>\n<p><a href=\"http:\/\/www.pr-neu.de\/newsroom\/wordpress\/wp-content\/uploads\/2025\/08\/25-01_Hannoband-600-free_K.jpg\" target=\"_blank\" rel=\"noopener\"><img loading=\"lazy\" decoding=\"async\" class=\"aligncenter wp-image-17768 size-medium\" src=\"http:\/\/www.pr-neu.de\/newsroom\/wordpress\/wp-content\/uploads\/2025\/08\/25-01_Hannoband-600-free_K-250x300.jpg\" alt=\"Produktbild vom PFAS-freien BG1-Dichtband Hannoband-600-free.\" width=\"250\" height=\"300\" srcset=\"https:\/\/www.pr-neu.de\/newsroom\/wordpress\/wp-content\/uploads\/2025\/08\/25-01_Hannoband-600-free_K-250x300.jpg 250w, https:\/\/www.pr-neu.de\/newsroom\/wordpress\/wp-content\/uploads\/2025\/08\/25-01_Hannoband-600-free_K-855x1024.jpg 855w, https:\/\/www.pr-neu.de\/newsroom\/wordpress\/wp-content\/uploads\/2025\/08\/25-01_Hannoband-600-free_K-768x920.jpg 768w, https:\/\/www.pr-neu.de\/newsroom\/wordpress\/wp-content\/uploads\/2025\/08\/25-01_Hannoband-600-free_K-1282x1536.jpg 1282w, https:\/\/www.pr-neu.de\/newsroom\/wordpress\/wp-content\/uploads\/2025\/08\/25-01_Hannoband-600-free_K-1709x2048.jpg 1709w, https:\/\/www.pr-neu.de\/newsroom\/wordpress\/wp-content\/uploads\/2025\/08\/25-01_Hannoband-600-free_K-92x110.jpg 92w, https:\/\/www.pr-neu.de\/newsroom\/wordpress\/wp-content\/uploads\/2025\/08\/25-01_Hannoband-600-free_K-351x420.jpg 351w, https:\/\/www.pr-neu.de\/newsroom\/wordpress\/wp-content\/uploads\/2025\/08\/25-01_Hannoband-600-free_K-359x430.jpg 359w, https:\/\/www.pr-neu.de\/newsroom\/wordpress\/wp-content\/uploads\/2025\/08\/25-01_Hannoband-600-free_K.jpg 2003w\" sizes=\"auto, (max-width: 250px) 100vw, 250px\" \/><\/a><\/p>\n<p style=\"text-align: center;\">Das PFAS-freie BG1-Fugendichtband Hannoband-600-free erf\u00fcllt alle Kriterien der DIN 18542:2020.<br \/>\nBild: Hanno Werk GmbH &amp; Co. KG<\/p>\n<p>&nbsp;<\/p>\n<p><a href=\"http:\/\/www.pr-neu.de\/newsroom\/wordpress\/wp-content\/uploads\/2025\/08\/25-01_Montage_K.jpg\" target=\"_blank\" rel=\"noopener\"><img loading=\"lazy\" decoding=\"async\" class=\"aligncenter wp-image-17770 size-medium\" src=\"http:\/\/www.pr-neu.de\/newsroom\/wordpress\/wp-content\/uploads\/2025\/08\/25-01_Montage_K-300x300.jpg\" alt=\"KI-Bild von Fensterbauer Handwerker, der wei\u00dfes Fenster in Holz-Rohbau installiert. B\u00e4ume und B\u00fcsche im Hintergrund.\" width=\"300\" height=\"300\" srcset=\"https:\/\/www.pr-neu.de\/newsroom\/wordpress\/wp-content\/uploads\/2025\/08\/25-01_Montage_K-300x300.jpg 300w, https:\/\/www.pr-neu.de\/newsroom\/wordpress\/wp-content\/uploads\/2025\/08\/25-01_Montage_K-1024x1024.jpg 1024w, https:\/\/www.pr-neu.de\/newsroom\/wordpress\/wp-content\/uploads\/2025\/08\/25-01_Montage_K-150x150.jpg 150w, https:\/\/www.pr-neu.de\/newsroom\/wordpress\/wp-content\/uploads\/2025\/08\/25-01_Montage_K-768x768.jpg 768w, https:\/\/www.pr-neu.de\/newsroom\/wordpress\/wp-content\/uploads\/2025\/08\/25-01_Montage_K-1536x1536.jpg 1536w, https:\/\/www.pr-neu.de\/newsroom\/wordpress\/wp-content\/uploads\/2025\/08\/25-01_Montage_K-2048x2048.jpg 2048w, https:\/\/www.pr-neu.de\/newsroom\/wordpress\/wp-content\/uploads\/2025\/08\/25-01_Montage_K-250x250.jpg 250w, https:\/\/www.pr-neu.de\/newsroom\/wordpress\/wp-content\/uploads\/2025\/08\/25-01_Montage_K-125x125.jpg 125w, https:\/\/www.pr-neu.de\/newsroom\/wordpress\/wp-content\/uploads\/2025\/08\/25-01_Montage_K-110x110.jpg 110w, https:\/\/www.pr-neu.de\/newsroom\/wordpress\/wp-content\/uploads\/2025\/08\/25-01_Montage_K-420x420.jpg 420w, https:\/\/www.pr-neu.de\/newsroom\/wordpress\/wp-content\/uploads\/2025\/08\/25-01_Montage_K-430x430.jpg 430w\" sizes=\"auto, (max-width: 300px) 100vw, 300px\" \/><\/a><\/p>\n<p style=\"text-align: center;\">Bei der Montage verh\u00e4lt sich Hannoband-600-free hinsichtlich Aufgehverhalten und Fugendimensionen in gleichbleibender Qualit\u00e4t.<br \/>\nBild: Hanno Werk GmbH &amp; Co. KG \/ Adobe Firefly<\/p>\n<p>&nbsp;<\/p>\n<hr \/>\n<p>&nbsp;<\/p>\n<p>Abdruck honorarfrei, Belegexemplar erbeten<\/p>\n","protected":false},"excerpt":{"rendered":"<p>Hanno hat sich nicht nur in seinem Leitbild der Nachhaltigkeit verschrieben, sondern lebt die \u00f6kologische Verantwortung auch in der Entwicklung neuer PFAS-freier Produkte. Damit erf\u00fcllt der Dicht- und D\u00e4mmstoffspezialist das EU-Verbot bereits vor dem Inkrafttreten.<\/p>\n","protected":false},"author":10,"featured_media":17770,"comment_status":"closed","ping_status":"open","sticky":false,"template":"","format":"standard","meta":{"footnotes":""},"categories":[655],"tags":[124,2143,194,1749,1743,1745,3246],"class_list":["post-17767","post","type-post","status-publish","format-standard","has-post-thumbnail","hentry","category-hanno","tag-dammung","tag-dichtband","tag-fenster","tag-fugen","tag-hanno","tag-hannoband","tag-pfas"],"_links":{"self":[{"href":"https:\/\/www.pr-neu.de\/newsroom\/wp-json\/wp\/v2\/posts\/17767","targetHints":{"allow":["GET"]}}],"collection":[{"href":"https:\/\/www.pr-neu.de\/newsroom\/wp-json\/wp\/v2\/posts"}],"about":[{"href":"https:\/\/www.pr-neu.de\/newsroom\/wp-json\/wp\/v2\/types\/post"}],"author":[{"embeddable":true,"href":"https:\/\/www.pr-neu.de\/newsroom\/wp-json\/wp\/v2\/users\/10"}],"replies":[{"embeddable":true,"href":"https:\/\/www.pr-neu.de\/newsroom\/wp-json\/wp\/v2\/comments?post=17767"}],"version-history":[{"count":3,"href":"https:\/\/www.pr-neu.de\/newsroom\/wp-json\/wp\/v2\/posts\/17767\/revisions"}],"predecessor-version":[{"id":18105,"href":"https:\/\/www.pr-neu.de\/newsroom\/wp-json\/wp\/v2\/posts\/17767\/revisions\/18105"}],"wp:featuredmedia":[{"embeddable":true,"href":"https:\/\/www.pr-neu.de\/newsroom\/wp-json\/wp\/v2\/media\/17770"}],"wp:attachment":[{"href":"https:\/\/www.pr-neu.de\/newsroom\/wp-json\/wp\/v2\/media?parent=17767"}],"wp:term":[{"taxonomy":"category","embeddable":true,"href":"https:\/\/www.pr-neu.de\/newsroom\/wp-json\/wp\/v2\/categories?post=17767"},{"taxonomy":"post_tag","embeddable":true,"href":"https:\/\/www.pr-neu.de\/newsroom\/wp-json\/wp\/v2\/tags?post=17767"}],"curies":[{"name":"wp","href":"https:\/\/api.w.org\/{rel}","templated":true}]}}