{"id":17761,"date":"2025-08-26T09:36:10","date_gmt":"2025-08-26T07:36:10","guid":{"rendered":"https:\/\/www.pr-neu.de\/newsroom\/?p=17761"},"modified":"2025-08-26T10:20:48","modified_gmt":"2025-08-26T08:20:48","slug":"rankhilfe-fuer-begruente-daemmfassade","status":"publish","type":"post","link":"https:\/\/www.pr-neu.de\/newsroom\/rankhilfe-fuer-begruente-daemmfassade\/","title":{"rendered":"Rankhilfe f\u00fcr begr\u00fcnte D\u00e4mmfassade"},"content":{"rendered":"<p><u>Fassadenbegr\u00fcnung mit StoFix IsoBar ECO<\/u><\/p>\n<p>Begr\u00fcnte Fassaden haben eine k\u00fchlende Wirkung auf das Stadtklima. Die Pflanzen reinigen zudem die Luft und produzieren Sauerstoff. Nicht zuletzt setzt eine Gr\u00fcnfassade architektonisch Akzente. Mit dem Programm \u201eFrankfurt frischt auf\u201c f\u00f6rdert die Stadt am Main Hauseigent\u00fcmer, Unternehmen und Wohnungsbaugesellschaften, die in gr\u00fcne Fassaden investieren. So hat mittlerweile die ABG Frankfurt Holding bei energetischen Sanierungen Teilfassaden entsprechend ausger\u00fcstet. Die Geb\u00e4udez\u00fcge an der Mainzer Landstra\u00dfe zeigen jetzt unter anderem Pfeifenwinde und Kletterrose \u2013 sogenannte \u201eRanker und Schlinger\u201c, die zum Wachsen Kletterhilfen ben\u00f6tigen. Daf\u00fcr erhielt die mit StoTherm Classic ged\u00e4mmte Fassade zus\u00e4tzlich das System StoFix Iso-Bar ECO. Die Rankhilfe aus glasfaserverst\u00e4rktem Kunststoff ist f\u00fcr die Befestigung auf WDV-Systemen mit allgemeiner bauaufsichtlicher Zulassung bis 300 Millimeter D\u00e4mmstoffdicken konzipiert und kann auch nachtr\u00e4glich montiert werden.<\/p>\n<p>&nbsp;<\/p>\n<hr \/>\n<p>&nbsp;<\/p>\n<p><a href=\"http:\/\/www.pr-neu.de\/newsroom\/wordpress\/wp-content\/uploads\/2025\/08\/25_22_Ranksystem_Gruen_Fassade_K.jpg\" target=\"_blank\" rel=\"noopener\"><img loading=\"lazy\" decoding=\"async\" class=\"wp-image-17762 size-medium aligncenter\" src=\"http:\/\/www.pr-neu.de\/newsroom\/wordpress\/wp-content\/uploads\/2025\/08\/25_22_Ranksystem_Gruen_Fassade_K-200x300.jpg\" alt=\"Hausfassade mit anf\u00e4nglicher Begr\u00fcnung am Ranksystem. Wei\u00dfe wand, gr\u00fcne Kletterpflanzen.\" width=\"200\" height=\"300\" srcset=\"https:\/\/www.pr-neu.de\/newsroom\/wordpress\/wp-content\/uploads\/2025\/08\/25_22_Ranksystem_Gruen_Fassade_K-200x300.jpg 200w, https:\/\/www.pr-neu.de\/newsroom\/wordpress\/wp-content\/uploads\/2025\/08\/25_22_Ranksystem_Gruen_Fassade_K-684x1024.jpg 684w, https:\/\/www.pr-neu.de\/newsroom\/wordpress\/wp-content\/uploads\/2025\/08\/25_22_Ranksystem_Gruen_Fassade_K-768x1151.jpg 768w, https:\/\/www.pr-neu.de\/newsroom\/wordpress\/wp-content\/uploads\/2025\/08\/25_22_Ranksystem_Gruen_Fassade_K-1025x1536.jpg 1025w, https:\/\/www.pr-neu.de\/newsroom\/wordpress\/wp-content\/uploads\/2025\/08\/25_22_Ranksystem_Gruen_Fassade_K-1367x2048.jpg 1367w, https:\/\/www.pr-neu.de\/newsroom\/wordpress\/wp-content\/uploads\/2025\/08\/25_22_Ranksystem_Gruen_Fassade_K-73x110.jpg 73w, https:\/\/www.pr-neu.de\/newsroom\/wordpress\/wp-content\/uploads\/2025\/08\/25_22_Ranksystem_Gruen_Fassade_K-280x420.jpg 280w, https:\/\/www.pr-neu.de\/newsroom\/wordpress\/wp-content\/uploads\/2025\/08\/25_22_Ranksystem_Gruen_Fassade_K-287x430.jpg 287w, https:\/\/www.pr-neu.de\/newsroom\/wordpress\/wp-content\/uploads\/2025\/08\/25_22_Ranksystem_Gruen_Fassade_K.jpg 1602w\" sizes=\"auto, (max-width: 200px) 100vw, 200px\" \/><\/a><\/p>\n<p style=\"text-align: center;\">Noch sind die Pflanzen zart, doch mit der Zeit ziert \u00fcppiges Gr\u00fcn die Fassade. Die Rankhilfe StoFix Iso-Bar ECO macht es m\u00f6glich \u2013 wie an diesem Wohnbau in Frankfurt an der Mainzer Stra\u00dfe.<br \/>\nBild: Axel Stephan, Frankfurt \/ Sto SE &amp; Co. KGaA<\/p>\n<p>&nbsp;<\/p>\n<hr \/>\n<p>&nbsp;<\/p>\n<p>Abdruck honorarfrei, Belegexemplar erbeten<\/p>\n","protected":false},"excerpt":{"rendered":"<p>Damit \u201eRanker und Schlinger\u201c \u2013 also Pflanzen, die zum Wachsen Kletterhifen brauchen \u2013 zum Begr\u00fcnen von Fassaden genutzt werden k\u00f6nnen, gibt es \u201eStoFix Iso-Bar Eco\u201c. Die Rankhilfe aus glasfaserverst\u00e4rktem Kunststoff eignet sich auch f\u00fcr ged\u00e4mmte Fassaden. <\/p>\n","protected":false},"author":9,"featured_media":17764,"comment_status":"closed","ping_status":"open","sticky":false,"template":"","format":"standard","meta":{"footnotes":""},"categories":[15],"tags":[3412,187,1845,3414,3410,3408,504,1841],"class_list":["post-17761","post","type-post","status-publish","format-standard","has-post-thumbnail","hentry","category-sto","tag-efeu","tag-fassade","tag-fassadenbegruenung","tag-hausbegruenung","tag-kletterpflanze","tag-rankhilfe","tag-sto-2","tag-stofix"],"_links":{"self":[{"href":"https:\/\/www.pr-neu.de\/newsroom\/wp-json\/wp\/v2\/posts\/17761","targetHints":{"allow":["GET"]}}],"collection":[{"href":"https:\/\/www.pr-neu.de\/newsroom\/wp-json\/wp\/v2\/posts"}],"about":[{"href":"https:\/\/www.pr-neu.de\/newsroom\/wp-json\/wp\/v2\/types\/post"}],"author":[{"embeddable":true,"href":"https:\/\/www.pr-neu.de\/newsroom\/wp-json\/wp\/v2\/users\/9"}],"replies":[{"embeddable":true,"href":"https:\/\/www.pr-neu.de\/newsroom\/wp-json\/wp\/v2\/comments?post=17761"}],"version-history":[{"count":3,"href":"https:\/\/www.pr-neu.de\/newsroom\/wp-json\/wp\/v2\/posts\/17761\/revisions"}],"predecessor-version":[{"id":17766,"href":"https:\/\/www.pr-neu.de\/newsroom\/wp-json\/wp\/v2\/posts\/17761\/revisions\/17766"}],"wp:featuredmedia":[{"embeddable":true,"href":"https:\/\/www.pr-neu.de\/newsroom\/wp-json\/wp\/v2\/media\/17764"}],"wp:attachment":[{"href":"https:\/\/www.pr-neu.de\/newsroom\/wp-json\/wp\/v2\/media?parent=17761"}],"wp:term":[{"taxonomy":"category","embeddable":true,"href":"https:\/\/www.pr-neu.de\/newsroom\/wp-json\/wp\/v2\/categories?post=17761"},{"taxonomy":"post_tag","embeddable":true,"href":"https:\/\/www.pr-neu.de\/newsroom\/wp-json\/wp\/v2\/tags?post=17761"}],"curies":[{"name":"wp","href":"https:\/\/api.w.org\/{rel}","templated":true}]}}