{"id":17754,"date":"2025-08-19T10:23:35","date_gmt":"2025-08-19T08:23:35","guid":{"rendered":"https:\/\/www.pr-neu.de\/newsroom\/?p=17754"},"modified":"2025-08-19T10:23:35","modified_gmt":"2025-08-19T08:23:35","slug":"70-jahre-organische-putze","status":"publish","type":"post","link":"https:\/\/www.pr-neu.de\/newsroom\/70-jahre-organische-putze\/","title":{"rendered":"70 Jahre organische Putze"},"content":{"rendered":"<p><u>Erster organischer Putz \u201eStolit\u201c feiert Jubil\u00e4um<\/u><\/p>\n<p><strong>Vor 70 Jahren ver\u00e4nderte ein neuartiger, organisch gebundener Fassadenputz die Kunst der Fassadenbeschichtung: \u201eStolit\u201c kam auf den Markt.<\/strong><\/p>\n<p>Schon seit der Antike sch\u00fctzen und versch\u00f6nern Menschen Bauwerke mit Putz \u2013 zun\u00e4chst auf der Basis von Lehm und Kalk, sp\u00e4ter auch Zement. 1955 brachte Fritz Stotmeister eine bahnbrechende Erfindung auf den Markt: Den ersten feuchteunempfindlichen, organisch gebundenen Putz ohne Kalk und Zement. Dieser \u201eStolit\u201c genannte Putz revolutionierte das Beschichten von Fassaden. Aufgrund der organischen Bindemittel (Polymerdispersionen) besa\u00df er eine bessere Nasshaftung als traditionelle Putze. Er verf\u00fcgte \u00fcber eine l\u00e4ngere Offenzeit und war geschmeidiger aufzuziehen. Vor allem aber nahm er weniger Wasser auf und sch\u00fctzte den Untergrund wirkungsvoll und lang andauernd vor Feuchtigkeitsaufnahme. Nun ist es nicht so, dass mineralische Putze deswegen ihre Existenzberechtigung verloren h\u00e4tten, aber immer dann, wenn dem Feuchteschutz die gr\u00f6\u00dfte Aufmerksamkeit zukommt, r\u00fccken die organisch gebundenen Alternativen in den Fokus. Das gilt auch, wenn es um brillante, leuchtende Farben oder eine h\u00f6here Schlag- und Sto\u00dffestigkeit geht, da organische M\u00f6rtel z\u00e4helastisch sind und so St\u00f6\u00dfen besser widerstehen als spr\u00f6dharte, zementgebundene Materialien. Darum sind heute nahezu alle Putze (auch die meisten \u201emineralischen\u201c) organisch verg\u00fctet.<\/p>\n<p>Das Original ist 70 Jahre nach seiner Markteinf\u00fchrung nach wie vor als Kratz-, Rillen- oder Modellierputz erh\u00e4ltlich. Bei der Variante \u201eStolit AimS\u201c basiert das Bindemittel mittlerweile zu 30 Prozent auf Kiefern\u00f6l aus Abf\u00e4llen der Holzwirtschaft. Somit ist der Jubilar erneut Trendsetter \u2013 dieses Mal beim Thema Ressourcenschonung.<\/p>\n<p>&nbsp;<\/p>\n<hr \/>\n<p>&nbsp;<\/p>\n<p><a href=\"http:\/\/www.pr-neu.de\/newsroom\/wordpress\/wp-content\/uploads\/2025\/08\/25_01_Stolit_70_K.jpg\" target=\"_blank\" rel=\"noopener\"><img loading=\"lazy\" decoding=\"async\" class=\"aligncenter wp-image-17755 size-medium\" src=\"http:\/\/www.pr-neu.de\/newsroom\/wordpress\/wp-content\/uploads\/2025\/08\/25_01_Stolit_70_K-300x225.jpg\" alt=\"Arm von Handwerker verarbeitet wei\u00dfen Stolit-Putz mit Kelle an der Wand \" width=\"300\" height=\"225\" srcset=\"https:\/\/www.pr-neu.de\/newsroom\/wordpress\/wp-content\/uploads\/2025\/08\/25_01_Stolit_70_K-300x225.jpg 300w, https:\/\/www.pr-neu.de\/newsroom\/wordpress\/wp-content\/uploads\/2025\/08\/25_01_Stolit_70_K-1024x768.jpg 1024w, https:\/\/www.pr-neu.de\/newsroom\/wordpress\/wp-content\/uploads\/2025\/08\/25_01_Stolit_70_K-768x576.jpg 768w, https:\/\/www.pr-neu.de\/newsroom\/wordpress\/wp-content\/uploads\/2025\/08\/25_01_Stolit_70_K-1536x1152.jpg 1536w, https:\/\/www.pr-neu.de\/newsroom\/wordpress\/wp-content\/uploads\/2025\/08\/25_01_Stolit_70_K-2048x1536.jpg 2048w, https:\/\/www.pr-neu.de\/newsroom\/wordpress\/wp-content\/uploads\/2025\/08\/25_01_Stolit_70_K-110x83.jpg 110w, https:\/\/www.pr-neu.de\/newsroom\/wordpress\/wp-content\/uploads\/2025\/08\/25_01_Stolit_70_K-420x315.jpg 420w, https:\/\/www.pr-neu.de\/newsroom\/wordpress\/wp-content\/uploads\/2025\/08\/25_01_Stolit_70_K-573x430.jpg 573w\" sizes=\"auto, (max-width: 300px) 100vw, 300px\" \/><\/a><\/p>\n<p style=\"text-align: center;\">Geschmeidiger aufzuziehen, bessere Nasshaftung, l\u00e4ngere Offenzeit: Etliche Eigenschaften des neuartigen \u201eStolit\u201c f\u00fchrten dazu, dass sich organisch gebundene Putze durchsetzten. In diesem Jahr wird die Erfindung 70 Jahre alt und ist nach wie vor als Fassadenbeschichtung nicht wegzudenken.<br \/>\nBild: Sto SE &amp; Co. KGaA<\/p>\n<p>&nbsp;<\/p>\n<hr \/>\n<p>&nbsp;<\/p>\n<p>Abdruck honorarfrei, Belegexemplar erbeten<\/p>\n","protected":false},"excerpt":{"rendered":"<p>Vor 70 Jahren ver\u00e4nderte ein neuartiger, organisch gebundener Fassadenputz die Kunst der Fassadenbeschichtung: \u201eStolit\u201c kam auf den Markt.<\/p>\n","protected":false},"author":9,"featured_media":17755,"comment_status":"closed","ping_status":"open","sticky":false,"template":"","format":"standard","meta":{"footnotes":""},"categories":[15],"tags":[187,3068,414,504,2688],"class_list":["post-17754","post","type-post","status-publish","format-standard","has-post-thumbnail","hentry","category-sto","tag-fassade","tag-fassadenputz","tag-putz","tag-sto-2","tag-stolit"],"_links":{"self":[{"href":"https:\/\/www.pr-neu.de\/newsroom\/wp-json\/wp\/v2\/posts\/17754","targetHints":{"allow":["GET"]}}],"collection":[{"href":"https:\/\/www.pr-neu.de\/newsroom\/wp-json\/wp\/v2\/posts"}],"about":[{"href":"https:\/\/www.pr-neu.de\/newsroom\/wp-json\/wp\/v2\/types\/post"}],"author":[{"embeddable":true,"href":"https:\/\/www.pr-neu.de\/newsroom\/wp-json\/wp\/v2\/users\/9"}],"replies":[{"embeddable":true,"href":"https:\/\/www.pr-neu.de\/newsroom\/wp-json\/wp\/v2\/comments?post=17754"}],"version-history":[{"count":1,"href":"https:\/\/www.pr-neu.de\/newsroom\/wp-json\/wp\/v2\/posts\/17754\/revisions"}],"predecessor-version":[{"id":17756,"href":"https:\/\/www.pr-neu.de\/newsroom\/wp-json\/wp\/v2\/posts\/17754\/revisions\/17756"}],"wp:featuredmedia":[{"embeddable":true,"href":"https:\/\/www.pr-neu.de\/newsroom\/wp-json\/wp\/v2\/media\/17755"}],"wp:attachment":[{"href":"https:\/\/www.pr-neu.de\/newsroom\/wp-json\/wp\/v2\/media?parent=17754"}],"wp:term":[{"taxonomy":"category","embeddable":true,"href":"https:\/\/www.pr-neu.de\/newsroom\/wp-json\/wp\/v2\/categories?post=17754"},{"taxonomy":"post_tag","embeddable":true,"href":"https:\/\/www.pr-neu.de\/newsroom\/wp-json\/wp\/v2\/tags?post=17754"}],"curies":[{"name":"wp","href":"https:\/\/api.w.org\/{rel}","templated":true}]}}