{"id":17744,"date":"2025-08-18T13:04:46","date_gmt":"2025-08-18T11:04:46","guid":{"rendered":"https:\/\/www.pr-neu.de\/newsroom\/?p=17744"},"modified":"2025-08-19T14:59:18","modified_gmt":"2025-08-19T12:59:18","slug":"vitello-flex-unter-neuem-dach","status":"publish","type":"post","link":"https:\/\/www.pr-neu.de\/newsroom\/vitello-flex-unter-neuem-dach\/","title":{"rendered":"Vitello-Flex unter neuem Dach"},"content":{"rendered":"<p><u>TS Aluminium \u00fcbernimmt Schiebedach-Systeme der Vitello-System GmbH<\/u><\/p>\n<p><strong>Ab sofort f\u00fchrt TS Aluminium die Vitello-Flex Schiebedach-Systeme der Vitello-System GmbH fort. Der Anbieter von hochwertigen Terrassend\u00e4chern, Sommer- und Winterg\u00e4rten erg\u00e4nzt sein bestehendes Sortiment so ideal um eine neue Komponente.<\/strong><\/p>\n<p>Der Clou bei Vitello-Flex und Vitello-Flex-Plus: Die Glaselemente lassen sich \u00f6ffnen. Bei Sonne kann man so unter freiem Himmel sitzen und bei Regen das Dach manuell oder ferngesteuert schlie\u00dfen. So erweitert dieses System das bestehende Portfolio optimal, zum Beispiel das Kombidach aus Glas und Lamellen oder die D\u00e4cher der neuen Serie SunChill. Vor allem f\u00fcr die Gastronomie oder Wohnungen im Obergeschoss mit gro\u00dfen Fensterfronten ist diese Option interessant.<\/p>\n<p>\u201eF\u00fcr unsere Partner er\u00f6ffnen sich so im wahrsten Sinne des Wortes v\u00f6llig neue Sichtweisen. Je nach W\u00fcnschen und Bed\u00fcrfnissen kann eine Beratung nun noch umfangreicher und individueller erfolgen\u201c, freut sich Rainer Trauernicht, Gesch\u00e4ftsf\u00fchrer TS Aluminium.<\/p>\n<p>Produktion und Vertrieb von Vitello-Flex und Vitello-Flex-Plus liegen jetzt bei TS Aluminium. Momentan stellt das Familienunternehmen die Weichen, um die Fertigung reibungslos zu integrieren und die Produkte in gleichbleibender Qualit\u00e4t anzubieten. Angaben zur Auftragsbearbeitung seitens TS Aluminium folgen in K\u00fcrze, konkrete Lieferzeiten sind f\u00fcr Anfang 2026 avisiert.<\/p>\n<p>Die aktuelle Preisliste bleibt bestehen. Ansprechpartner f\u00fcr die Vitello-Flex Schiebedach-Systeme ist ab sofort TS Aluminium. F\u00fcr technische, montageunterst\u00fctzende und allgemeine Fragen bleibt die Vitello-System GmbH bis Ende 2026 telefonisch erreichbar.<\/p>\n<p>\u201eWir freuen uns sehr, mit TS Aluminium einen erfahrenen und zuverl\u00e4ssigen Partner gefunden zu haben, der unser System mit dem gleichen Anspruch an Innovation und Service weiterf\u00fchrt, wie wir ihn \u00fcber viele Jahre etabliert haben\u201c, sagt Jochim Kalbfleisch, Gesch\u00e4ftsf\u00fchrer Vitello-System GmbH.<\/p>\n<p>&nbsp;<\/p>\n<hr \/>\n<p>&nbsp;<\/p>\n<p><a href=\"http:\/\/www.pr-neu.de\/newsroom\/wordpress\/wp-content\/uploads\/2025\/08\/25-15_Vitello_Grafik_K.jpg\" target=\"_blank\" rel=\"noopener\"><img loading=\"lazy\" decoding=\"async\" class=\"aligncenter wp-image-17746 size-medium\" src=\"http:\/\/www.pr-neu.de\/newsroom\/wordpress\/wp-content\/uploads\/2025\/08\/25-15_Vitello_Grafik_K-300x212.jpg\" alt=\"Grafik: Vitello-Flex-Schiebefenster im TS Aluminium Terrassendach\" width=\"300\" height=\"212\" srcset=\"https:\/\/www.pr-neu.de\/newsroom\/wordpress\/wp-content\/uploads\/2025\/08\/25-15_Vitello_Grafik_K-300x212.jpg 300w, https:\/\/www.pr-neu.de\/newsroom\/wordpress\/wp-content\/uploads\/2025\/08\/25-15_Vitello_Grafik_K-1024x724.jpg 1024w, https:\/\/www.pr-neu.de\/newsroom\/wordpress\/wp-content\/uploads\/2025\/08\/25-15_Vitello_Grafik_K-768x543.jpg 768w, https:\/\/www.pr-neu.de\/newsroom\/wordpress\/wp-content\/uploads\/2025\/08\/25-15_Vitello_Grafik_K-1536x1085.jpg 1536w, https:\/\/www.pr-neu.de\/newsroom\/wordpress\/wp-content\/uploads\/2025\/08\/25-15_Vitello_Grafik_K-2048x1447.jpg 2048w, https:\/\/www.pr-neu.de\/newsroom\/wordpress\/wp-content\/uploads\/2025\/08\/25-15_Vitello_Grafik_K-110x78.jpg 110w, https:\/\/www.pr-neu.de\/newsroom\/wordpress\/wp-content\/uploads\/2025\/08\/25-15_Vitello_Grafik_K-420x297.jpg 420w, https:\/\/www.pr-neu.de\/newsroom\/wordpress\/wp-content\/uploads\/2025\/08\/25-15_Vitello_Grafik_K-608x430.jpg 608w\" sizes=\"auto, (max-width: 300px) 100vw, 300px\" \/><\/a><\/p>\n<p style=\"text-align: center;\">Vitello-Flex l\u00e4sst sich manuell \u00f6ffnen und schlie\u00dfen, Vitello-Flex-Plus ist per Fernbedienung steuerbar.<\/p>\n<p>&nbsp;<\/p>\n<p><a href=\"http:\/\/www.pr-neu.de\/newsroom\/wordpress\/wp-content\/uploads\/2025\/08\/25-15_Vitello_mit_Markise_K.jpg\" target=\"_blank\" rel=\"noopener\"><img loading=\"lazy\" decoding=\"async\" class=\"aligncenter wp-image-17745 size-medium\" src=\"http:\/\/www.pr-neu.de\/newsroom\/wordpress\/wp-content\/uploads\/2025\/08\/25-15_Vitello_mit_Markise_K-300x178.jpg\" alt=\"Foto Terrassendach am Garten mit Vitello-Flex Schiebedach-System und Markise \" width=\"300\" height=\"178\" srcset=\"https:\/\/www.pr-neu.de\/newsroom\/wordpress\/wp-content\/uploads\/2025\/08\/25-15_Vitello_mit_Markise_K-300x178.jpg 300w, https:\/\/www.pr-neu.de\/newsroom\/wordpress\/wp-content\/uploads\/2025\/08\/25-15_Vitello_mit_Markise_K-1024x608.jpg 1024w, https:\/\/www.pr-neu.de\/newsroom\/wordpress\/wp-content\/uploads\/2025\/08\/25-15_Vitello_mit_Markise_K-768x456.jpg 768w, https:\/\/www.pr-neu.de\/newsroom\/wordpress\/wp-content\/uploads\/2025\/08\/25-15_Vitello_mit_Markise_K-1536x913.jpg 1536w, https:\/\/www.pr-neu.de\/newsroom\/wordpress\/wp-content\/uploads\/2025\/08\/25-15_Vitello_mit_Markise_K-2048x1217.jpg 2048w, https:\/\/www.pr-neu.de\/newsroom\/wordpress\/wp-content\/uploads\/2025\/08\/25-15_Vitello_mit_Markise_K-110x65.jpg 110w, https:\/\/www.pr-neu.de\/newsroom\/wordpress\/wp-content\/uploads\/2025\/08\/25-15_Vitello_mit_Markise_K-420x250.jpg 420w, https:\/\/www.pr-neu.de\/newsroom\/wordpress\/wp-content\/uploads\/2025\/08\/25-15_Vitello_mit_Markise_K-724x430.jpg 724w\" sizes=\"auto, (max-width: 300px) 100vw, 300px\" \/><\/a><\/p>\n<p style=\"text-align: center;\">Das Vitello-Flex Schiebedach-System l\u00e4sst sich problemlos mit weiteren Extras \u2013 wie hier einer Markise \u2013 erweitern.<\/p>\n<p style=\"text-align: center;\">Bilder: TS-Aluminium-Profilsysteme GmbH &amp; Co. KG<\/p>\n<p>&nbsp;<\/p>\n<hr \/>\n<p>&nbsp;<\/p>\n<p>Abdruck honorarfrei, Belegexemplar erbeten<\/p>\n","protected":false},"excerpt":{"rendered":"<p>Ab sofort f\u00fchrt TS Aluminium die Vitello-Flex Schiebedach-Systeme der Vitello-System GmbH fort. Der Anbieter von hochwertigen Terrassend\u00e4chern, Sommer- und Winterg\u00e4rten erg\u00e4nzt sein bestehendes Sortiment so ideal um eine neue Komponente.<\/p>\n","protected":false},"author":10,"featured_media":17746,"comment_status":"closed","ping_status":"open","sticky":false,"template":"","format":"standard","meta":{"footnotes":""},"categories":[1761],"tags":[3118,3396,3398,1895,1793,1887,3394],"class_list":["post-17744","post","type-post","status-publish","format-standard","has-post-thumbnail","hentry","category-ts-aluminium","tag-glasdach","tag-schiebedach","tag-schiebefenster","tag-terrassendach","tag-ts-aluminium","tag-ueberdachung","tag-vitello-flex"],"_links":{"self":[{"href":"https:\/\/www.pr-neu.de\/newsroom\/wp-json\/wp\/v2\/posts\/17744","targetHints":{"allow":["GET"]}}],"collection":[{"href":"https:\/\/www.pr-neu.de\/newsroom\/wp-json\/wp\/v2\/posts"}],"about":[{"href":"https:\/\/www.pr-neu.de\/newsroom\/wp-json\/wp\/v2\/types\/post"}],"author":[{"embeddable":true,"href":"https:\/\/www.pr-neu.de\/newsroom\/wp-json\/wp\/v2\/users\/10"}],"replies":[{"embeddable":true,"href":"https:\/\/www.pr-neu.de\/newsroom\/wp-json\/wp\/v2\/comments?post=17744"}],"version-history":[{"count":4,"href":"https:\/\/www.pr-neu.de\/newsroom\/wp-json\/wp\/v2\/posts\/17744\/revisions"}],"predecessor-version":[{"id":17757,"href":"https:\/\/www.pr-neu.de\/newsroom\/wp-json\/wp\/v2\/posts\/17744\/revisions\/17757"}],"wp:featuredmedia":[{"embeddable":true,"href":"https:\/\/www.pr-neu.de\/newsroom\/wp-json\/wp\/v2\/media\/17746"}],"wp:attachment":[{"href":"https:\/\/www.pr-neu.de\/newsroom\/wp-json\/wp\/v2\/media?parent=17744"}],"wp:term":[{"taxonomy":"category","embeddable":true,"href":"https:\/\/www.pr-neu.de\/newsroom\/wp-json\/wp\/v2\/categories?post=17744"},{"taxonomy":"post_tag","embeddable":true,"href":"https:\/\/www.pr-neu.de\/newsroom\/wp-json\/wp\/v2\/tags?post=17744"}],"curies":[{"name":"wp","href":"https:\/\/api.w.org\/{rel}","templated":true}]}}