{"id":17739,"date":"2025-08-14T08:00:49","date_gmt":"2025-08-14T06:00:49","guid":{"rendered":"https:\/\/www.pr-neu.de\/newsroom\/?p=17739"},"modified":"2025-08-18T13:00:10","modified_gmt":"2025-08-18T11:00:10","slug":"hier-gehts-drunter-und-drueber","status":"publish","type":"post","link":"https:\/\/www.pr-neu.de\/newsroom\/hier-gehts-drunter-und-drueber\/","title":{"rendered":"Hier geht&#8217;s drunter und dr\u00fcber"},"content":{"rendered":"<p>&nbsp;<\/p>\n<p><u>Neue Terrassendach-Varianten von TS Aluminium<\/u><\/p>\n<p><b>Unter dem Namen SunChill bringt TS Aluminium vorkonfektionierte Terrassend\u00e4cher auf den Markt. Durch die festen Gr\u00f6\u00dfen verk\u00fcrzen sich Konfiguration und Lieferfristen.<\/b><\/p>\n<p>Mit einer Breite von vier bis sechs Metern und einer Tiefe von drei bis vier Metern passt sich SunChill an jede bauliche Situation an. Mit Rasterma\u00dfen von einem Meter in der Breite und 50 Zentimetern in der Tiefe ergeben sich 14 verschiedene Varianten (mit und ohne Mittelst\u00fctze) mit einer Dachfl\u00e4che von zw\u00f6lf bis 24 Quadratmetern. Weitere Individualisierungen sind gegen Aufpreis m\u00f6glich: In den Ma\u00dfen drei bis sechs Meter in der Breite und zwei bis vier Meter in der Tiefe liefert der Hersteller auch millimetergenau konfektionierte Terrassend\u00e4cher.<\/p>\n<p>SunChill gibt es in einer au\u00dfen und in einer innen aufbauenden Variante. \u201eSunChill \u2013 OUT_line\u201c hat obenliegende Dachsparren. Die Konstruktion ist die stabilere und sorgt f\u00fcr ein akzentuiertes, zeitlos markantes Design. Bei \u201eSunChill \u2013 IN_line\u201c liegen die Tr\u00e4ger unten. Das glatte Dach erh\u00e4lt so eine minimalistische, moderne Optik und ist am Markt beliebter, da es leichter zu reinigen ist. Die konstante Dachneigung des Pultdaches von f\u00fcnf Grad verhindert in beiden F\u00e4llen Stauwasser. Mit der Traglast von 85 bis 175 Kilogramm pro Quadratmeter h\u00e4lt ein Dach auch starkem Schneefall sicher stand. Die Aluminiumprofile sind in zw\u00f6lf Farbt\u00f6nen erh\u00e4ltlich und die Oberfl\u00e4chenschicht auf Polyesterharz-Basis bietet langfristig Farbstabilit\u00e4t. Zahlreiche Extras stehen zur Auswahl.<\/p>\n<p>Die festen Gr\u00f6\u00dfen erm\u00f6glichen, direkt im Webshop zu bestellen, inklusive Statikberechnung. Eine aufwendige Konfiguration entf\u00e4llt. Weil der Auftrag direkt in die Fertigung geht, verk\u00fcrzen sich die Lieferzeiten deutlich.<\/p>\n<p>&nbsp;<\/p>\n<hr \/>\n<p>&nbsp;<\/p>\n<p><a href=\"http:\/\/www.pr-neu.de\/newsroom\/wordpress\/wp-content\/uploads\/2025\/08\/25-06_Markisen_Volgelperspektive_K.jpg\" target=\"_blank\" rel=\"noopener\"><img loading=\"lazy\" decoding=\"async\" class=\"aligncenter wp-image-17742 size-medium\" src=\"http:\/\/www.pr-neu.de\/newsroom\/wordpress\/wp-content\/uploads\/2025\/08\/25-06_Markisen_Volgelperspektive_K-300x200.jpg\" alt=\"3D-Grafik Doppelhaus mit zu Typen von Terrassen\u00fcberdachungen mit Markise als Sonnenschutz\" width=\"300\" height=\"200\" srcset=\"https:\/\/www.pr-neu.de\/newsroom\/wordpress\/wp-content\/uploads\/2025\/08\/25-06_Markisen_Volgelperspektive_K-300x200.jpg 300w, https:\/\/www.pr-neu.de\/newsroom\/wordpress\/wp-content\/uploads\/2025\/08\/25-06_Markisen_Volgelperspektive_K-1024x683.jpg 1024w, https:\/\/www.pr-neu.de\/newsroom\/wordpress\/wp-content\/uploads\/2025\/08\/25-06_Markisen_Volgelperspektive_K-768x512.jpg 768w, https:\/\/www.pr-neu.de\/newsroom\/wordpress\/wp-content\/uploads\/2025\/08\/25-06_Markisen_Volgelperspektive_K-1536x1024.jpg 1536w, https:\/\/www.pr-neu.de\/newsroom\/wordpress\/wp-content\/uploads\/2025\/08\/25-06_Markisen_Volgelperspektive_K-2048x1365.jpg 2048w, https:\/\/www.pr-neu.de\/newsroom\/wordpress\/wp-content\/uploads\/2025\/08\/25-06_Markisen_Volgelperspektive_K-110x73.jpg 110w, https:\/\/www.pr-neu.de\/newsroom\/wordpress\/wp-content\/uploads\/2025\/08\/25-06_Markisen_Volgelperspektive_K-420x280.jpg 420w, https:\/\/www.pr-neu.de\/newsroom\/wordpress\/wp-content\/uploads\/2025\/08\/25-06_Markisen_Volgelperspektive_K-645x430.jpg 645w\" sizes=\"auto, (max-width: 300px) 100vw, 300px\" \/><\/a><\/p>\n<p style=\"text-align: center;\">SunChill ist in einer Breite von drei bis sechs Metern und einer Tiefe von zwei bis vier Metern erh\u00e4ltlich.<\/p>\n<p>&nbsp;<\/p>\n<p><a href=\"http:\/\/www.pr-neu.de\/newsroom\/wordpress\/wp-content\/uploads\/2025\/08\/25-06_SunChill_OUT_line_Beleuchtung_K.jpg\" target=\"_blank\" rel=\"noopener\"><img loading=\"lazy\" decoding=\"async\" class=\"aligncenter wp-image-17740 size-medium\" src=\"http:\/\/www.pr-neu.de\/newsroom\/wordpress\/wp-content\/uploads\/2025\/08\/25-06_SunChill_OUT_line_Beleuchtung_K-300x200.jpg\" alt=\"Abendliche Beleuchtung am verglasten Terassendach - Zahlreiche Extras, wie Glaselemente und -schiebt\u00fcren, LED-Lichsysteme und Heizstrahler, stehen zur Auswahl.\" width=\"300\" height=\"200\" srcset=\"https:\/\/www.pr-neu.de\/newsroom\/wordpress\/wp-content\/uploads\/2025\/08\/25-06_SunChill_OUT_line_Beleuchtung_K-300x200.jpg 300w, https:\/\/www.pr-neu.de\/newsroom\/wordpress\/wp-content\/uploads\/2025\/08\/25-06_SunChill_OUT_line_Beleuchtung_K-1024x683.jpg 1024w, https:\/\/www.pr-neu.de\/newsroom\/wordpress\/wp-content\/uploads\/2025\/08\/25-06_SunChill_OUT_line_Beleuchtung_K-768x512.jpg 768w, https:\/\/www.pr-neu.de\/newsroom\/wordpress\/wp-content\/uploads\/2025\/08\/25-06_SunChill_OUT_line_Beleuchtung_K-1536x1024.jpg 1536w, https:\/\/www.pr-neu.de\/newsroom\/wordpress\/wp-content\/uploads\/2025\/08\/25-06_SunChill_OUT_line_Beleuchtung_K-2048x1365.jpg 2048w, https:\/\/www.pr-neu.de\/newsroom\/wordpress\/wp-content\/uploads\/2025\/08\/25-06_SunChill_OUT_line_Beleuchtung_K-110x73.jpg 110w, https:\/\/www.pr-neu.de\/newsroom\/wordpress\/wp-content\/uploads\/2025\/08\/25-06_SunChill_OUT_line_Beleuchtung_K-420x280.jpg 420w, https:\/\/www.pr-neu.de\/newsroom\/wordpress\/wp-content\/uploads\/2025\/08\/25-06_SunChill_OUT_line_Beleuchtung_K-645x430.jpg 645w\" sizes=\"auto, (max-width: 300px) 100vw, 300px\" \/><\/a><\/p>\n<p style=\"text-align: center;\">SunChill gibt es \u2013 wie hier im Bild \u2013 als OUT_line mit obenliegenden Dachsparren, bei IN_line liegen sie unten.<\/p>\n<p>&nbsp;<\/p>\n<p><a href=\"http:\/\/www.pr-neu.de\/newsroom\/wordpress\/wp-content\/uploads\/2025\/08\/25-06_Markise_gruen_Innenansicht_K.jpg\" target=\"_blank\" rel=\"noopener\"><img loading=\"lazy\" decoding=\"async\" class=\"aligncenter wp-image-17741 size-medium\" src=\"http:\/\/www.pr-neu.de\/newsroom\/wordpress\/wp-content\/uploads\/2025\/08\/25-06_Markise_gruen_Innenansicht_K-300x200.jpg\" alt=\"Terrassendach mit gr\u00fcner Markise als Sonnenschutz f\u00fcr die Gartenoase\" width=\"300\" height=\"200\" srcset=\"https:\/\/www.pr-neu.de\/newsroom\/wordpress\/wp-content\/uploads\/2025\/08\/25-06_Markise_gruen_Innenansicht_K-300x200.jpg 300w, https:\/\/www.pr-neu.de\/newsroom\/wordpress\/wp-content\/uploads\/2025\/08\/25-06_Markise_gruen_Innenansicht_K-1024x683.jpg 1024w, https:\/\/www.pr-neu.de\/newsroom\/wordpress\/wp-content\/uploads\/2025\/08\/25-06_Markise_gruen_Innenansicht_K-768x512.jpg 768w, https:\/\/www.pr-neu.de\/newsroom\/wordpress\/wp-content\/uploads\/2025\/08\/25-06_Markise_gruen_Innenansicht_K-1536x1024.jpg 1536w, https:\/\/www.pr-neu.de\/newsroom\/wordpress\/wp-content\/uploads\/2025\/08\/25-06_Markise_gruen_Innenansicht_K-2048x1365.jpg 2048w, https:\/\/www.pr-neu.de\/newsroom\/wordpress\/wp-content\/uploads\/2025\/08\/25-06_Markise_gruen_Innenansicht_K-110x73.jpg 110w, https:\/\/www.pr-neu.de\/newsroom\/wordpress\/wp-content\/uploads\/2025\/08\/25-06_Markise_gruen_Innenansicht_K-420x280.jpg 420w, https:\/\/www.pr-neu.de\/newsroom\/wordpress\/wp-content\/uploads\/2025\/08\/25-06_Markise_gruen_Innenansicht_K-645x430.jpg 645w\" sizes=\"auto, (max-width: 300px) 100vw, 300px\" \/><\/a><\/p>\n<p style=\"text-align: center;\">Neben Gr\u00fcn gibt es die Dachmarkise auch in Rot und verschiedenen Anthrazitt\u00f6nen.<\/p>\n<p style=\"text-align: center;\">Bilder: TS-Aluminium-Profilsysteme GmbH &amp; Co. KG<\/p>\n<p>&nbsp;<\/p>\n<hr \/>\n<p>&nbsp;<\/p>\n<p>Abdruck honorarfrei, Belegexemplar erbeten<\/p>\n","protected":false},"excerpt":{"rendered":"<p>Unter dem Namen SunChill bringt TS Aluminium vorkonfektionierte Terrassend\u00e4cher auf den Markt. Durch die festen Gr\u00f6\u00dfen verk\u00fcrzen sich Konfiguration und Lieferfristen.<\/p>\n","protected":false},"author":10,"featured_media":17742,"comment_status":"closed","ping_status":"open","sticky":false,"template":"","format":"standard","meta":{"footnotes":""},"categories":[1761],"tags":[3118,2059,492,3392,2055,1895,1793,1887],"class_list":["post-17739","post","type-post","status-publish","format-standard","has-post-thumbnail","hentry","category-ts-aluminium","tag-glasdach","tag-markise","tag-sonnenschutz","tag-sunchill","tag-terrasse","tag-terrassendach","tag-ts-aluminium","tag-ueberdachung"],"_links":{"self":[{"href":"https:\/\/www.pr-neu.de\/newsroom\/wp-json\/wp\/v2\/posts\/17739","targetHints":{"allow":["GET"]}}],"collection":[{"href":"https:\/\/www.pr-neu.de\/newsroom\/wp-json\/wp\/v2\/posts"}],"about":[{"href":"https:\/\/www.pr-neu.de\/newsroom\/wp-json\/wp\/v2\/types\/post"}],"author":[{"embeddable":true,"href":"https:\/\/www.pr-neu.de\/newsroom\/wp-json\/wp\/v2\/users\/10"}],"replies":[{"embeddable":true,"href":"https:\/\/www.pr-neu.de\/newsroom\/wp-json\/wp\/v2\/comments?post=17739"}],"version-history":[{"count":1,"href":"https:\/\/www.pr-neu.de\/newsroom\/wp-json\/wp\/v2\/posts\/17739\/revisions"}],"predecessor-version":[{"id":17743,"href":"https:\/\/www.pr-neu.de\/newsroom\/wp-json\/wp\/v2\/posts\/17739\/revisions\/17743"}],"wp:featuredmedia":[{"embeddable":true,"href":"https:\/\/www.pr-neu.de\/newsroom\/wp-json\/wp\/v2\/media\/17742"}],"wp:attachment":[{"href":"https:\/\/www.pr-neu.de\/newsroom\/wp-json\/wp\/v2\/media?parent=17739"}],"wp:term":[{"taxonomy":"category","embeddable":true,"href":"https:\/\/www.pr-neu.de\/newsroom\/wp-json\/wp\/v2\/categories?post=17739"},{"taxonomy":"post_tag","embeddable":true,"href":"https:\/\/www.pr-neu.de\/newsroom\/wp-json\/wp\/v2\/tags?post=17739"}],"curies":[{"name":"wp","href":"https:\/\/api.w.org\/{rel}","templated":true}]}}