{"id":17727,"date":"2025-07-30T11:00:05","date_gmt":"2025-07-30T09:00:05","guid":{"rendered":"https:\/\/www.pr-neu.de\/newsroom\/?p=17727"},"modified":"2025-07-30T11:00:05","modified_gmt":"2025-07-30T09:00:05","slug":"schnittig-und-formgebend","status":"publish","type":"post","link":"https:\/\/www.pr-neu.de\/newsroom\/schnittig-und-formgebend\/","title":{"rendered":"Schnittig und formgebend"},"content":{"rendered":"<p><u>Hanno investiert in neue PE-Spaltanlage<\/u><\/p>\n<p><strong>K\u00fcrzere Lieferzeiten f\u00fcr zugeschnittene PE- und Verbundsch\u00e4ume: Mit einer neuen Spaltanlage produziert Hanno jetzt werkseitig Zuschnitte bei Materialien mit hohen Raumgewichten, wie sie in Fahrzeugkomponenten sowie der Medizin-, Sanit\u00e4r- und Heizungstechnik vorkommen.<\/strong><\/p>\n<p>Die hochmoderne Horizontalspaltanlage erm\u00f6glicht es, Kundenw\u00fcnschen jetzt noch besser Rechnung zu tragen. Zellgummis, PE- und Verbundsch\u00e4ume \u2013 meist als Platten oder Bahnenware produziert \u2013 lassen sich nun exakt und zweckm\u00e4\u00dfig zuschneiden. Bisher mussten Kunden die Materialien gespalten bestellen.<\/p>\n<p>Die Palette der Produkte und Einsatzgebiete ist vielf\u00e4ltig. F\u00fcr Automobilanwendungen k\u00f6nnen Formteile ma\u00dfgeschneidert werden, beispielsweise Abdeckungen, Isolierungen und Schutzpolster f\u00fcr Batterief\u00e4cher, Stauk\u00e4sten, Hauben oder Innenverkleidungen. Bei Schienenfahrzeugen d\u00e4mpfen spezielle Stanzteile aus Schaumstoff Fahrtger\u00e4usche durch Wind und Vibrationen. In der Medizintechnik r\u00fcckt das bereits umfangreiche Portfolio um EKGs, Beatmungsger\u00e4te, Patientenauflagen, Lagerungshilfen und Formpolster st\u00e4rker in den Fokus. Auch bei W\u00e4rmepumpen, Generatoren, Aggregaten und Klimager\u00e4ten gilt es, Luft- und K\u00f6rperschall zu minimieren. Nicht zuletzt lassen sich spezifische kundenindividuelle Komponenten wie Dichtungen, D\u00e4mm- und Isolationss\u00e4tze oder Kabeldurchf\u00fchrungen exakt nach Ma\u00df fertigen.<\/p>\n<p>\u201eMit der neuen PE-Spaltanlage sind wir optimal ger\u00fcstet, um auch k\u00fcnftig verst\u00e4rkt innovative und qualitativ hochwertige L\u00f6sungen zu entwickeln und anzubieten\u201c, sagt Volker Brock, Gesch\u00e4ftsf\u00fchrer Hanno. \u201eWir freuen uns, gemeinsam mit unseren Kunden die n\u00e4chsten Schritte zu gehen und die Zukunft nachhaltig, flexibel, effektiv und effizient zu gestalten.\u201c<\/p>\n<p>Die erweiterte Kapazit\u00e4t verbessert zudem interne Prozesse und Arbeitsabl\u00e4ufe, wodurch die Produktion flexibilisiert und beschleunigt wird und sich Lieferzeiten verk\u00fcrzen. Optimierungen im Bestellprozess, in der Logistik und im Produktionsprozess \u2013 unter anderem mit weniger Verschnitt \u2013 begr\u00fcnden eine ressourcenschonende und m\u00fcllvermeidende Arbeitsweise.<\/p>\n<p>&nbsp;<\/p>\n<hr \/>\n<p>&nbsp;<\/p>\n<p><a href=\"http:\/\/www.pr-neu.de\/newsroom\/wordpress\/wp-content\/uploads\/2025\/07\/24-04_PE-Spaltanlage_K.jpg\" target=\"_blank\" rel=\"noopener\"><img loading=\"lazy\" decoding=\"async\" class=\"aligncenter wp-image-17728 size-medium\" src=\"http:\/\/www.pr-neu.de\/newsroom\/wordpress\/wp-content\/uploads\/2025\/07\/24-04_PE-Spaltanlage_K-300x200.jpg\" alt=\"\" width=\"300\" height=\"200\" srcset=\"https:\/\/www.pr-neu.de\/newsroom\/wordpress\/wp-content\/uploads\/2025\/07\/24-04_PE-Spaltanlage_K-300x200.jpg 300w, https:\/\/www.pr-neu.de\/newsroom\/wordpress\/wp-content\/uploads\/2025\/07\/24-04_PE-Spaltanlage_K-1024x683.jpg 1024w, https:\/\/www.pr-neu.de\/newsroom\/wordpress\/wp-content\/uploads\/2025\/07\/24-04_PE-Spaltanlage_K-768x512.jpg 768w, https:\/\/www.pr-neu.de\/newsroom\/wordpress\/wp-content\/uploads\/2025\/07\/24-04_PE-Spaltanlage_K-1536x1024.jpg 1536w, https:\/\/www.pr-neu.de\/newsroom\/wordpress\/wp-content\/uploads\/2025\/07\/24-04_PE-Spaltanlage_K-2048x1365.jpg 2048w, https:\/\/www.pr-neu.de\/newsroom\/wordpress\/wp-content\/uploads\/2025\/07\/24-04_PE-Spaltanlage_K-110x73.jpg 110w, https:\/\/www.pr-neu.de\/newsroom\/wordpress\/wp-content\/uploads\/2025\/07\/24-04_PE-Spaltanlage_K-420x280.jpg 420w, https:\/\/www.pr-neu.de\/newsroom\/wordpress\/wp-content\/uploads\/2025\/07\/24-04_PE-Spaltanlage_K-645x430.jpg 645w\" sizes=\"auto, (max-width: 300px) 100vw, 300px\" \/><\/a><\/p>\n<p>Mit der hochmodernen Horizontalspaltanlage erweitert Hanno sein Produktportfolio und r\u00fcckt so die Bed\u00fcrfnisse der Kunden aus Automobil- und Schienenfahrzeugindustrie sowie Medizin-, Sanit\u00e4r-, Heizungs- und Klimatechnik st\u00e4rker in den Fokus.<br \/>\nBild: Hanno Werk GmbH &amp; Co. KG<\/p>\n<p>&nbsp;<\/p>\n<hr \/>\n<p>&nbsp;<\/p>\n<p>Abdruck honorarfrei, Belegexemplar erbeten<\/p>\n","protected":false},"excerpt":{"rendered":"<p>K\u00fcrzere Lieferzeiten f\u00fcr zugeschnittene PE- und Verbundsch\u00e4ume: Mit einer neuen Spaltanlage produziert Hanno jetzt werkseitig Zuschnitte bei Materialien mit hohen Raumgewichten, wie sie in Fahrzeugkomponenten sowie der Medizin-, Sanit\u00e4r- und Heizungstechnik vorkommen.<\/p>\n","protected":false},"author":10,"featured_media":17728,"comment_status":"closed","ping_status":"open","sticky":false,"template":"","format":"standard","meta":{"footnotes":""},"categories":[655],"tags":[3184,1743,1623,3240,3238,1757],"class_list":["post-17727","post","type-post","status-publish","format-standard","has-post-thumbnail","hentry","category-hanno","tag-anlage","tag-hanno","tag-industrie","tag-spaltanlage","tag-technik","tag-unternehmen"],"_links":{"self":[{"href":"https:\/\/www.pr-neu.de\/newsroom\/wp-json\/wp\/v2\/posts\/17727","targetHints":{"allow":["GET"]}}],"collection":[{"href":"https:\/\/www.pr-neu.de\/newsroom\/wp-json\/wp\/v2\/posts"}],"about":[{"href":"https:\/\/www.pr-neu.de\/newsroom\/wp-json\/wp\/v2\/types\/post"}],"author":[{"embeddable":true,"href":"https:\/\/www.pr-neu.de\/newsroom\/wp-json\/wp\/v2\/users\/10"}],"replies":[{"embeddable":true,"href":"https:\/\/www.pr-neu.de\/newsroom\/wp-json\/wp\/v2\/comments?post=17727"}],"version-history":[{"count":1,"href":"https:\/\/www.pr-neu.de\/newsroom\/wp-json\/wp\/v2\/posts\/17727\/revisions"}],"predecessor-version":[{"id":17729,"href":"https:\/\/www.pr-neu.de\/newsroom\/wp-json\/wp\/v2\/posts\/17727\/revisions\/17729"}],"wp:featuredmedia":[{"embeddable":true,"href":"https:\/\/www.pr-neu.de\/newsroom\/wp-json\/wp\/v2\/media\/17728"}],"wp:attachment":[{"href":"https:\/\/www.pr-neu.de\/newsroom\/wp-json\/wp\/v2\/media?parent=17727"}],"wp:term":[{"taxonomy":"category","embeddable":true,"href":"https:\/\/www.pr-neu.de\/newsroom\/wp-json\/wp\/v2\/categories?post=17727"},{"taxonomy":"post_tag","embeddable":true,"href":"https:\/\/www.pr-neu.de\/newsroom\/wp-json\/wp\/v2\/tags?post=17727"}],"curies":[{"name":"wp","href":"https:\/\/api.w.org\/{rel}","templated":true}]}}