{"id":17723,"date":"2025-07-24T09:14:51","date_gmt":"2025-07-24T07:14:51","guid":{"rendered":"https:\/\/www.pr-neu.de\/newsroom\/?p=17723"},"modified":"2025-07-24T09:21:35","modified_gmt":"2025-07-24T07:21:35","slug":"stein-aber-feiner","status":"publish","type":"post","link":"https:\/\/www.pr-neu.de\/newsroom\/stein-aber-feiner\/","title":{"rendered":"Stein \u2013 aber fein(er)"},"content":{"rendered":"<p><u>Natursteinputz: Neue Farbmischungen mit Korn 0,8<\/u><\/p>\n<p>Acht neue Farbt\u00f6ne in der K\u00f6rnung 0,8 Millimeter erweitern jetzt die Natursteinputz-Kollektion StoSuperlit. Damit w\u00e4chst das Angebt auf 32 Varianten. Die 2024 vorgestellte Kollektion umfasst bereits acht Farbgruppen von Anthrazit \u00fcber Orange und Beige bis Wei\u00df in drei Abstufungen von dunkel nach hell in der K\u00f6rnung 1,5. Der Putz aus farbigem Natursteingranulat und einem klaren Bindemittel erf\u00fcllt jetzt zudem \u2013 durch eine optimierte Bindemittelpaste \u2013 auch die bestm\u00f6gliche Brandklassifizierung (A2-s1, d0 nach EN 13501-1). Er wird mit der Traufel auf das Zweifache der Korngr\u00f6\u00dfe aufgezogen und anschlie\u00dfend mit einer Stahl- oder Kunststoff-Traufel gegl\u00e4ttet. Der organische Natursteinputz eignet sich f\u00fcr mineralische und organische Untergr\u00fcnde, besonders am Sockel und in Durchg\u00e4ngen. Er kann auf Mauerwerk wie auch auf ged\u00e4mmten und vorgeh\u00e4ngten hinterl\u00fcfteten Fassaden mit Unterputz appliziert und mit s\u00e4mtlichen Fassadenputzen kombiniert werden. StoSuperlit ist wasserdampfdurchl\u00e4ssig und sch\u00fctzt den Wandaufbau ohne biozide Filmschutzmittel langfristig vor der Witterung. Bei der Gestaltung \u00fcberzeugt er durch das Farbspiel, das auch typische Spuren an Sockeln kaschiert, wie sie beispielsweise durch Spritzwasser entstehen k\u00f6nnen.<\/p>\n<p>sto.de\/buntsteinputz<\/p>\n<p>&nbsp;<\/p>\n<hr \/>\n<p>&nbsp;<\/p>\n<p><a href=\"http:\/\/www.pr-neu.de\/newsroom\/wordpress\/wp-content\/uploads\/2025\/07\/25-15_Superlit_Collage_K.jpg\"><img loading=\"lazy\" decoding=\"async\" class=\"aligncenter size-medium wp-image-17724\" src=\"http:\/\/www.pr-neu.de\/newsroom\/wordpress\/wp-content\/uploads\/2025\/07\/25-15_Superlit_Collage_K-300x200.jpg\" alt=\"\" width=\"300\" height=\"200\" srcset=\"https:\/\/www.pr-neu.de\/newsroom\/wordpress\/wp-content\/uploads\/2025\/07\/25-15_Superlit_Collage_K-300x200.jpg 300w, https:\/\/www.pr-neu.de\/newsroom\/wordpress\/wp-content\/uploads\/2025\/07\/25-15_Superlit_Collage_K-1024x684.jpg 1024w, https:\/\/www.pr-neu.de\/newsroom\/wordpress\/wp-content\/uploads\/2025\/07\/25-15_Superlit_Collage_K-768x513.jpg 768w, https:\/\/www.pr-neu.de\/newsroom\/wordpress\/wp-content\/uploads\/2025\/07\/25-15_Superlit_Collage_K-1536x1026.jpg 1536w, https:\/\/www.pr-neu.de\/newsroom\/wordpress\/wp-content\/uploads\/2025\/07\/25-15_Superlit_Collage_K-2048x1368.jpg 2048w, https:\/\/www.pr-neu.de\/newsroom\/wordpress\/wp-content\/uploads\/2025\/07\/25-15_Superlit_Collage_K-110x73.jpg 110w, https:\/\/www.pr-neu.de\/newsroom\/wordpress\/wp-content\/uploads\/2025\/07\/25-15_Superlit_Collage_K-420x281.jpg 420w, https:\/\/www.pr-neu.de\/newsroom\/wordpress\/wp-content\/uploads\/2025\/07\/25-15_Superlit_Collage_K-644x430.jpg 644w\" sizes=\"auto, (max-width: 300px) 100vw, 300px\" \/><\/a><\/p>\n<p style=\"text-align: center;\">Beispiele f\u00fcr die neue Natursteinputz-Kollektion \u201eStoSuperlit\u201c.<br \/>\nBild: Sto SE &amp; Co. KGaA<\/p>\n<p>&nbsp;<\/p>\n<hr \/>\n<p>&nbsp;<\/p>\n<p>Abdruck honorarfrei, Belegexemplar erbeten<\/p>\n","protected":false},"excerpt":{"rendered":"<p>Acht neue Farbt\u00f6ne in der K\u00f6rnung 0,8 Millimeter erweitern jetzt die Natursteinputz-Kollektion StoSuperlit.<\/p>\n","protected":false},"author":9,"featured_media":17724,"comment_status":"closed","ping_status":"open","sticky":false,"template":"","format":"standard","meta":{"footnotes":""},"categories":[15],"tags":[187,370,3066,414,501,504,3070,3386],"class_list":["post-17723","post","type-post","status-publish","format-standard","has-post-thumbnail","hentry","category-sto","tag-fassade","tag-naturstein","tag-natursteinputz","tag-putz","tag-stein","tag-sto-2","tag-stosuperlit","tag-superlit"],"_links":{"self":[{"href":"https:\/\/www.pr-neu.de\/newsroom\/wp-json\/wp\/v2\/posts\/17723","targetHints":{"allow":["GET"]}}],"collection":[{"href":"https:\/\/www.pr-neu.de\/newsroom\/wp-json\/wp\/v2\/posts"}],"about":[{"href":"https:\/\/www.pr-neu.de\/newsroom\/wp-json\/wp\/v2\/types\/post"}],"author":[{"embeddable":true,"href":"https:\/\/www.pr-neu.de\/newsroom\/wp-json\/wp\/v2\/users\/9"}],"replies":[{"embeddable":true,"href":"https:\/\/www.pr-neu.de\/newsroom\/wp-json\/wp\/v2\/comments?post=17723"}],"version-history":[{"count":2,"href":"https:\/\/www.pr-neu.de\/newsroom\/wp-json\/wp\/v2\/posts\/17723\/revisions"}],"predecessor-version":[{"id":17726,"href":"https:\/\/www.pr-neu.de\/newsroom\/wp-json\/wp\/v2\/posts\/17723\/revisions\/17726"}],"wp:featuredmedia":[{"embeddable":true,"href":"https:\/\/www.pr-neu.de\/newsroom\/wp-json\/wp\/v2\/media\/17724"}],"wp:attachment":[{"href":"https:\/\/www.pr-neu.de\/newsroom\/wp-json\/wp\/v2\/media?parent=17723"}],"wp:term":[{"taxonomy":"category","embeddable":true,"href":"https:\/\/www.pr-neu.de\/newsroom\/wp-json\/wp\/v2\/categories?post=17723"},{"taxonomy":"post_tag","embeddable":true,"href":"https:\/\/www.pr-neu.de\/newsroom\/wp-json\/wp\/v2\/tags?post=17723"}],"curies":[{"name":"wp","href":"https:\/\/api.w.org\/{rel}","templated":true}]}}