{"id":17715,"date":"2025-07-23T14:42:43","date_gmt":"2025-07-23T12:42:43","guid":{"rendered":"https:\/\/www.pr-neu.de\/newsroom\/?p=17715"},"modified":"2025-07-23T14:43:14","modified_gmt":"2025-07-23T12:43:14","slug":"fenster-dicht-gemacht","status":"publish","type":"post","link":"https:\/\/www.pr-neu.de\/newsroom\/fenster-dicht-gemacht\/","title":{"rendered":"Fenster dicht gemacht"},"content":{"rendered":"<p>&nbsp;<\/p>\n<p><u>Hannoband im Hamburger Neubaugebiet Pergolenviertel<\/u><\/p>\n<p><strong>Das Pergolenviertel ist ein rund 27 Hektar gro\u00dfes Neubaugebiet in Hamburg. Die Klammer um die mannigfaltigen Wohnkonzepte ist die Architektur. Diese lehnt sich an die klassische Hamburger Backsteinbauweise an. Allerdings gelten moderne Baustandards. Fenster sind beispielsweise w\u00e4rmed\u00e4mmend und dank effizienter Abdichtung (mit Dichtb\u00e4ndern von Hanno) bauphysikalisch optimal in den Bauk\u00f6rper eingebunden.<\/strong><\/p>\n<p>Im Hamburger Stadtteil Winterhude, zwischen Hebebrandstra\u00dfe und Alte W\u00f6hr, erw\u00e4chst seit 2016 ein ambitioniertes Bauprojekt: das Pergolenviertel, mit rund 1.700 Wohneinheiten auf 27 Hektar. Die modernen Mehrfamilienh\u00e4user zeichnen sich durch eine Vielfalt an Wohnformen aus: Es gibt familienfreundliche, teils \u00f6ffentlich gef\u00f6rderte Miet- und klassische Eigentumswohnungen, 200 Apartments f\u00fcr Studierende und 150 Pl\u00e4tze in Pflege- und Assistenz-Wohngemeinschaften. Das Besondere: Die bereits bestehenden mehr als 170 Kleing\u00e4rten sind in das neu entstehende Quartier integriert.<\/p>\n<p>Die Fassaden der st\u00e4dtebaulich an die Barmbeker Backsteinbauten der 1920er- und 1930er-Jahre angelehnten Wohngeb\u00e4ude sind in modernem Verblendmauerwerk gestaltet. F\u00fcr 69 der insgesamt 133 auf Baufeld 10 entstandenen Wohnungen zeichnet die Baugenossenschaft Fluwog gemeinsam mit den Baugemeinschaften \u201eStadtfreunde\u201c und \u201eGr\u00fcne W\u00f6hr\u201c verantwortlich. Nach zweij\u00e4hriger Bauzeit fand im Fr\u00fchjahr 2023 die Schl\u00fcssel\u00fcbergabe an die neuen Mieter statt. Beim Einbau der Fenster galt es, zu beachten, diese w\u00e4rmebr\u00fcckenfrei an die Wand anzuschlie\u00dfen. Die Abdichtung muss dabei gleich mehrere Anforderungen erf\u00fcllen: Gem\u00e4\u00df aktuellen Vorgaben m\u00fcssen Fensterfugen au\u00dfen gegen intensiven Schlagregen undurchl\u00e4ssig und innen luftdicht sein \u2013 bei vollst\u00e4ndiger D\u00e4mmung im mittleren Fugenabschnitt.<\/p>\n<p>Mit seinen hochwertigen Dichtb\u00e4ndern und Services hat sich der Dicht- und D\u00e4mmspezialist Hanno schon seit Langem im Bauwesen bew\u00e4hrt, weshalb die Wahl in den Fluwog-Wohnungen auf Hannoband-3E BG1 und Hanno-Folienband DUO Easy 240 fiel. Ausschlaggebend waren insbesondere funktionale Aspekte wie Schallschutz, Langlebigkeit und Energieeffizienz.<\/p>\n<p>Das Multifunktionsband Hannoband-3E BG1 stellt die Abdichtung der Fensteranschlussfuge sicher. Es erf\u00fcllt die Anforderungen der Beanspruchungsgruppe MF1 gem\u00e4\u00df DIN 18542:2020 f\u00fcr freibewitterte Anwendungen. Die feuchteadaptiven Funktionsmembranen sorgen daf\u00fcr, dass es auf der \u00e4u\u00dferen Seite schlagregen- und winddicht sowie diffusionsoffener ist als auf der inneren Seite, die wiederum dampfdiffusionsdichter sein muss. Dar\u00fcber hinaus sprechen die UV- und Witterungsbest\u00e4ndigkeit sowie eine exzellente Schalld\u00e4mmung f\u00fcr den Einsatz des Bandes. Im Vergleich zu herk\u00f6mmlichen Ausf\u00fchrungen l\u00e4sst sich Hannoband-3E BG1 ohne zus\u00e4tzliche Materialien verarbeiten: einlegen, Klebeschicht andr\u00fccken, fertig. Aufgrund der verschiedenen Bandbreiten und -dicken k\u00f6nnen unterschiedliche Fugenbreiten und Fensterprofiltiefen abgedichtet werden.<\/p>\n<p>Am unteren Fensteranschluss gew\u00e4hrleistet das Hanno-Folienband DUO Easy 240 hohe Luftdichtheit. Es eignet sich sowohl f\u00fcr Neubauten als auch Sanierungen, ist vollfl\u00e4chig selbstklebend auf allen Arten von Fensterrahmen und auf verschiedenen Mauerwerksuntergr\u00fcnden und l\u00e4sst sich aufgrund seiner hohen Dehnf\u00e4higkeit besonders einfach verarbeiten. Das Ergebnis: optimal dicht bei h\u00f6chster Klebkraft.<\/p>\n<p>Im Pergolenviertel kam beim Fenstereinbau ein Vorwandmontagesystem (VWMS) zum Einsatz. Der Vorteil: Fenster lassen sich perfekt in die Geb\u00e4udeh\u00fclle integrieren und bauphysikalisch optimal platzieren und befestigen. Dar\u00fcber hinaus erm\u00f6glicht ein VWMS einen nahtlosen Anschluss und zus\u00e4tzlichen Schallschutz. \u201eIn Kombination mit einem VWMS ist ein Multifunktionsband durch die entstehende Fugengeometrie optimal, es sichert eine schnelle und einfache Montage. Hannoband-3E BG1 ist die perfekte Wahl f\u00fcr glatte Oberfl\u00e4chen, perfekte Anschl\u00e4ge und eine saubere wie wirtschaftliche Verarbeitung\u201c, erkl\u00e4rt Lars Bunke, Hanno-Gebietsleiter f\u00fcr Norddeutschland und Skandinavien.<\/p>\n<p>&nbsp;<\/p>\n<hr \/>\n<p>&nbsp;<\/p>\n<p><strong>Bautafel<\/strong><\/p>\n<p>Bauherrin: Baugenossenschaft FLUWOG-NORDMARK eG (in Kooperation mit den Baugemeinschaften \u201eStadtfreunde\u201c und \u201eGr\u00fcne W\u00f6hr\u201c)<br \/>\nStandort: Pergolenviertel, Hamburg (69 Wohnungen auf Baufeld 10)<br \/>\nProdukte: Hannoband-3E BG1 (VWMS), Hanno-Folienband DUO Easy 240<br \/>\nBauzeit: 2021 bis 2023<\/p>\n<p>&nbsp;<\/p>\n<hr \/>\n<p>&nbsp;<\/p>\n<p><a href=\"http:\/\/www.pr-neu.de\/newsroom\/wordpress\/wp-content\/uploads\/2025\/07\/25-03_Aussenansicht_K.jpg\" target=\"_blank\" rel=\"noopener\"><img loading=\"lazy\" decoding=\"async\" class=\"aligncenter wp-image-17717 size-medium\" src=\"http:\/\/www.pr-neu.de\/newsroom\/wordpress\/wp-content\/uploads\/2025\/07\/25-03_Aussenansicht_K-300x200.jpg\" alt=\"St\u00e4dtebaulich erinnert das Viertel an die Barmbeker Backsteinbauten der 1920er- und 1930er-Jahre.\" width=\"300\" height=\"200\" srcset=\"https:\/\/www.pr-neu.de\/newsroom\/wordpress\/wp-content\/uploads\/2025\/07\/25-03_Aussenansicht_K-300x200.jpg 300w, https:\/\/www.pr-neu.de\/newsroom\/wordpress\/wp-content\/uploads\/2025\/07\/25-03_Aussenansicht_K-1024x681.jpg 1024w, https:\/\/www.pr-neu.de\/newsroom\/wordpress\/wp-content\/uploads\/2025\/07\/25-03_Aussenansicht_K-768x511.jpg 768w, https:\/\/www.pr-neu.de\/newsroom\/wordpress\/wp-content\/uploads\/2025\/07\/25-03_Aussenansicht_K-1536x1022.jpg 1536w, https:\/\/www.pr-neu.de\/newsroom\/wordpress\/wp-content\/uploads\/2025\/07\/25-03_Aussenansicht_K-2048x1363.jpg 2048w, https:\/\/www.pr-neu.de\/newsroom\/wordpress\/wp-content\/uploads\/2025\/07\/25-03_Aussenansicht_K-110x73.jpg 110w, https:\/\/www.pr-neu.de\/newsroom\/wordpress\/wp-content\/uploads\/2025\/07\/25-03_Aussenansicht_K-420x279.jpg 420w, https:\/\/www.pr-neu.de\/newsroom\/wordpress\/wp-content\/uploads\/2025\/07\/25-03_Aussenansicht_K-646x430.jpg 646w\" sizes=\"auto, (max-width: 300px) 100vw, 300px\" \/><\/a><\/p>\n<p style=\"text-align: center;\">St\u00e4dtebaulich erinnert das Viertel an die Barmbeker Backsteinbauten der 1920er- und 1930er-Jahre.<\/p>\n<p>&nbsp;<\/p>\n<p><a href=\"http:\/\/www.pr-neu.de\/newsroom\/wordpress\/wp-content\/uploads\/2025\/07\/25-03_Innenhof_K.jpg\" target=\"_blank\" rel=\"noopener\"><img loading=\"lazy\" decoding=\"async\" class=\"aligncenter wp-image-17716 size-medium\" src=\"http:\/\/www.pr-neu.de\/newsroom\/wordpress\/wp-content\/uploads\/2025\/07\/25-03_Innenhof_K-300x200.jpg\" alt=\"Die Wohnformen im Pergolenviertel sind vielf\u00e4ltig: Familien wie auch Studierende und Pflegebed\u00fcrftige finden ihren Platz.\" width=\"300\" height=\"200\" srcset=\"https:\/\/www.pr-neu.de\/newsroom\/wordpress\/wp-content\/uploads\/2025\/07\/25-03_Innenhof_K-300x200.jpg 300w, https:\/\/www.pr-neu.de\/newsroom\/wordpress\/wp-content\/uploads\/2025\/07\/25-03_Innenhof_K-1024x681.jpg 1024w, https:\/\/www.pr-neu.de\/newsroom\/wordpress\/wp-content\/uploads\/2025\/07\/25-03_Innenhof_K-768x511.jpg 768w, https:\/\/www.pr-neu.de\/newsroom\/wordpress\/wp-content\/uploads\/2025\/07\/25-03_Innenhof_K-1536x1022.jpg 1536w, https:\/\/www.pr-neu.de\/newsroom\/wordpress\/wp-content\/uploads\/2025\/07\/25-03_Innenhof_K-2048x1363.jpg 2048w, https:\/\/www.pr-neu.de\/newsroom\/wordpress\/wp-content\/uploads\/2025\/07\/25-03_Innenhof_K-110x73.jpg 110w, https:\/\/www.pr-neu.de\/newsroom\/wordpress\/wp-content\/uploads\/2025\/07\/25-03_Innenhof_K-420x279.jpg 420w, https:\/\/www.pr-neu.de\/newsroom\/wordpress\/wp-content\/uploads\/2025\/07\/25-03_Innenhof_K-646x430.jpg 646w\" sizes=\"auto, (max-width: 300px) 100vw, 300px\" \/><\/a><\/p>\n<p style=\"text-align: center;\">Die Wohnformen im Pergolenviertel sind vielf\u00e4ltig: Familien wie auch Studierende und Pflegebed\u00fcrftige finden ihren Platz.<\/p>\n<p style=\"text-align: center;\">Bilder (2): Maik Carstensen\/Fluwog<\/p>\n<p>&nbsp;<\/p>\n<p style=\"text-align: center;\"><a href=\"http:\/\/www.pr-neu.de\/newsroom\/wordpress\/wp-content\/uploads\/2025\/07\/25-03_Fenster_und_Balkone_K.jpg\" target=\"_blank\" rel=\"noopener\"><img loading=\"lazy\" decoding=\"async\" class=\"aligncenter wp-image-17718 size-medium\" src=\"http:\/\/www.pr-neu.de\/newsroom\/wordpress\/wp-content\/uploads\/2025\/07\/25-03_Fenster_und_Balkone_K-300x200.jpg\" alt=\"Zahlreiche Fenster sind dank Hanno-Produkten schlagregensicher und winddicht, aber dennoch diffusionsoffen.\" width=\"300\" height=\"200\" srcset=\"https:\/\/www.pr-neu.de\/newsroom\/wordpress\/wp-content\/uploads\/2025\/07\/25-03_Fenster_und_Balkone_K-300x200.jpg 300w, https:\/\/www.pr-neu.de\/newsroom\/wordpress\/wp-content\/uploads\/2025\/07\/25-03_Fenster_und_Balkone_K-1024x683.jpg 1024w, https:\/\/www.pr-neu.de\/newsroom\/wordpress\/wp-content\/uploads\/2025\/07\/25-03_Fenster_und_Balkone_K-768x512.jpg 768w, https:\/\/www.pr-neu.de\/newsroom\/wordpress\/wp-content\/uploads\/2025\/07\/25-03_Fenster_und_Balkone_K-1536x1025.jpg 1536w, https:\/\/www.pr-neu.de\/newsroom\/wordpress\/wp-content\/uploads\/2025\/07\/25-03_Fenster_und_Balkone_K-2048x1366.jpg 2048w, https:\/\/www.pr-neu.de\/newsroom\/wordpress\/wp-content\/uploads\/2025\/07\/25-03_Fenster_und_Balkone_K-110x73.jpg 110w, https:\/\/www.pr-neu.de\/newsroom\/wordpress\/wp-content\/uploads\/2025\/07\/25-03_Fenster_und_Balkone_K-420x280.jpg 420w, https:\/\/www.pr-neu.de\/newsroom\/wordpress\/wp-content\/uploads\/2025\/07\/25-03_Fenster_und_Balkone_K-645x430.jpg 645w\" sizes=\"auto, (max-width: 300px) 100vw, 300px\" \/><\/a><\/p>\n<p style=\"text-align: center;\">Zahlreiche Fenster sind schlagregen- und winddicht, zugleich diffusionsoffen.<\/p>\n<p style=\"text-align: center;\">Bild: Tim Maschlanka\/Fluwog<\/p>\n<p>&nbsp;<\/p>\n<p style=\"text-align: center;\"><a href=\"http:\/\/www.pr-neu.de\/newsroom\/wordpress\/wp-content\/uploads\/2025\/07\/25-03_Hannoband-3E_BG1_K.jpg\" target=\"_blank\" rel=\"noopener\"><img loading=\"lazy\" decoding=\"async\" class=\"aligncenter wp-image-17719 size-medium\" src=\"http:\/\/www.pr-neu.de\/newsroom\/wordpress\/wp-content\/uploads\/2025\/07\/25-03_Hannoband-3E_BG1_K-210x300.jpg\" alt=\"Hannoband-3E BG1 wurde zur Abdichtung der Fensteranschlussfuge eingesetzt.\" width=\"210\" height=\"300\" srcset=\"https:\/\/www.pr-neu.de\/newsroom\/wordpress\/wp-content\/uploads\/2025\/07\/25-03_Hannoband-3E_BG1_K-210x300.jpg 210w, https:\/\/www.pr-neu.de\/newsroom\/wordpress\/wp-content\/uploads\/2025\/07\/25-03_Hannoband-3E_BG1_K-717x1024.jpg 717w, https:\/\/www.pr-neu.de\/newsroom\/wordpress\/wp-content\/uploads\/2025\/07\/25-03_Hannoband-3E_BG1_K-768x1097.jpg 768w, https:\/\/www.pr-neu.de\/newsroom\/wordpress\/wp-content\/uploads\/2025\/07\/25-03_Hannoband-3E_BG1_K-1075x1536.jpg 1075w, https:\/\/www.pr-neu.de\/newsroom\/wordpress\/wp-content\/uploads\/2025\/07\/25-03_Hannoband-3E_BG1_K-1434x2048.jpg 1434w, https:\/\/www.pr-neu.de\/newsroom\/wordpress\/wp-content\/uploads\/2025\/07\/25-03_Hannoband-3E_BG1_K-77x110.jpg 77w, https:\/\/www.pr-neu.de\/newsroom\/wordpress\/wp-content\/uploads\/2025\/07\/25-03_Hannoband-3E_BG1_K-294x420.jpg 294w, https:\/\/www.pr-neu.de\/newsroom\/wordpress\/wp-content\/uploads\/2025\/07\/25-03_Hannoband-3E_BG1_K-301x430.jpg 301w, https:\/\/www.pr-neu.de\/newsroom\/wordpress\/wp-content\/uploads\/2025\/07\/25-03_Hannoband-3E_BG1_K.jpg 1680w\" sizes=\"auto, (max-width: 210px) 100vw, 210px\" \/><\/a>Hannoband-3E BG1 wurde zur Abdichtung der Fensteranschlussfuge eingesetzt.<\/p>\n<p>&nbsp;<\/p>\n<p style=\"text-align: center;\"><a href=\"http:\/\/www.pr-neu.de\/newsroom\/wordpress\/wp-content\/uploads\/2025\/07\/25-03_Hanno-Folienband_DUO_Easy_240_K.jpg\" target=\"_blank\" rel=\"noopener\"><img loading=\"lazy\" decoding=\"async\" class=\"aligncenter wp-image-17720 size-medium\" src=\"http:\/\/www.pr-neu.de\/newsroom\/wordpress\/wp-content\/uploads\/2025\/07\/25-03_Hanno-Folienband_DUO_Easy_240_K-279x300.jpg\" alt=\"Der untere Fensteranschluss wurde mit Hanno-Folienband DUO Easy 240 ausgef\u00fchrt.\" width=\"279\" height=\"300\" srcset=\"https:\/\/www.pr-neu.de\/newsroom\/wordpress\/wp-content\/uploads\/2025\/07\/25-03_Hanno-Folienband_DUO_Easy_240_K-279x300.jpg 279w, https:\/\/www.pr-neu.de\/newsroom\/wordpress\/wp-content\/uploads\/2025\/07\/25-03_Hanno-Folienband_DUO_Easy_240_K-954x1024.jpg 954w, https:\/\/www.pr-neu.de\/newsroom\/wordpress\/wp-content\/uploads\/2025\/07\/25-03_Hanno-Folienband_DUO_Easy_240_K-768x825.jpg 768w, https:\/\/www.pr-neu.de\/newsroom\/wordpress\/wp-content\/uploads\/2025\/07\/25-03_Hanno-Folienband_DUO_Easy_240_K-1430x1536.jpg 1430w, https:\/\/www.pr-neu.de\/newsroom\/wordpress\/wp-content\/uploads\/2025\/07\/25-03_Hanno-Folienband_DUO_Easy_240_K-1907x2048.jpg 1907w, https:\/\/www.pr-neu.de\/newsroom\/wordpress\/wp-content\/uploads\/2025\/07\/25-03_Hanno-Folienband_DUO_Easy_240_K-102x110.jpg 102w, https:\/\/www.pr-neu.de\/newsroom\/wordpress\/wp-content\/uploads\/2025\/07\/25-03_Hanno-Folienband_DUO_Easy_240_K-391x420.jpg 391w, https:\/\/www.pr-neu.de\/newsroom\/wordpress\/wp-content\/uploads\/2025\/07\/25-03_Hanno-Folienband_DUO_Easy_240_K-400x430.jpg 400w\" sizes=\"auto, (max-width: 279px) 100vw, 279px\" \/><\/a>Der untere Fensteranschluss wurde mit Hanno-Folienband DUO Easy 240 ausgef\u00fchrt.<\/p>\n<p style=\"text-align: center;\">Bilder (2): Hanno Werk GmbH &amp; Co. KG<\/p>\n<p>&nbsp;<\/p>\n<hr \/>\n<p>&nbsp;<\/p>\n<p>Abdruck honorarfrei, Belegexemplar erbeten<\/p>\n","protected":false},"excerpt":{"rendered":"<p>Das Pergolenviertel ist ein rund 27 Hektar gro\u00dfes Neubaugebiet in Hamburg. Die Klammer um die mannigfaltigen Wohnkonzepte ist die Architektur. Diese lehnt sich an die klassische Hamburger Backsteinbauweise an. Allerdings gelten moderne Baustandards. Fenster sind beispielsweise w\u00e4rmed\u00e4mmend und dank effizienter Abdichtung (mit Dichtb\u00e4ndern von Hanno) bauphysikalisch optimal in den Bauk\u00f6rper eingebunden.<\/p>\n","protected":false},"author":10,"featured_media":17716,"comment_status":"closed","ping_status":"open","sticky":false,"template":"","format":"standard","meta":{"footnotes":""},"categories":[655],"tags":[35,124,2143,194,3382,1743,1745,3384],"class_list":["post-17715","post","type-post","status-publish","format-standard","has-post-thumbnail","hentry","category-hanno","tag-abdichtung","tag-dammung","tag-dichtband","tag-fenster","tag-hamburg","tag-hanno","tag-hannoband","tag-pergolenviertel"],"_links":{"self":[{"href":"https:\/\/www.pr-neu.de\/newsroom\/wp-json\/wp\/v2\/posts\/17715","targetHints":{"allow":["GET"]}}],"collection":[{"href":"https:\/\/www.pr-neu.de\/newsroom\/wp-json\/wp\/v2\/posts"}],"about":[{"href":"https:\/\/www.pr-neu.de\/newsroom\/wp-json\/wp\/v2\/types\/post"}],"author":[{"embeddable":true,"href":"https:\/\/www.pr-neu.de\/newsroom\/wp-json\/wp\/v2\/users\/10"}],"replies":[{"embeddable":true,"href":"https:\/\/www.pr-neu.de\/newsroom\/wp-json\/wp\/v2\/comments?post=17715"}],"version-history":[{"count":2,"href":"https:\/\/www.pr-neu.de\/newsroom\/wp-json\/wp\/v2\/posts\/17715\/revisions"}],"predecessor-version":[{"id":17722,"href":"https:\/\/www.pr-neu.de\/newsroom\/wp-json\/wp\/v2\/posts\/17715\/revisions\/17722"}],"wp:featuredmedia":[{"embeddable":true,"href":"https:\/\/www.pr-neu.de\/newsroom\/wp-json\/wp\/v2\/media\/17716"}],"wp:attachment":[{"href":"https:\/\/www.pr-neu.de\/newsroom\/wp-json\/wp\/v2\/media?parent=17715"}],"wp:term":[{"taxonomy":"category","embeddable":true,"href":"https:\/\/www.pr-neu.de\/newsroom\/wp-json\/wp\/v2\/categories?post=17715"},{"taxonomy":"post_tag","embeddable":true,"href":"https:\/\/www.pr-neu.de\/newsroom\/wp-json\/wp\/v2\/tags?post=17715"}],"curies":[{"name":"wp","href":"https:\/\/api.w.org\/{rel}","templated":true}]}}