{"id":17706,"date":"2025-07-17T14:51:30","date_gmt":"2025-07-17T12:51:30","guid":{"rendered":"https:\/\/www.pr-neu.de\/newsroom\/?p=17706"},"modified":"2025-07-17T14:51:30","modified_gmt":"2025-07-17T12:51:30","slug":"hanno-erweitert-europaeischen-vertrieb","status":"publish","type":"post","link":"https:\/\/www.pr-neu.de\/newsroom\/hanno-erweitert-europaeischen-vertrieb\/","title":{"rendered":"Hanno erweitert europ\u00e4ischen Vertrieb"},"content":{"rendered":"<p><u>Internationaler ausgerichtet<\/u><\/p>\n<p>Hanno (Laatzen) weitet seinen Export in Europa deutlich aus: Andreas Rissmann, Gebietsleiter f\u00fcr die angels\u00e4chsischen Staaten und China, betreut nun auch den franz\u00f6sischen Markt und agiert hier in Partnerschaft mit Kiso SA, einem Schweizer Fachh\u00e4ndler f\u00fcr Gummierzeugnisse. Thomas Kexel, Gebietsleiter S\u00fcdosteuropa, ist nun auch Ansprechpartner f\u00fcr Spanien und Portugal. Der Gebietsleiter f\u00fcr S\u00fcdostdeutschland, Mehmet Coban, k\u00fcmmert sich fortan auch um den Vertrieb in \u00d6sterreich und der T\u00fcrkei. \u00dcber Norddeutschland hinaus erweitert Lars Bunke seine Zust\u00e4ndigkeit in Richtung Skandinavien. \u00dcber diese Neuausrichtung schafft der Spezialist f\u00fcr Fugenabdichtung und Schalld\u00e4mmung neue M\u00e4rkte, st\u00e4rkt bestehende Partnerschaften und setzt seinen internationalen Wachstumskurs fort.<\/p>\n<p>&nbsp;<\/p>\n<hr \/>\n<p>&nbsp;<\/p>\n<p><a href=\"http:\/\/www.pr-neu.de\/newsroom\/wordpress\/wp-content\/uploads\/2025\/07\/25-02_Vertriebler_Kombi_K.jpg\" target=\"_blank\" rel=\"noopener\"><img loading=\"lazy\" decoding=\"async\" class=\"aligncenter wp-image-17708 size-medium\" src=\"http:\/\/www.pr-neu.de\/newsroom\/wordpress\/wp-content\/uploads\/2025\/07\/25-02_Vertriebler_Kombi_K-225x300.jpg\" alt=\"Thomas Kexel, Gebietsleiter f\u00fcr S\u00fcdosteuropa, Spanien und Portugal.\" width=\"225\" height=\"300\" srcset=\"https:\/\/www.pr-neu.de\/newsroom\/wordpress\/wp-content\/uploads\/2025\/07\/25-02_Vertriebler_Kombi_K-225x300.jpg 225w, https:\/\/www.pr-neu.de\/newsroom\/wordpress\/wp-content\/uploads\/2025\/07\/25-02_Vertriebler_Kombi_K-768x1024.jpg 768w, https:\/\/www.pr-neu.de\/newsroom\/wordpress\/wp-content\/uploads\/2025\/07\/25-02_Vertriebler_Kombi_K-1152x1536.jpg 1152w, https:\/\/www.pr-neu.de\/newsroom\/wordpress\/wp-content\/uploads\/2025\/07\/25-02_Vertriebler_Kombi_K-1536x2048.jpg 1536w, https:\/\/www.pr-neu.de\/newsroom\/wordpress\/wp-content\/uploads\/2025\/07\/25-02_Vertriebler_Kombi_K-83x110.jpg 83w, https:\/\/www.pr-neu.de\/newsroom\/wordpress\/wp-content\/uploads\/2025\/07\/25-02_Vertriebler_Kombi_K-315x420.jpg 315w, https:\/\/www.pr-neu.de\/newsroom\/wordpress\/wp-content\/uploads\/2025\/07\/25-02_Vertriebler_Kombi_K-323x430.jpg 323w, https:\/\/www.pr-neu.de\/newsroom\/wordpress\/wp-content\/uploads\/2025\/07\/25-02_Vertriebler_Kombi_K.jpg 1800w\" sizes=\"auto, (max-width: 225px) 100vw, 225px\" \/><\/a><\/p>\n<p style=\"text-align: center;\">Hanno-Gebietsleiter (v. l. o. n. r. u.): Thomas Kexel, Lars Bunke, Mehmet Coban und Andreas Rissmann.<\/p>\n<p>&nbsp;<\/p>\n<p><a href=\"http:\/\/www.pr-neu.de\/newsroom\/wordpress\/wp-content\/uploads\/2025\/07\/25-02_Andreas_Rissmann_K.jpg\" target=\"_blank\" rel=\"noopener\"><img loading=\"lazy\" decoding=\"async\" class=\"aligncenter wp-image-17709 size-medium\" src=\"http:\/\/www.pr-neu.de\/newsroom\/wordpress\/wp-content\/uploads\/2025\/07\/25-02_Andreas_Rissmann_K-225x300.jpg\" alt=\"Andreas Rissmann Gebietsleiter f\u00fcr die angels\u00e4chsischen Staaten, Frankreich und China.\" width=\"225\" height=\"300\" srcset=\"https:\/\/www.pr-neu.de\/newsroom\/wordpress\/wp-content\/uploads\/2025\/07\/25-02_Andreas_Rissmann_K-225x300.jpg 225w, https:\/\/www.pr-neu.de\/newsroom\/wordpress\/wp-content\/uploads\/2025\/07\/25-02_Andreas_Rissmann_K-83x110.jpg 83w, https:\/\/www.pr-neu.de\/newsroom\/wordpress\/wp-content\/uploads\/2025\/07\/25-02_Andreas_Rissmann_K-315x420.jpg 315w, https:\/\/www.pr-neu.de\/newsroom\/wordpress\/wp-content\/uploads\/2025\/07\/25-02_Andreas_Rissmann_K-323x430.jpg 323w, https:\/\/www.pr-neu.de\/newsroom\/wordpress\/wp-content\/uploads\/2025\/07\/25-02_Andreas_Rissmann_K.jpg 450w\" sizes=\"auto, (max-width: 225px) 100vw, 225px\" \/><\/a><\/p>\n<p style=\"text-align: center;\">Andreas Rissmann Gebietsleiter f\u00fcr die angels\u00e4chsischen Staaten, Frankreich und China.<\/p>\n<p>&nbsp;<\/p>\n<p><a href=\"http:\/\/www.pr-neu.de\/newsroom\/wordpress\/wp-content\/uploads\/2025\/07\/25-02_Thomas_Kexel_K.jpg\" target=\"_blank\" rel=\"noopener\"><img loading=\"lazy\" decoding=\"async\" class=\"aligncenter wp-image-17707 size-medium\" src=\"http:\/\/www.pr-neu.de\/newsroom\/wordpress\/wp-content\/uploads\/2025\/07\/25-02_Thomas_Kexel_K-225x300.jpg\" alt=\"Thomas Kexel, Gebietsleiter f\u00fcr S\u00fcdosteuropa, Spanien und Portugal.\" width=\"225\" height=\"300\" srcset=\"https:\/\/www.pr-neu.de\/newsroom\/wordpress\/wp-content\/uploads\/2025\/07\/25-02_Thomas_Kexel_K-225x300.jpg 225w, https:\/\/www.pr-neu.de\/newsroom\/wordpress\/wp-content\/uploads\/2025\/07\/25-02_Thomas_Kexel_K-768x1024.jpg 768w, https:\/\/www.pr-neu.de\/newsroom\/wordpress\/wp-content\/uploads\/2025\/07\/25-02_Thomas_Kexel_K-1152x1536.jpg 1152w, https:\/\/www.pr-neu.de\/newsroom\/wordpress\/wp-content\/uploads\/2025\/07\/25-02_Thomas_Kexel_K-1536x2048.jpg 1536w, https:\/\/www.pr-neu.de\/newsroom\/wordpress\/wp-content\/uploads\/2025\/07\/25-02_Thomas_Kexel_K-83x110.jpg 83w, https:\/\/www.pr-neu.de\/newsroom\/wordpress\/wp-content\/uploads\/2025\/07\/25-02_Thomas_Kexel_K-315x420.jpg 315w, https:\/\/www.pr-neu.de\/newsroom\/wordpress\/wp-content\/uploads\/2025\/07\/25-02_Thomas_Kexel_K-323x430.jpg 323w, https:\/\/www.pr-neu.de\/newsroom\/wordpress\/wp-content\/uploads\/2025\/07\/25-02_Thomas_Kexel_K.jpg 1800w\" sizes=\"auto, (max-width: 225px) 100vw, 225px\" \/><\/a><\/p>\n<p style=\"text-align: center;\">Thomas Kexel, Gebietsleiter f\u00fcr S\u00fcdosteuropa, Spanien und Portugal.<\/p>\n<p>&nbsp;<\/p>\n<p><a href=\"http:\/\/www.pr-neu.de\/newsroom\/wordpress\/wp-content\/uploads\/2025\/07\/25-02_Mehmet_Coban_K.jpg\" target=\"_blank\" rel=\"noopener\"><img loading=\"lazy\" decoding=\"async\" class=\"aligncenter wp-image-17711 size-medium\" src=\"http:\/\/www.pr-neu.de\/newsroom\/wordpress\/wp-content\/uploads\/2025\/07\/25-02_Mehmet_Coban_K-225x300.jpg\" alt=\"Mehmet Coban, Gebietsleiter f\u00fcr S\u00fcdostdeutschland, \u00d6sterreich und die T\u00fcrkei.\" width=\"225\" height=\"300\" srcset=\"https:\/\/www.pr-neu.de\/newsroom\/wordpress\/wp-content\/uploads\/2025\/07\/25-02_Mehmet_Coban_K-225x300.jpg 225w, https:\/\/www.pr-neu.de\/newsroom\/wordpress\/wp-content\/uploads\/2025\/07\/25-02_Mehmet_Coban_K-768x1024.jpg 768w, https:\/\/www.pr-neu.de\/newsroom\/wordpress\/wp-content\/uploads\/2025\/07\/25-02_Mehmet_Coban_K-1152x1536.jpg 1152w, https:\/\/www.pr-neu.de\/newsroom\/wordpress\/wp-content\/uploads\/2025\/07\/25-02_Mehmet_Coban_K-1536x2048.jpg 1536w, https:\/\/www.pr-neu.de\/newsroom\/wordpress\/wp-content\/uploads\/2025\/07\/25-02_Mehmet_Coban_K-83x110.jpg 83w, https:\/\/www.pr-neu.de\/newsroom\/wordpress\/wp-content\/uploads\/2025\/07\/25-02_Mehmet_Coban_K-315x420.jpg 315w, https:\/\/www.pr-neu.de\/newsroom\/wordpress\/wp-content\/uploads\/2025\/07\/25-02_Mehmet_Coban_K-323x430.jpg 323w, https:\/\/www.pr-neu.de\/newsroom\/wordpress\/wp-content\/uploads\/2025\/07\/25-02_Mehmet_Coban_K.jpg 1800w\" sizes=\"auto, (max-width: 225px) 100vw, 225px\" \/><\/a><\/p>\n<p style=\"text-align: center;\">Mehmet Coban, Gebietsleiter f\u00fcr S\u00fcdostdeutschland, \u00d6sterreich und die T\u00fcrkei.<\/p>\n<p>&nbsp;<\/p>\n<figure id=\"attachment_17710\" aria-describedby=\"caption-attachment-17710\" style=\"width: 225px\" class=\"wp-caption aligncenter\"><a href=\"http:\/\/www.pr-neu.de\/newsroom\/wordpress\/wp-content\/uploads\/2025\/07\/25-02_Lars_Bunke_K.jpg\" target=\"_blank\" rel=\"noopener\"><img loading=\"lazy\" decoding=\"async\" class=\"wp-image-17710 size-medium\" src=\"http:\/\/www.pr-neu.de\/newsroom\/wordpress\/wp-content\/uploads\/2025\/07\/25-02_Lars_Bunke_K-225x300.jpg\" alt=\"\" width=\"225\" height=\"300\" srcset=\"https:\/\/www.pr-neu.de\/newsroom\/wordpress\/wp-content\/uploads\/2025\/07\/25-02_Lars_Bunke_K-225x300.jpg 225w, https:\/\/www.pr-neu.de\/newsroom\/wordpress\/wp-content\/uploads\/2025\/07\/25-02_Lars_Bunke_K-768x1024.jpg 768w, https:\/\/www.pr-neu.de\/newsroom\/wordpress\/wp-content\/uploads\/2025\/07\/25-02_Lars_Bunke_K-1152x1536.jpg 1152w, https:\/\/www.pr-neu.de\/newsroom\/wordpress\/wp-content\/uploads\/2025\/07\/25-02_Lars_Bunke_K-1536x2048.jpg 1536w, https:\/\/www.pr-neu.de\/newsroom\/wordpress\/wp-content\/uploads\/2025\/07\/25-02_Lars_Bunke_K-83x110.jpg 83w, https:\/\/www.pr-neu.de\/newsroom\/wordpress\/wp-content\/uploads\/2025\/07\/25-02_Lars_Bunke_K-315x420.jpg 315w, https:\/\/www.pr-neu.de\/newsroom\/wordpress\/wp-content\/uploads\/2025\/07\/25-02_Lars_Bunke_K-323x430.jpg 323w, https:\/\/www.pr-neu.de\/newsroom\/wordpress\/wp-content\/uploads\/2025\/07\/25-02_Lars_Bunke_K.jpg 1800w\" sizes=\"auto, (max-width: 225px) 100vw, 225px\" \/><\/a><figcaption id=\"caption-attachment-17710\" class=\"wp-caption-text\">\u00a0<\/figcaption><\/figure>\n<p style=\"text-align: center;\">Lars Bunke, Gebietsleiter f\u00fcr Norddeutschland und Skandinavien.<\/p>\n<p style=\"text-align: center;\">Bilder: Hanno Werk GmbH &amp; Co. KG<\/p>\n<p>&nbsp;<\/p>\n<hr \/>\n<p>&nbsp;<\/p>\n<p>Abdruck honorarfrei, Belegexemplar erbeten<\/p>\n","protected":false},"excerpt":{"rendered":"<p>Hanno (Laatzen) weitet seinen Export in Europa deutlich aus: Andreas Rissmann (Gebietsleiter f\u00fcr angels\u00e4chsischen Staaten, Frankreich und China), Thomas Kexel (S\u00fcdosteuropa, Spanien und Portugal), Mehmet Coban (S\u00fcdostdeutschland, \u00d6sterreich und T\u00fcrkei) und Lars Bunke (Norddeutschland und Skandinavien). <\/p>\n","protected":false},"author":10,"featured_media":17712,"comment_status":"closed","ping_status":"open","sticky":false,"template":"","format":"standard","meta":{"footnotes":""},"categories":[655],"tags":[3380,1743,356,393,1751,1757,611],"class_list":["post-17706","post","type-post","status-publish","format-standard","has-post-thumbnail","hentry","category-hanno","tag-gebietsleiter","tag-hanno","tag-mitarbeiter","tag-personalia","tag-personalie","tag-unternehmen","tag-vertrieb"],"_links":{"self":[{"href":"https:\/\/www.pr-neu.de\/newsroom\/wp-json\/wp\/v2\/posts\/17706","targetHints":{"allow":["GET"]}}],"collection":[{"href":"https:\/\/www.pr-neu.de\/newsroom\/wp-json\/wp\/v2\/posts"}],"about":[{"href":"https:\/\/www.pr-neu.de\/newsroom\/wp-json\/wp\/v2\/types\/post"}],"author":[{"embeddable":true,"href":"https:\/\/www.pr-neu.de\/newsroom\/wp-json\/wp\/v2\/users\/10"}],"replies":[{"embeddable":true,"href":"https:\/\/www.pr-neu.de\/newsroom\/wp-json\/wp\/v2\/comments?post=17706"}],"version-history":[{"count":1,"href":"https:\/\/www.pr-neu.de\/newsroom\/wp-json\/wp\/v2\/posts\/17706\/revisions"}],"predecessor-version":[{"id":17713,"href":"https:\/\/www.pr-neu.de\/newsroom\/wp-json\/wp\/v2\/posts\/17706\/revisions\/17713"}],"wp:featuredmedia":[{"embeddable":true,"href":"https:\/\/www.pr-neu.de\/newsroom\/wp-json\/wp\/v2\/media\/17712"}],"wp:attachment":[{"href":"https:\/\/www.pr-neu.de\/newsroom\/wp-json\/wp\/v2\/media?parent=17706"}],"wp:term":[{"taxonomy":"category","embeddable":true,"href":"https:\/\/www.pr-neu.de\/newsroom\/wp-json\/wp\/v2\/categories?post=17706"},{"taxonomy":"post_tag","embeddable":true,"href":"https:\/\/www.pr-neu.de\/newsroom\/wp-json\/wp\/v2\/tags?post=17706"}],"curies":[{"name":"wp","href":"https:\/\/api.w.org\/{rel}","templated":true}]}}