{"id":17702,"date":"2025-07-17T09:29:29","date_gmt":"2025-07-17T07:29:29","guid":{"rendered":"https:\/\/www.pr-neu.de\/newsroom\/?p=17702"},"modified":"2025-07-17T09:29:29","modified_gmt":"2025-07-17T07:29:29","slug":"foerderverein-dowesee-beschafft-neue-gartenmoebel","status":"publish","type":"post","link":"https:\/\/www.pr-neu.de\/newsroom\/foerderverein-dowesee-beschafft-neue-gartenmoebel\/","title":{"rendered":"F\u00f6rderverein Dowesee beschafft neue Gartenm\u00f6bel"},"content":{"rendered":"<p>&nbsp;<\/p>\n<p><u>Veolia Stiftung spendet 3.000 Euro<\/u><\/p>\n<p><strong>Wieder sch\u00f6n drau\u00dfen sitzen: Der Schul- und B\u00fcrgergarten Dowesee erhielt jetzt neue Tische, St\u00fchle und B\u00e4nke. Die Veolia Stiftung hat den Kauf mit einer Spende von 3.000 Euro unterst\u00fctzt. Judith Kraft, Gesch\u00e4ftsf\u00fchrerin der Stadtentw\u00e4sserung Braunschweig GmbH (SEBS), Ina Patricia Rieger (\u00d6ffentlichkeitsarbeit SEBS) und Marvin Fuhrmann als Spendenpate (SEBS) \u00fcbergaben die Spende jetzt symbolisch an die Vereinsvorsitzenden Detlev Rickert und Thomas Ellwart.<\/strong><\/p>\n<p><u>Braunschweig, 17. Juli 2025<\/u>. Der Dowesee ist weit mehr als ein Braunschweiger See: Mitten im Schul- und B\u00fcrgergarten gelegen, ist er ein st\u00e4dtisches Kleinod f\u00fcr naturnahe Bildung. Der \u201eF\u00f6rderverein Dowesee\u201c organisiert hier Naturspazierg\u00e4nge und F\u00fchrungen, Lesungen, Kunstausstellungen, Workshops und Konzerte, Sch\u00fclergruppen erfahren Umweltbildung in der Biologiestation, Regionales Umweltbildungszentrum Dowesee. \u201eDer F\u00f6rderverein des Schul- und B\u00fcrgergartens bietet mit der Biologiestation Natur zum Anfassen. Wir engagieren uns seit nun 20 Jahren in den Braunschweiger Schulen und bieten Betriebsf\u00fchrungen und Vortr\u00e4ge, um f\u00fcr einen verantwortungsbewussten Umgang unserer lebenswichtigen Ressource Wasser zu sensibilisieren. Das verbindet uns\u201c, erkl\u00e4rte SEBS-Gesch\u00e4ftsf\u00fchrerin Judith Kraft. Als Spendenpaten der Veolia Stiftung \u00fcbergab sie gemeinsam mit Marvin Fuhrmann, Teamleiter Controlling bei der SEBS, und Ina Patricia Rieger (\u00d6ffentlichkeitsarbeit SEBS) jetzt symbolisch die neuen Gartenm\u00f6bel im Wert von 3.000 Euro an die Vereinsvorsitzenden Detlev Rickert und Thomas Ellwart. Da die Anlage auch regelm\u00e4\u00dfig von Menschen besucht wird, die auf gute Sitzm\u00f6glichkeiten angewiesen sind, wurden besonders hochwertige M\u00f6bel ausgew\u00e4hlt.<\/p>\n<p>&nbsp;<\/p>\n<hr \/>\n<p>&nbsp;<\/p>\n<p><a href=\"http:\/\/www.pr-neu.de\/newsroom\/wordpress\/wp-content\/uploads\/2025\/07\/25_03_Spende_SEBS_Dowesee_02_K.jpg\" target=\"_blank\" rel=\"noopener\"><img loading=\"lazy\" decoding=\"async\" class=\"aligncenter wp-image-17703 size-medium\" src=\"http:\/\/www.pr-neu.de\/newsroom\/wordpress\/wp-content\/uploads\/2025\/07\/25_03_Spende_SEBS_Dowesee_02_K-300x200.jpg\" alt=\"Freuen sich \u00fcber neue, hochwertige Gartenm\u00f6bel (v.l.): Detlev Rickert (F\u00f6rderverein Dowesee); Ina Patricia Rieger (SEBS) Spendenpate Marvin Fuhrmann (SEBS), Thomas Ellwart (F\u00f6rderverein Dowesee) und Judith Kraft (Gesch\u00e4ftsf\u00fchrerin SEBS)\" width=\"300\" height=\"200\" srcset=\"https:\/\/www.pr-neu.de\/newsroom\/wordpress\/wp-content\/uploads\/2025\/07\/25_03_Spende_SEBS_Dowesee_02_K-300x200.jpg 300w, https:\/\/www.pr-neu.de\/newsroom\/wordpress\/wp-content\/uploads\/2025\/07\/25_03_Spende_SEBS_Dowesee_02_K-1024x683.jpg 1024w, https:\/\/www.pr-neu.de\/newsroom\/wordpress\/wp-content\/uploads\/2025\/07\/25_03_Spende_SEBS_Dowesee_02_K-768x512.jpg 768w, https:\/\/www.pr-neu.de\/newsroom\/wordpress\/wp-content\/uploads\/2025\/07\/25_03_Spende_SEBS_Dowesee_02_K-1536x1024.jpg 1536w, https:\/\/www.pr-neu.de\/newsroom\/wordpress\/wp-content\/uploads\/2025\/07\/25_03_Spende_SEBS_Dowesee_02_K-2048x1365.jpg 2048w, https:\/\/www.pr-neu.de\/newsroom\/wordpress\/wp-content\/uploads\/2025\/07\/25_03_Spende_SEBS_Dowesee_02_K-110x73.jpg 110w, https:\/\/www.pr-neu.de\/newsroom\/wordpress\/wp-content\/uploads\/2025\/07\/25_03_Spende_SEBS_Dowesee_02_K-420x280.jpg 420w, https:\/\/www.pr-neu.de\/newsroom\/wordpress\/wp-content\/uploads\/2025\/07\/25_03_Spende_SEBS_Dowesee_02_K-645x430.jpg 645w\" sizes=\"auto, (max-width: 300px) 100vw, 300px\" \/><\/a><\/p>\n<p style=\"text-align: center;\"><a href=\"http:\/\/www.pr-neu.de\/newsroom\/wordpress\/wp-content\/uploads\/2025\/07\/25_03_Spende_SEBS_Dowesee_01_K.jpg\" target=\"_blank\" rel=\"noopener\"><img loading=\"lazy\" decoding=\"async\" class=\"aligncenter wp-image-17704 size-medium\" src=\"http:\/\/www.pr-neu.de\/newsroom\/wordpress\/wp-content\/uploads\/2025\/07\/25_03_Spende_SEBS_Dowesee_01_K-300x200.jpg\" alt=\"Freuen sich \u00fcber neue, hochwertige Gartenm\u00f6bel (v.l.): Detlev Rickert (F\u00f6rderverein Dowesee); Ina Patricia Rieger (SEBS) Spendenpate Marvin Fuhrmann (SEBS), Thomas Ellwart (F\u00f6rderverein Dowesee) und Judith Kraft (Gesch\u00e4ftsf\u00fchrerin SEBS)\" width=\"300\" height=\"200\" srcset=\"https:\/\/www.pr-neu.de\/newsroom\/wordpress\/wp-content\/uploads\/2025\/07\/25_03_Spende_SEBS_Dowesee_01_K-300x200.jpg 300w, https:\/\/www.pr-neu.de\/newsroom\/wordpress\/wp-content\/uploads\/2025\/07\/25_03_Spende_SEBS_Dowesee_01_K-1024x683.jpg 1024w, https:\/\/www.pr-neu.de\/newsroom\/wordpress\/wp-content\/uploads\/2025\/07\/25_03_Spende_SEBS_Dowesee_01_K-768x512.jpg 768w, https:\/\/www.pr-neu.de\/newsroom\/wordpress\/wp-content\/uploads\/2025\/07\/25_03_Spende_SEBS_Dowesee_01_K-1536x1024.jpg 1536w, https:\/\/www.pr-neu.de\/newsroom\/wordpress\/wp-content\/uploads\/2025\/07\/25_03_Spende_SEBS_Dowesee_01_K-2048x1365.jpg 2048w, https:\/\/www.pr-neu.de\/newsroom\/wordpress\/wp-content\/uploads\/2025\/07\/25_03_Spende_SEBS_Dowesee_01_K-110x73.jpg 110w, https:\/\/www.pr-neu.de\/newsroom\/wordpress\/wp-content\/uploads\/2025\/07\/25_03_Spende_SEBS_Dowesee_01_K-420x280.jpg 420w, https:\/\/www.pr-neu.de\/newsroom\/wordpress\/wp-content\/uploads\/2025\/07\/25_03_Spende_SEBS_Dowesee_01_K-645x430.jpg 645w\" sizes=\"auto, (max-width: 300px) 100vw, 300px\" \/><\/a><\/p>\n<p style=\"text-align: center;\">Freuen sich \u00fcber neue, hochwertige Gartenm\u00f6bel (v.l.): Detlev Rickert (F\u00f6rderverein Dowesee); Ina Patricia Rieger (SEBS) Spendenpate Marvin Fuhrmann (SEBS), Thomas Ellwart (F\u00f6rderverein Dowesee) und Judith Kraft (Gesch\u00e4ftsf\u00fchrerin SEBS)<br \/>\nBilder: Gramann \/ Stadtentw\u00e4sserung Braunschweig GmbH (SEBS)<\/p>\n<p>&nbsp;<\/p>\n<hr \/>\n<p>&nbsp;<\/p>\n<p><strong>Die Veolia Stiftung<\/strong><\/p>\n<p>Die Veolia Stiftung unterst\u00fctzt gemeinn\u00fctzige Initiativen, die einen nachhaltigen Beitrag zum Schutz von Wasserressourcen, zur Steigerung der Energieeffizienz und zur St\u00e4rkung der Kreislaufwirtschaft leisten. Seit 2006 geh\u00f6rt die Stadtentw\u00e4sserung Braunschweig GmbH zur BS|Energy Gruppe und ist der Abwasserdienstleister f\u00fcr Braunschweig sowie die Region. Jedes F\u00f6rderprojekt wird in Braunschweig von einem Mitarbeiter der BS|Energy Gruppe in einer Patenschaft \u00fcbernommen und pers\u00f6nlich begleitet.<\/p>\n<p>&nbsp;<\/p>\n<hr \/>\n<p>&nbsp;<\/p>\n<p>Abdruck honorarfrei, Belegexemplar erbeten<\/p>\n","protected":false},"excerpt":{"rendered":"<p>Der Schul- und B\u00fcrgergarten Dowesee erhielt jetzt neue Tische, St\u00fchle und B\u00e4nke. Die Veolia Stiftung hat den Kauf mit einer Spende von 3.000 Euro unterst\u00fctzt.<\/p>\n","protected":false},"author":9,"featured_media":17704,"comment_status":"closed","ping_status":"open","sticky":false,"template":"","format":"standard","meta":{"footnotes":""},"categories":[1517],"tags":[1557,3378,3376,1736,2882,1825,1601,1833,3374],"class_list":["post-17702","post","type-post","status-publish","format-standard","has-post-thumbnail","hentry","category-sebs","tag-braunschweig","tag-buergergarten","tag-dowesee","tag-foerderung","tag-sebs","tag-spende","tag-stadtentwaesserung","tag-veolia","tag-veolia-stiftung"],"_links":{"self":[{"href":"https:\/\/www.pr-neu.de\/newsroom\/wp-json\/wp\/v2\/posts\/17702","targetHints":{"allow":["GET"]}}],"collection":[{"href":"https:\/\/www.pr-neu.de\/newsroom\/wp-json\/wp\/v2\/posts"}],"about":[{"href":"https:\/\/www.pr-neu.de\/newsroom\/wp-json\/wp\/v2\/types\/post"}],"author":[{"embeddable":true,"href":"https:\/\/www.pr-neu.de\/newsroom\/wp-json\/wp\/v2\/users\/9"}],"replies":[{"embeddable":true,"href":"https:\/\/www.pr-neu.de\/newsroom\/wp-json\/wp\/v2\/comments?post=17702"}],"version-history":[{"count":1,"href":"https:\/\/www.pr-neu.de\/newsroom\/wp-json\/wp\/v2\/posts\/17702\/revisions"}],"predecessor-version":[{"id":17705,"href":"https:\/\/www.pr-neu.de\/newsroom\/wp-json\/wp\/v2\/posts\/17702\/revisions\/17705"}],"wp:featuredmedia":[{"embeddable":true,"href":"https:\/\/www.pr-neu.de\/newsroom\/wp-json\/wp\/v2\/media\/17704"}],"wp:attachment":[{"href":"https:\/\/www.pr-neu.de\/newsroom\/wp-json\/wp\/v2\/media?parent=17702"}],"wp:term":[{"taxonomy":"category","embeddable":true,"href":"https:\/\/www.pr-neu.de\/newsroom\/wp-json\/wp\/v2\/categories?post=17702"},{"taxonomy":"post_tag","embeddable":true,"href":"https:\/\/www.pr-neu.de\/newsroom\/wp-json\/wp\/v2\/tags?post=17702"}],"curies":[{"name":"wp","href":"https:\/\/api.w.org\/{rel}","templated":true}]}}