{"id":17693,"date":"2025-07-10T09:49:40","date_gmt":"2025-07-10T07:49:40","guid":{"rendered":"https:\/\/www.pr-neu.de\/newsroom\/?p=17693"},"modified":"2025-07-10T09:49:40","modified_gmt":"2025-07-10T07:49:40","slug":"serienkoenner","status":"publish","type":"post","link":"https:\/\/www.pr-neu.de\/newsroom\/serienkoenner\/","title":{"rendered":"Serienk\u00f6nner"},"content":{"rendered":"<p><u>Detailwissen f\u00fcr vorgefertigte Fassadenelemente<\/u><\/p>\n<p><strong>Seriell geplante und gefertigte Fassadenl\u00f6sungen sorgen bei Sanierungen wie Neubauten f\u00fcr Geschwindigkeit, Wirtschaftlichkeit und Energieeffizienz. Sto unterst\u00fctzt diesen Ansatz mit erprobten Konstruktionsdetails und umfangreichen technischen Hinweisen f\u00fcr sichere Geschossdecken\u00fcberg\u00e4nge und Fugenausbildungen.<\/strong><\/p>\n<p>Serielles Bauen und Sanieren nutzt digitale Planung und vorgefertigte Bauelemente, um drei aktuelle Herausforderungen der Baubranche gleichzeitig anzugehen: die schnelle Schaffung von neuem Wohnraum, die z\u00fcgige energetische Sanierung bestehender Geb\u00e4ude und die Senkung der Baukosten.<\/p>\n<p>Bei beiden Hauptstrategien des seriellen Bauens \u2013 der Modulbauweise und der Elementbauweise \u2013 ist Holz das am h\u00e4ufigsten verwendete Material. Sto hat w\u00e4hrend seiner jahrzehntelangen Partnerschaft mit der Fertighausbranche zahlreiche spezielle Systeml\u00f6sungen f\u00fcr diese Bauarten entwickelt. Diese zeichnen sich durch vielf\u00e4ltige M\u00f6glichkeiten zur Oberfl\u00e4chengestaltung und passgenaue Abdichtungsl\u00f6sungen aus. Die gepr\u00fcfte Qualit\u00e4t wird durch anerkannte G\u00fctesiegel best\u00e4tigt. Der Fassadenspezialist verf\u00fcgt \u00fcber umfangreiche Erfahrung im Brandschutz, Schallschutz und W\u00e4rmeschutz. F\u00fcr unterschiedliche Anforderungen stehen langzeiterprobte Systemvarianten f\u00fcr W\u00e4rmed\u00e4mm-Verbundsysteme (WDVS) und vorgeh\u00e4ngte hinterl\u00fcftete Fassaden (VHF) zur Verf\u00fcgung.<\/p>\n<p><strong>Serielles Sanieren \u2013 mit und ohne Ger\u00fcst<\/strong><\/p>\n<p>F\u00fcr die Sanierung bestehender Geb\u00e4ude bietet Sto Systeme, die die Vorfertigung kompletter Fassadenelemente unterst\u00fctzen. Dadurch entf\u00e4llt auf der Baustelle in vielen F\u00e4llen die Notwendigkeit eines Ger\u00fcsts. Nur die Elementst\u00f6\u00dfe werden baustellenseitig mit richtig dimensionierten Fugendichtb\u00e4ndern oder dauerelastischen Fugendichtstoffen abgedichtet. Diese Arbeiten k\u00f6nnen zumeist auf einem Hubsteiger erledigt werden. Das Spektrum der Sto-Systeme reicht dabei von klassischen Putzfassaden \u00fcber Backsteinoptik (StoCleyer B) bis hin zu Verblendungen in Holzoptik (StoCleyer W). F\u00fcr die optische Gestaltung der Dehnfugen gibt es verschiedene L\u00f6sungsans\u00e4tze: Der Fugendichtstoff kann beispielsweise an die Farbe des Oberputzes angepasst werden. Die Dehnfugen k\u00f6nnen bei Bedarf auch durch Fassadenelemente (StoDeco) optisch verborgen werden. Diese L\u00f6sungen eignen sich sowohl f\u00fcr Elementfassaden in Massivholz- als auch in Holzst\u00e4nderbauweise.<\/p>\n<p><strong>Typische Herausforderungen des seriellen Bauens<\/strong><\/p>\n<p>Beim seriellen Neubau mit WDVS mit einbindenden oder innen angeh\u00e4ngten Deckenbalken werden die Fassadenelemente im Werk bis einschlie\u00dflich Unterputz fertiggestellt. Auf der Baustelle folgen dann noch die Erg\u00e4nzung der Passplatte und der Oberputz. Mit dieser Vorgehensweise werden sichtbare Fugen zwischen den Wandelementen vermieden.<\/p>\n<p>Der Grund f\u00fcr diese Vorgehensweise sind m\u00f6gliche Vertikalverformungen \u2013 auch Quetschfalten genannt \u2013, die aus dem Verformungspotential der tragenden Konstruktion resultieren. Ursachen k\u00f6nnen die Ver\u00e4nderung der Holzfeuchte durch Nachtrocknung, lastabh\u00e4ngige Deformationen oder Setzungen aufgrund unebener Auflagerung der Wandscheiben sein. Entgegenwirken kann man diesen Risiken mit konstruktiven Ma\u00dfnahmen wie beispielsweise neben den Balken angeordneten Stellh\u00f6lzern mit lotrechter Faserrichtung. Au\u00dferdem sollten die Geschossdecken\u00fcberg\u00e4nge erst geschlossen werden, nachdem alle wesentlichen Auflasten (Dachsteine, Estriche etc.) in das Geb\u00e4ude eingebracht wurden (Technische Hinweise gibt der Informationsdienst Holz).<\/p>\n<p>Weitere Hebel ergeben sich im Umgang mit dem D\u00e4mmsystem selbst. So ist es hilfreich, die press gesto\u00dfenen D\u00e4mmplatten mit Randverklebung zu verlegen und die Mindestdicken bei der Kleber- und Armierungsschicht unbedingt einzuhalten.<\/p>\n<p><strong>Sowohl WDVS als auch VHF<\/strong><\/p>\n<p>Ebenso umfangreiche technische Hinweise und exakt abgestimmte Detaill\u00f6sungen wie f\u00fcr die W\u00e4rmed\u00e4mm-Verbundsysteme stehen auch f\u00fcr vorgeh\u00e4ngte hinterl\u00fcftete Fassadenl\u00f6sungen mit zahlreichen Varianten der Oberfl\u00e4chenausgestaltung zur Verf\u00fcgung.<\/p>\n<p>&nbsp;<\/p>\n<hr \/>\n<p>&nbsp;<\/p>\n<p><a href=\"http:\/\/www.pr-neu.de\/newsroom\/wordpress\/wp-content\/uploads\/2025\/07\/25_19_Holzbau_Serie_01_K.jpg\"><br \/>\n<\/a><a href=\"http:\/\/www.pr-neu.de\/newsroom\/wordpress\/wp-content\/uploads\/2025\/07\/25_19_Holzbau_Serie_01_K.jpg\" target=\"_blank\" rel=\"noopener\"><img loading=\"lazy\" decoding=\"async\" class=\"aligncenter wp-image-17694 size-medium\" src=\"http:\/\/www.pr-neu.de\/newsroom\/wordpress\/wp-content\/uploads\/2025\/07\/25_19_Holzbau_Serie_01_K-300x169.jpg\" alt=\"F\u00fcr den Umgang mit Elementfugen stellt Sto mehrere Varianten zur Verf\u00fcgung.\" width=\"300\" height=\"169\" srcset=\"https:\/\/www.pr-neu.de\/newsroom\/wordpress\/wp-content\/uploads\/2025\/07\/25_19_Holzbau_Serie_01_K-300x169.jpg 300w, https:\/\/www.pr-neu.de\/newsroom\/wordpress\/wp-content\/uploads\/2025\/07\/25_19_Holzbau_Serie_01_K-1024x576.jpg 1024w, https:\/\/www.pr-neu.de\/newsroom\/wordpress\/wp-content\/uploads\/2025\/07\/25_19_Holzbau_Serie_01_K-768x432.jpg 768w, https:\/\/www.pr-neu.de\/newsroom\/wordpress\/wp-content\/uploads\/2025\/07\/25_19_Holzbau_Serie_01_K-1536x864.jpg 1536w, https:\/\/www.pr-neu.de\/newsroom\/wordpress\/wp-content\/uploads\/2025\/07\/25_19_Holzbau_Serie_01_K-2048x1152.jpg 2048w, https:\/\/www.pr-neu.de\/newsroom\/wordpress\/wp-content\/uploads\/2025\/07\/25_19_Holzbau_Serie_01_K-110x62.jpg 110w, https:\/\/www.pr-neu.de\/newsroom\/wordpress\/wp-content\/uploads\/2025\/07\/25_19_Holzbau_Serie_01_K-420x236.jpg 420w, https:\/\/www.pr-neu.de\/newsroom\/wordpress\/wp-content\/uploads\/2025\/07\/25_19_Holzbau_Serie_01_K-770x430.jpg 770w, https:\/\/www.pr-neu.de\/newsroom\/wordpress\/wp-content\/uploads\/2025\/07\/25_19_Holzbau_Serie_01_K-764x430.jpg 764w\" sizes=\"auto, (max-width: 300px) 100vw, 300px\" \/><\/a><\/p>\n<p style=\"text-align: center;\">F\u00fcr den Umgang mit Elementfugen stellt Sto mehrere Varianten zur Verf\u00fcgung.<\/p>\n<p>&nbsp;<\/p>\n<p><a href=\"http:\/\/www.pr-neu.de\/newsroom\/wordpress\/wp-content\/uploads\/2025\/07\/25_19_Holzbau_Serie_02_K.jpg\" target=\"_blank\" rel=\"noopener\"><img loading=\"lazy\" decoding=\"async\" class=\"aligncenter wp-image-17695 size-medium\" src=\"http:\/\/www.pr-neu.de\/newsroom\/wordpress\/wp-content\/uploads\/2025\/07\/25_19_Holzbau_Serie_02_K-300x169.jpg\" alt=\"Bauelemente mit Sto-Systemen k\u00f6nnen verputzt oder in Klinker- beziehungsweise Holzoptik gestaltet werden.\" width=\"300\" height=\"169\" srcset=\"https:\/\/www.pr-neu.de\/newsroom\/wordpress\/wp-content\/uploads\/2025\/07\/25_19_Holzbau_Serie_02_K-300x169.jpg 300w, https:\/\/www.pr-neu.de\/newsroom\/wordpress\/wp-content\/uploads\/2025\/07\/25_19_Holzbau_Serie_02_K-1024x576.jpg 1024w, https:\/\/www.pr-neu.de\/newsroom\/wordpress\/wp-content\/uploads\/2025\/07\/25_19_Holzbau_Serie_02_K-768x432.jpg 768w, https:\/\/www.pr-neu.de\/newsroom\/wordpress\/wp-content\/uploads\/2025\/07\/25_19_Holzbau_Serie_02_K-1536x864.jpg 1536w, https:\/\/www.pr-neu.de\/newsroom\/wordpress\/wp-content\/uploads\/2025\/07\/25_19_Holzbau_Serie_02_K-2048x1152.jpg 2048w, https:\/\/www.pr-neu.de\/newsroom\/wordpress\/wp-content\/uploads\/2025\/07\/25_19_Holzbau_Serie_02_K-110x62.jpg 110w, https:\/\/www.pr-neu.de\/newsroom\/wordpress\/wp-content\/uploads\/2025\/07\/25_19_Holzbau_Serie_02_K-420x236.jpg 420w, https:\/\/www.pr-neu.de\/newsroom\/wordpress\/wp-content\/uploads\/2025\/07\/25_19_Holzbau_Serie_02_K-770x430.jpg 770w, https:\/\/www.pr-neu.de\/newsroom\/wordpress\/wp-content\/uploads\/2025\/07\/25_19_Holzbau_Serie_02_K-764x430.jpg 764w\" sizes=\"auto, (max-width: 300px) 100vw, 300px\" \/><\/a><\/p>\n<p style=\"text-align: center;\">Bauelemente mit Sto-Systemen k\u00f6nnen verputzt oder in Klinker- beziehungsweise Holzoptik gestaltet werden.<\/p>\n<p style=\"text-align: center;\">Bilder: Sto SE &amp; Co. KGaA<\/p>\n<p>&nbsp;<\/p>\n<hr \/>\n<p>&nbsp;<\/p>\n<p>Abdruck honorarfrei, Belegexemplar erbeten<\/p>\n","protected":false},"excerpt":{"rendered":"<p>Seriell geplante und gefertigte Fassaden beschleunigen Sanierung wie Neubau und sorgen f\u00fcr Wirtschaftlichkeit. Mit bew\u00e4hrten Konstruktionsdetails und umfangreichen technischen Hinweisen f\u00fcr sichere Geschossdecken\u00fcberg\u00e4nge und Fugenausbildungen unterst\u00fctzt Sto dieses Konzept im Holzbau.<\/p>\n","protected":false},"author":9,"featured_media":17694,"comment_status":"closed","ping_status":"open","sticky":false,"template":"","format":"standard","meta":{"footnotes":""},"categories":[15],"tags":[187,374,439,504,3366,2802],"class_list":["post-17693","post","type-post","status-publish","format-standard","has-post-thumbnail","hentry","category-sto","tag-fassade","tag-neubau","tag-sanierung","tag-sto-2","tag-stocleyer","tag-stodeco"],"_links":{"self":[{"href":"https:\/\/www.pr-neu.de\/newsroom\/wp-json\/wp\/v2\/posts\/17693","targetHints":{"allow":["GET"]}}],"collection":[{"href":"https:\/\/www.pr-neu.de\/newsroom\/wp-json\/wp\/v2\/posts"}],"about":[{"href":"https:\/\/www.pr-neu.de\/newsroom\/wp-json\/wp\/v2\/types\/post"}],"author":[{"embeddable":true,"href":"https:\/\/www.pr-neu.de\/newsroom\/wp-json\/wp\/v2\/users\/9"}],"replies":[{"embeddable":true,"href":"https:\/\/www.pr-neu.de\/newsroom\/wp-json\/wp\/v2\/comments?post=17693"}],"version-history":[{"count":1,"href":"https:\/\/www.pr-neu.de\/newsroom\/wp-json\/wp\/v2\/posts\/17693\/revisions"}],"predecessor-version":[{"id":17696,"href":"https:\/\/www.pr-neu.de\/newsroom\/wp-json\/wp\/v2\/posts\/17693\/revisions\/17696"}],"wp:featuredmedia":[{"embeddable":true,"href":"https:\/\/www.pr-neu.de\/newsroom\/wp-json\/wp\/v2\/media\/17694"}],"wp:attachment":[{"href":"https:\/\/www.pr-neu.de\/newsroom\/wp-json\/wp\/v2\/media?parent=17693"}],"wp:term":[{"taxonomy":"category","embeddable":true,"href":"https:\/\/www.pr-neu.de\/newsroom\/wp-json\/wp\/v2\/categories?post=17693"},{"taxonomy":"post_tag","embeddable":true,"href":"https:\/\/www.pr-neu.de\/newsroom\/wp-json\/wp\/v2\/tags?post=17693"}],"curies":[{"name":"wp","href":"https:\/\/api.w.org\/{rel}","templated":true}]}}