{"id":17689,"date":"2025-07-09T09:59:52","date_gmt":"2025-07-09T07:59:52","guid":{"rendered":"https:\/\/www.pr-neu.de\/newsroom\/?p=17689"},"modified":"2025-07-09T10:00:12","modified_gmt":"2025-07-09T08:00:12","slug":"neuer-wandanschluss-fuer-wintergarten-profilsystem","status":"publish","type":"post","link":"https:\/\/www.pr-neu.de\/newsroom\/neuer-wandanschluss-fuer-wintergarten-profilsystem\/","title":{"rendered":"Neuer Wandanschluss f\u00fcr Wintergarten-Profilsystem"},"content":{"rendered":"<p><u>TS Aluminium: Serie \u201eVeranda Exclusiv\u201c<\/u><\/p>\n<p>Neu mit einer Kippschiene versehen ist der Wandanschluss der Serie \u201eVeranda Exclusiv\u201c f\u00fcr Winterg\u00e4rten von TS Aluminium. Der zweiteilige Wandanschluss ist in vier Ausf\u00fchrungen erh\u00e4ltlich: f\u00fcr Tr\u00e4gerh\u00f6hen von 115 oder 155 Millimetern bei Dachneigungen von 0 bis 25 Grad oder ab 25 bis 45 Grad. Damit entfallen die bislang erforderlichen Anpassungen in der Fertigung aufgrund unterschiedlicher Dachneigungen oder Glasst\u00e4rken. F\u00fcr den Anschluss der Tr\u00e4ger an die Wand dienen die neuen Verbinder-Sets. Die Verglasungsdichtungen sind in Tr\u00e4gern und Gelenkprofil integriert und das Endst\u00fcck, \u00fcber das auch die kontrollierte Kondensat-Entw\u00e4sserung erfolgt, wird mit Moosgummi abgedichtet, was zusammen zu einem dichteren Gesamtaufbau f\u00fchrt. Identische umlaufende Glasleisten sorgen schlie\u00dflich f\u00fcr eine elegantere Optik. Das vorherige System bleibt verf\u00fcgbar, ist jedoch nicht mehr im Katalog gelistet.<\/p>\n<p>&nbsp;<\/p>\n<hr \/>\n<p>&nbsp;<\/p>\n<p><a href=\"http:\/\/www.pr-neu.de\/newsroom\/wordpress\/wp-content\/uploads\/2025\/07\/25-13_Serie_Veranda_Traufe_Exclusiv_K.jpg\" target=\"_blank\" rel=\"noopener\"><img loading=\"lazy\" decoding=\"async\" class=\"aligncenter wp-image-17690 size-medium\" src=\"http:\/\/www.pr-neu.de\/newsroom\/wordpress\/wp-content\/uploads\/2025\/07\/25-13_Serie_Veranda_Traufe_Exclusiv_K-300x225.jpg\" alt=\"Die neue Kippschiene bietet am Wandanschluss flexible M\u00f6glichkeiten f\u00fcr Dachneigung und Glasst\u00e4rke \u2013 inklusive optimaler Abdichtung und Optik.\" width=\"300\" height=\"225\" srcset=\"https:\/\/www.pr-neu.de\/newsroom\/wordpress\/wp-content\/uploads\/2025\/07\/25-13_Serie_Veranda_Traufe_Exclusiv_K-300x225.jpg 300w, https:\/\/www.pr-neu.de\/newsroom\/wordpress\/wp-content\/uploads\/2025\/07\/25-13_Serie_Veranda_Traufe_Exclusiv_K-1024x768.jpg 1024w, https:\/\/www.pr-neu.de\/newsroom\/wordpress\/wp-content\/uploads\/2025\/07\/25-13_Serie_Veranda_Traufe_Exclusiv_K-768x576.jpg 768w, https:\/\/www.pr-neu.de\/newsroom\/wordpress\/wp-content\/uploads\/2025\/07\/25-13_Serie_Veranda_Traufe_Exclusiv_K-1536x1152.jpg 1536w, https:\/\/www.pr-neu.de\/newsroom\/wordpress\/wp-content\/uploads\/2025\/07\/25-13_Serie_Veranda_Traufe_Exclusiv_K-2048x1536.jpg 2048w, https:\/\/www.pr-neu.de\/newsroom\/wordpress\/wp-content\/uploads\/2025\/07\/25-13_Serie_Veranda_Traufe_Exclusiv_K-110x83.jpg 110w, https:\/\/www.pr-neu.de\/newsroom\/wordpress\/wp-content\/uploads\/2025\/07\/25-13_Serie_Veranda_Traufe_Exclusiv_K-420x315.jpg 420w, https:\/\/www.pr-neu.de\/newsroom\/wordpress\/wp-content\/uploads\/2025\/07\/25-13_Serie_Veranda_Traufe_Exclusiv_K-573x430.jpg 573w\" sizes=\"auto, (max-width: 300px) 100vw, 300px\" \/><\/a><\/p>\n<p style=\"text-align: center;\">Die neue Kippschiene bietet am Wandanschluss flexible M\u00f6glichkeiten f\u00fcr Dachneigung und Glasst\u00e4rke \u2013 inklusive optimaler Abdichtung und Optik.<\/p>\n<p style=\"text-align: center;\">Bilder: TS-Aluminium-Profilsysteme GmbH &amp; Co. KG<\/p>\n<p>&nbsp;<\/p>\n<hr \/>\n<p>&nbsp;<\/p>\n<p>Abdruck honorarfrei, Belegexemplar erbeten<\/p>\n","protected":false},"excerpt":{"rendered":"<p>Neu mit einer Kippschiene versehen ist der Wandanschluss der Serie \u201eVeranda Exclusiv\u201c f\u00fcr Winterg\u00e4rten von TS Aluminium.<\/p>\n","protected":false},"author":10,"featured_media":17690,"comment_status":"closed","ping_status":"open","sticky":false,"template":"","format":"standard","meta":{"footnotes":""},"categories":[1761],"tags":[2055,1895,1793,1887,2255,635],"class_list":["post-17689","post","type-post","status-publish","format-standard","has-post-thumbnail","hentry","category-ts-aluminium","tag-terrasse","tag-terrassendach","tag-ts-aluminium","tag-ueberdachung","tag-veranda","tag-wintergarten"],"_links":{"self":[{"href":"https:\/\/www.pr-neu.de\/newsroom\/wp-json\/wp\/v2\/posts\/17689","targetHints":{"allow":["GET"]}}],"collection":[{"href":"https:\/\/www.pr-neu.de\/newsroom\/wp-json\/wp\/v2\/posts"}],"about":[{"href":"https:\/\/www.pr-neu.de\/newsroom\/wp-json\/wp\/v2\/types\/post"}],"author":[{"embeddable":true,"href":"https:\/\/www.pr-neu.de\/newsroom\/wp-json\/wp\/v2\/users\/10"}],"replies":[{"embeddable":true,"href":"https:\/\/www.pr-neu.de\/newsroom\/wp-json\/wp\/v2\/comments?post=17689"}],"version-history":[{"count":2,"href":"https:\/\/www.pr-neu.de\/newsroom\/wp-json\/wp\/v2\/posts\/17689\/revisions"}],"predecessor-version":[{"id":17692,"href":"https:\/\/www.pr-neu.de\/newsroom\/wp-json\/wp\/v2\/posts\/17689\/revisions\/17692"}],"wp:featuredmedia":[{"embeddable":true,"href":"https:\/\/www.pr-neu.de\/newsroom\/wp-json\/wp\/v2\/media\/17690"}],"wp:attachment":[{"href":"https:\/\/www.pr-neu.de\/newsroom\/wp-json\/wp\/v2\/media?parent=17689"}],"wp:term":[{"taxonomy":"category","embeddable":true,"href":"https:\/\/www.pr-neu.de\/newsroom\/wp-json\/wp\/v2\/categories?post=17689"},{"taxonomy":"post_tag","embeddable":true,"href":"https:\/\/www.pr-neu.de\/newsroom\/wp-json\/wp\/v2\/tags?post=17689"}],"curies":[{"name":"wp","href":"https:\/\/api.w.org\/{rel}","templated":true}]}}