{"id":17686,"date":"2025-07-08T14:10:55","date_gmt":"2025-07-08T12:10:55","guid":{"rendered":"https:\/\/www.pr-neu.de\/newsroom\/?p=17686"},"modified":"2025-07-08T14:10:55","modified_gmt":"2025-07-08T12:10:55","slug":"ohne-vorfertigung-wird-es-nicht-gehen","status":"publish","type":"post","link":"https:\/\/www.pr-neu.de\/newsroom\/ohne-vorfertigung-wird-es-nicht-gehen\/","title":{"rendered":"\u201eOhne Vorfertigung wird es nicht gehen\u201c"},"content":{"rendered":"<p>&nbsp;<\/p>\n<p><u>Marcus Weber leitet Sto Industrie<\/u><\/p>\n<p>Diplom-Bauingenieur Marcus Weber leitet ab August 2025 die Gesch\u00e4ftseinheit Industrie der Sto SE &amp; Co. KGaA mit den Schwerpunkten Vorfertigung, Serielles Bauen und Sanieren. Zugleich \u00fcbernimmt Weber die Gesch\u00e4ftsf\u00fchrung der Sto Building Solutions GmbH und die Entwicklung vorgefertigter Bauelemente f\u00fcr die serielle Sanierung von Wohngeb\u00e4uden. \u201eSerielles Bauen und Sanieren gewinnt weiter Bedeutung. Mit Blick auf Fachkr\u00e4ftemangel und die Notwendigkeit, gro\u00dfe Teile des Geb\u00e4udebestands energetisch zu ert\u00fcchtigen, wird es ohne Vorfertigung nicht gehen\u201c, ist Weber \u00fcberzeugt. Mehr als 40 Fachleute beraten im Rahmen des Kompetenzcenters Kunden zu allen Fragen der industriellen Vorfertigung. Weber war zuvor zw\u00f6lf Jahre lang Technischer Leiter der Gesch\u00e4ftseinheit.<br \/>\nSein Vorg\u00e4nger Joachim B\u00f6hler wechselt in den Ruhestand. Er entwickelte die Einheit \u00fcber drei Jahrzehnte zu einer Sto-Kernkompetenz.<\/p>\n<p>&nbsp;<\/p>\n<hr \/>\n<p>&nbsp;<\/p>\n<p><a href=\"http:\/\/www.pr-neu.de\/newsroom\/wordpress\/wp-content\/uploads\/2025\/07\/25_17_Weber_Boehler_K.jpg\" target=\"_blank\" rel=\"noopener\"><img loading=\"lazy\" decoding=\"async\" class=\"aligncenter wp-image-17687 size-medium\" src=\"http:\/\/www.pr-neu.de\/newsroom\/wordpress\/wp-content\/uploads\/2025\/07\/25_17_Weber_Boehler_K-300x200.jpg\" alt=\"Marcus Weber (links) \u00fcbernimmt die Leitung der Sto-Gesch\u00e4ftseinheit \u201eIndustrie\u201c mit den Schwerpunkten Vorfertigung sowie Serielles Bauen und Sanieren von Joachim B\u00f6hler.\" width=\"300\" height=\"200\" srcset=\"https:\/\/www.pr-neu.de\/newsroom\/wordpress\/wp-content\/uploads\/2025\/07\/25_17_Weber_Boehler_K-300x200.jpg 300w, https:\/\/www.pr-neu.de\/newsroom\/wordpress\/wp-content\/uploads\/2025\/07\/25_17_Weber_Boehler_K-1024x684.jpg 1024w, https:\/\/www.pr-neu.de\/newsroom\/wordpress\/wp-content\/uploads\/2025\/07\/25_17_Weber_Boehler_K-768x513.jpg 768w, https:\/\/www.pr-neu.de\/newsroom\/wordpress\/wp-content\/uploads\/2025\/07\/25_17_Weber_Boehler_K-1536x1026.jpg 1536w, https:\/\/www.pr-neu.de\/newsroom\/wordpress\/wp-content\/uploads\/2025\/07\/25_17_Weber_Boehler_K-2048x1368.jpg 2048w, https:\/\/www.pr-neu.de\/newsroom\/wordpress\/wp-content\/uploads\/2025\/07\/25_17_Weber_Boehler_K-110x73.jpg 110w, https:\/\/www.pr-neu.de\/newsroom\/wordpress\/wp-content\/uploads\/2025\/07\/25_17_Weber_Boehler_K-420x281.jpg 420w, https:\/\/www.pr-neu.de\/newsroom\/wordpress\/wp-content\/uploads\/2025\/07\/25_17_Weber_Boehler_K-644x430.jpg 644w\" sizes=\"auto, (max-width: 300px) 100vw, 300px\" \/><\/a><\/p>\n<p style=\"text-align: center;\">Marcus Weber (links) \u00fcbernimmt die Leitung der Sto-Gesch\u00e4ftseinheit \u201eIndustrie\u201c mit den Schwerpunkten Vorfertigung sowie Serielles Bauen und Sanieren von Joachim B\u00f6hler.<br \/>\nBild: Sto SE &amp; Co. KGaA<\/p>\n<p>&nbsp;<\/p>\n<hr \/>\n<p>&nbsp;<\/p>\n<p>Abdruck honorarfrei, Belegexemplar erbeten<\/p>\n","protected":false},"excerpt":{"rendered":"<p>Diplom-Bauingenieur Marcus Weber leitet ab August 2025 die Gesch\u00e4ftseinheit Industrie der Sto SE &#038; Co. KGaA mit den Schwerpunkten Vorfertigung, Serielles Bauen und Sanieren.<\/p>\n","protected":false},"author":9,"featured_media":17687,"comment_status":"closed","ping_status":"open","sticky":false,"template":"","format":"standard","meta":{"footnotes":""},"categories":[15],"tags":[3364,1897,393,1751,504],"class_list":["post-17686","post","type-post","status-publish","format-standard","has-post-thumbnail","hentry","category-sto","tag-geschaeftsleitung","tag-management","tag-personalia","tag-personalie","tag-sto-2"],"_links":{"self":[{"href":"https:\/\/www.pr-neu.de\/newsroom\/wp-json\/wp\/v2\/posts\/17686","targetHints":{"allow":["GET"]}}],"collection":[{"href":"https:\/\/www.pr-neu.de\/newsroom\/wp-json\/wp\/v2\/posts"}],"about":[{"href":"https:\/\/www.pr-neu.de\/newsroom\/wp-json\/wp\/v2\/types\/post"}],"author":[{"embeddable":true,"href":"https:\/\/www.pr-neu.de\/newsroom\/wp-json\/wp\/v2\/users\/9"}],"replies":[{"embeddable":true,"href":"https:\/\/www.pr-neu.de\/newsroom\/wp-json\/wp\/v2\/comments?post=17686"}],"version-history":[{"count":1,"href":"https:\/\/www.pr-neu.de\/newsroom\/wp-json\/wp\/v2\/posts\/17686\/revisions"}],"predecessor-version":[{"id":17688,"href":"https:\/\/www.pr-neu.de\/newsroom\/wp-json\/wp\/v2\/posts\/17686\/revisions\/17688"}],"wp:featuredmedia":[{"embeddable":true,"href":"https:\/\/www.pr-neu.de\/newsroom\/wp-json\/wp\/v2\/media\/17687"}],"wp:attachment":[{"href":"https:\/\/www.pr-neu.de\/newsroom\/wp-json\/wp\/v2\/media?parent=17686"}],"wp:term":[{"taxonomy":"category","embeddable":true,"href":"https:\/\/www.pr-neu.de\/newsroom\/wp-json\/wp\/v2\/categories?post=17686"},{"taxonomy":"post_tag","embeddable":true,"href":"https:\/\/www.pr-neu.de\/newsroom\/wp-json\/wp\/v2\/tags?post=17686"}],"curies":[{"name":"wp","href":"https:\/\/api.w.org\/{rel}","templated":true}]}}