{"id":17682,"date":"2025-07-08T10:14:07","date_gmt":"2025-07-08T08:14:07","guid":{"rendered":"https:\/\/www.pr-neu.de\/newsroom\/?p=17682"},"modified":"2025-07-08T10:14:07","modified_gmt":"2025-07-08T08:14:07","slug":"neu-beschildert-lehrpfad-in-ruehme","status":"publish","type":"post","link":"https:\/\/www.pr-neu.de\/newsroom\/neu-beschildert-lehrpfad-in-ruehme\/","title":{"rendered":"Neu beschildert: Lehrpfad in R\u00fchme"},"content":{"rendered":"<p><u>Veolia Stiftung spendete 7.200 Euro<\/u><\/p>\n<p><strong>Es flie\u00dft wieder nat\u00fcrlicher: Mit den umfangreichen Ma\u00dfnahmen zur Renaturierung der Schunter rund um den Butterberg gewinnen Flora und Fauna Lebensraum zur\u00fcck. Erkl\u00e4rtafeln entlang des neu geschaffenen Lehrpfads bei R\u00fchme erm\u00f6glichen nun, beim Spazierengehen zu erfahren, wie das alles funktioniert und welche Effekte dies auf die Pflanzen- und Tierwelt hat. F\u00fcr die neuen Tafeln spendete die Veolia Stiftung 7.200 Euro an den FUN e.V., vertreten durch Gesch\u00e4ftsf\u00fchrer Dr. Bernd Hoppe-Dominik.<\/strong><\/p>\n<p>Der Verein FUN begleitete in den zur\u00fcckliegenden Jahren die Renaturierung der Schunter aktiv und legt dort jetzt einen Naturlehrpfad bei R\u00fchme an. Dieser Lehrpfad zeigt auf f\u00fcnf Tafeln, mit welchen Ma\u00dfnahmen der kleine Fluss heute wieder zu seinem nat\u00fcrlicheren Lauf kam. Bei R\u00fchme folgt die Schunter schon seit Fr\u00fchjahr 2022 wieder ihrem urspr\u00fcnglichen Verlauf. Die Renaturierung war ein Projekt der Stadt Braunschweig und des Wasserverbands Mittlere Oker (WVMO), Gew\u00e4sserausbauverband der St\u00e4dte Braunschweig und Wolfenb\u00fcttel. Damals kam auch die barrierefreie Br\u00fccke \u201eIm Alten Dorfe\u201c hinzu, die neue Br\u00fccke nahe der Stra\u00dfe Ringelhorst ist bereits seit 2021 fertiggestellt.<\/p>\n<p>Mit dem Gesamtprojekt, gef\u00f6rdert von der N-Bank mit rund 2,2 Millionen Euro und Mitteln von Volkswagen Financial Services, SEBS und der Stadt Braunschweig, haben Stadt und der WVMO die Biotop- und Auenvielfalt der Schunter am Butterberg und bei R\u00fchme wieder hergestellt und zugleich die Wege verbessert: Die naturferne, gerade Linienf\u00fchrung der Schunter mit beengender seitlicher Verwallung ist nun bereichsweise beseitigt und die Grundlage zur Eigenentwicklung des Gew\u00e4ssers zu einem artenreichen Biotop geschaffen. Neu ausgebrachtes nat\u00fcrliches Sohlsubstrat und Totholz verbessern die Habitat- und Str\u00f6mungsverh\u00e4ltnisse hin zu einem naturnahen Zustand. Weil auch ein Wehr abgebaut und eine langgestreckte Sohlgleite errichtet wurde, ist jetzt auch die \u00f6kologischen Durchg\u00e4ngigkeit f\u00fcr alle Wasserorganismen wieder gegeben.<\/p>\n<p>Zur symbolischen Spenden\u00fcbergabe trafen sich nun die Beteiligten an einer der Tafeln: Dr. Bernd Hoppe-Dominik f\u00fcr den FUN e.V., Sven Glodniok vom Wasserverband Mittlere Oker, Claus Wilske als ehemaliger Chef des WVMO sowie von der SEBS Judith Kraft (Gesch\u00e4ftsf\u00fchrerin), Ina Rieger (\u00d6ffentlichkeitsarbeit) und Spendenpate Nick J\u00e4ger (Kaufm\u00e4nnischer Service).<\/p>\n<p>&nbsp;<\/p>\n<hr \/>\n<p>&nbsp;<\/p>\n<p><a href=\"http:\/\/www.pr-neu.de\/newsroom\/wordpress\/wp-content\/uploads\/2025\/07\/25_01_SEBS_Lehrpfad_01_K.jpg\"><img loading=\"lazy\" decoding=\"async\" class=\"aligncenter size-medium wp-image-17683\" src=\"http:\/\/www.pr-neu.de\/newsroom\/wordpress\/wp-content\/uploads\/2025\/07\/25_01_SEBS_Lehrpfad_01_K-300x200.jpg\" alt=\"Symbolische Spenden\u00fcbergabe in R\u00fchme: Sven Glodniok (WVMO), Ina Rieger (SEBS), Dr. Bernd Hoppe-Dominik (FUN e. V.), Judith Kraft (Gesch\u00e4ftsf\u00fchrerin SEBS), Nick J\u00e4ger (SEBS) und Claus Wilske (WVMO).\" width=\"300\" height=\"200\" srcset=\"https:\/\/www.pr-neu.de\/newsroom\/wordpress\/wp-content\/uploads\/2025\/07\/25_01_SEBS_Lehrpfad_01_K-300x200.jpg 300w, https:\/\/www.pr-neu.de\/newsroom\/wordpress\/wp-content\/uploads\/2025\/07\/25_01_SEBS_Lehrpfad_01_K-1024x683.jpg 1024w, https:\/\/www.pr-neu.de\/newsroom\/wordpress\/wp-content\/uploads\/2025\/07\/25_01_SEBS_Lehrpfad_01_K-768x512.jpg 768w, https:\/\/www.pr-neu.de\/newsroom\/wordpress\/wp-content\/uploads\/2025\/07\/25_01_SEBS_Lehrpfad_01_K-1536x1024.jpg 1536w, https:\/\/www.pr-neu.de\/newsroom\/wordpress\/wp-content\/uploads\/2025\/07\/25_01_SEBS_Lehrpfad_01_K-2048x1365.jpg 2048w, https:\/\/www.pr-neu.de\/newsroom\/wordpress\/wp-content\/uploads\/2025\/07\/25_01_SEBS_Lehrpfad_01_K-110x73.jpg 110w, https:\/\/www.pr-neu.de\/newsroom\/wordpress\/wp-content\/uploads\/2025\/07\/25_01_SEBS_Lehrpfad_01_K-420x280.jpg 420w, https:\/\/www.pr-neu.de\/newsroom\/wordpress\/wp-content\/uploads\/2025\/07\/25_01_SEBS_Lehrpfad_01_K-645x430.jpg 645w\" sizes=\"auto, (max-width: 300px) 100vw, 300px\" \/><\/a><\/p>\n<p style=\"text-align: center;\">Symbolische Spenden\u00fcbergabe in R\u00fchme: Sven Glodniok (WVMO), Ina Rieger (SEBS), Dr. Bernd Hoppe-Dominik (FUN e. V.), Judith Kraft (Gesch\u00e4ftsf\u00fchrerin SEBS), Nick J\u00e4ger (SEBS) und Claus Wilske (WVMO).<br \/>\nBild: Stadtentw\u00e4sserung Braunschweig GmbH (SE|BS)<\/p>\n<p>&nbsp;<\/p>\n<p><a href=\"http:\/\/www.pr-neu.de\/newsroom\/wordpress\/wp-content\/uploads\/2025\/07\/25_01_SEBS_Lehrpfad_02_K.jpg\"><img loading=\"lazy\" decoding=\"async\" class=\"aligncenter size-medium wp-image-17684\" src=\"http:\/\/www.pr-neu.de\/newsroom\/wordpress\/wp-content\/uploads\/2025\/07\/25_01_SEBS_Lehrpfad_02_K-300x200.jpg\" alt=\"Dr. Bernd Hoppe-Dominik (FUN e. V.) und Judith Kraft (Gesch\u00e4ftsf\u00fchrerin SEBS) enth\u00fcllen eine der neuen Tafeln am Lehrpfad bei R\u00fchme.\" width=\"300\" height=\"200\" srcset=\"https:\/\/www.pr-neu.de\/newsroom\/wordpress\/wp-content\/uploads\/2025\/07\/25_01_SEBS_Lehrpfad_02_K-300x200.jpg 300w, https:\/\/www.pr-neu.de\/newsroom\/wordpress\/wp-content\/uploads\/2025\/07\/25_01_SEBS_Lehrpfad_02_K-1024x683.jpg 1024w, https:\/\/www.pr-neu.de\/newsroom\/wordpress\/wp-content\/uploads\/2025\/07\/25_01_SEBS_Lehrpfad_02_K-768x512.jpg 768w, https:\/\/www.pr-neu.de\/newsroom\/wordpress\/wp-content\/uploads\/2025\/07\/25_01_SEBS_Lehrpfad_02_K-1536x1024.jpg 1536w, https:\/\/www.pr-neu.de\/newsroom\/wordpress\/wp-content\/uploads\/2025\/07\/25_01_SEBS_Lehrpfad_02_K-2048x1365.jpg 2048w, https:\/\/www.pr-neu.de\/newsroom\/wordpress\/wp-content\/uploads\/2025\/07\/25_01_SEBS_Lehrpfad_02_K-110x73.jpg 110w, https:\/\/www.pr-neu.de\/newsroom\/wordpress\/wp-content\/uploads\/2025\/07\/25_01_SEBS_Lehrpfad_02_K-420x280.jpg 420w, https:\/\/www.pr-neu.de\/newsroom\/wordpress\/wp-content\/uploads\/2025\/07\/25_01_SEBS_Lehrpfad_02_K-645x430.jpg 645w\" sizes=\"auto, (max-width: 300px) 100vw, 300px\" \/><\/a><\/p>\n<p style=\"text-align: center;\">Dr. Bernd Hoppe-Dominik (FUN e. V.) und Judith Kraft (Gesch\u00e4ftsf\u00fchrerin SEBS) enth\u00fcllen eine der neuen Tafeln am Lehrpfad bei R\u00fchme.<br \/>\nBild: Stadtentw\u00e4sserung Braunschweig GmbH (SE|BS)<\/p>\n<p>&nbsp;<\/p>\n<hr \/>\n<p>&nbsp;<\/p>\n<p>Abdruck honorarfrei, Belegexemplar erbeten<\/p>\n","protected":false},"excerpt":{"rendered":"<p>F\u00fcr die neuen Tafeln spendete die Veolia Stiftung 7.200 Euro an den FUN e.V., vertreten durch Gesch\u00e4ftsf\u00fchrer Dr. Bernd Hoppe-Dominik.<\/p>\n","protected":false},"author":9,"featured_media":17683,"comment_status":"closed","ping_status":"open","sticky":false,"template":"","format":"standard","meta":{"footnotes":""},"categories":[1517],"tags":[],"class_list":["post-17682","post","type-post","status-publish","format-standard","has-post-thumbnail","hentry","category-sebs"],"_links":{"self":[{"href":"https:\/\/www.pr-neu.de\/newsroom\/wp-json\/wp\/v2\/posts\/17682","targetHints":{"allow":["GET"]}}],"collection":[{"href":"https:\/\/www.pr-neu.de\/newsroom\/wp-json\/wp\/v2\/posts"}],"about":[{"href":"https:\/\/www.pr-neu.de\/newsroom\/wp-json\/wp\/v2\/types\/post"}],"author":[{"embeddable":true,"href":"https:\/\/www.pr-neu.de\/newsroom\/wp-json\/wp\/v2\/users\/9"}],"replies":[{"embeddable":true,"href":"https:\/\/www.pr-neu.de\/newsroom\/wp-json\/wp\/v2\/comments?post=17682"}],"version-history":[{"count":1,"href":"https:\/\/www.pr-neu.de\/newsroom\/wp-json\/wp\/v2\/posts\/17682\/revisions"}],"predecessor-version":[{"id":17685,"href":"https:\/\/www.pr-neu.de\/newsroom\/wp-json\/wp\/v2\/posts\/17682\/revisions\/17685"}],"wp:featuredmedia":[{"embeddable":true,"href":"https:\/\/www.pr-neu.de\/newsroom\/wp-json\/wp\/v2\/media\/17683"}],"wp:attachment":[{"href":"https:\/\/www.pr-neu.de\/newsroom\/wp-json\/wp\/v2\/media?parent=17682"}],"wp:term":[{"taxonomy":"category","embeddable":true,"href":"https:\/\/www.pr-neu.de\/newsroom\/wp-json\/wp\/v2\/categories?post=17682"},{"taxonomy":"post_tag","embeddable":true,"href":"https:\/\/www.pr-neu.de\/newsroom\/wp-json\/wp\/v2\/tags?post=17682"}],"curies":[{"name":"wp","href":"https:\/\/api.w.org\/{rel}","templated":true}]}}