{"id":17657,"date":"2025-06-23T14:45:03","date_gmt":"2025-06-23T12:45:03","guid":{"rendered":"https:\/\/www.pr-neu.de\/newsroom\/?p=17657"},"modified":"2025-06-23T14:45:03","modified_gmt":"2025-06-23T12:45:03","slug":"nachwachsend-bis-zur-fassade-mit-holz-hybrid-bauweise","status":"publish","type":"post","link":"https:\/\/www.pr-neu.de\/newsroom\/nachwachsend-bis-zur-fassade-mit-holz-hybrid-bauweise\/","title":{"rendered":"Nachwachsend bis zur Fassade mit Holz-Hybrid-Bauweise"},"content":{"rendered":"<p><u>Stuckateur Marcus Steinmann setzt auf ressourcenschonende Putze und Farben<\/u><\/p>\n<p><strong>Beim Bau eines dreigeschossigen Holz-Hybrid-Mehrfamilienhauses forderte schon die Ausschreibung ressourcenschonende Materialien. Deshalb griffen Marcus Steinmann und sein Team vom Stuckateurbetrieb Friedrich Haussmann (Weingarten) auf Holzweichfaser-D\u00e4mmplatten und eine zementfreie Klebe- und Armierungsmasse zur\u00fcck.<\/strong><\/p>\n<p>Bauen in Hybridbauweise nimmt zu \u2013 auch in der Region Weingarten im S\u00fcden Baden-W\u00fcrttembergs. So hat auch der Stuckateur-Betrieb \u201eFriedrich Haussmann GmbH &amp; Co. KG\u201c schon mehrere kombinierte Fassaden mit Holzverschalung und Putzfl\u00e4chen realisiert. Nun stand ein Projekt an, bei dem die Nachhaltigkeit besonders im Fokus stand \u2013 mit hohen Anforderungen f\u00fcr die Fassade bereits in der Ausschreibung des Generalunternehmers.<\/p>\n<p>\u201eIch finde die Hybridbauweise super, denn die Materialien werten sich gegenseitig auf und erg\u00e4nzen sich. Da ein nachhaltiger Wandaufbau gefordert war, boten wir einen ressourcenschonenden mineralischen Klebe- und Armierungsm\u00f6rtel an \u2013 eine zementfreie Variante, welche die Anforderung eines niedrigen CO2-Fu\u00dfabdrucks erf\u00fcllt\u201c, berichtet Diplom-Betriebswirt Marcus Steinmann, Gesch\u00e4ftsf\u00fchrer von Haussmann.<\/p>\n<p>Dies funktioniert auch bei dem ebenfalls mit nachhaltigen Bauprodukten realisierten Wandaufbau, ged\u00e4mmt mit Holzweichfaserplatte und einem mineralischen Oberputz. Der Zimmermann hatte die Holzelemente vorgefertigt und bereits werkseitig ged\u00e4mmt. Die Elemente kamen per Tieflader auf die Baustelle. \u201eWir haben das Ger\u00fcst gestellt und die Fl\u00e4chen dann in einer Schichtst\u00e4rke von sieben Millimetern mit dem M\u00f6rtel StoLevell Neo AimS armiert\u201c, sagt Steinmann. Das war eine Premiere f\u00fcr das Stuckateur-Team, und das Material hat die Handwerker sofort \u00fcberzeugt. \u201eBei der Verarbeitung konnten wir keine Unterschiede zu unseren gewohnten M\u00f6rten feststellen. Wir hatten lediglich den Eindruck, dass die Standzeiten, bis der M\u00f6rtel abgebunden hat, etwas h\u00f6her sind, was f\u00fcr unser Projekt jedoch kein Problem war.\u201c<\/p>\n<p>Entsprechend der Ausschreibung folgte als Deckschicht ein mineralischer Kratzputz. Der Oberputz mit sch\u00f6ner Kornstruktur, eingef\u00e4rbt in einem kr\u00e4ftigen, warmen Grauton, verleiht dem Holz-Hybridbau im Zusammenspiel mit den Holzfassaden ein harmonisches Gesamtbild. Der Putz wurde zweifach mit einer ebenfalls ressourcenschonenden Fassadenfarbe (StoLotusan AimS) gestrichen. \u201eAuch das war f\u00fcr uns Premiere, wobei sich auch die Farbe genauso gut wie die Standard-Variante verarbeiten lie\u00df\u201c, freut sich Marcus Steinmann \u00fcber den gelungenen Einsatz der neuen Beschichtungen. \u201eDa 30 Prozent des Bindemittels aus nachwachsenden Rohstoffen auf der Basis von Kiefern\u00f6l bestehen, passten diese Produkte optimal in dieses anspruchsvolle Projekt.\u201c<\/p>\n<p>Fazit: Marcus Steinmann und sein Team werden zuk\u00fcnftig mehr ressourcenschonende Baustoffe verarbeiten, denn Nachhaltigkeit und Langlebigkeit sind wichtige Themen in der Bauwirtschaft. \u201eEs geht auch um die Wertsch\u00f6pfung\u201c, erg\u00e4nzt Steinmann. Der Preis f\u00fcr diese Produkte liegt etwas h\u00f6her, daf\u00fcr ist die Produktqualit\u00e4t noch hochwertiger. \u201eWenn unsere Kunden am Ende begeistert sind, haben wir alles richtig gemacht.\u201c<\/p>\n<p>&nbsp;<\/p>\n<hr \/>\n<p>&nbsp;<\/p>\n<p>Z I T A T<\/p>\n<p>\u201eDie Premiere mit den ressourcenschonenden Fassadenprodukten ist gegl\u00fcckt: Sie haben uns \u00fcberzeugt. Unser Team ist vom Prinzip und der Qualit\u00e4t bionischer M\u00f6rtel und Farben voll \u00fcberzeugt. Sie lassen sich wie ihre klassischen Varianten verarbeiten und behalten ihre gewohnten Eigenschaften: Langfristig sch\u00f6ne Fassaden mit nachhaltigen Produkten. Das \u00fcberzeugt umweltbewusste Bauherren.\u201d<br \/>\nMarcus Steinmann, Gesch\u00e4ftsf\u00fchrer der Haussmann GmbH &amp; Co. KG<\/p>\n<p>&nbsp;<\/p>\n<hr \/>\n<p>&nbsp;<\/p>\n<p>KASTEN<\/p>\n<p>Haussmann GmbH &amp; Co. KG 88250 Weingarten<br \/>\nGr\u00fcndungsjahr: 1933<br \/>\nMitarbeiter: 15<br \/>\nKernkompetenzen: W\u00e4rmed\u00e4mmung, Ger\u00fcstbau, Putzarbeiten, Fassadensanierung, Schimmelsanierung<br \/>\nwww.haussmann-handwerk.de<\/p>\n<p>&nbsp;<\/p>\n<hr \/>\n<p>&nbsp;<\/p>\n<p><a href=\"http:\/\/www.pr-neu.de\/newsroom\/wordpress\/wp-content\/uploads\/2025\/06\/25_10_Steinmann_K.jpg\" target=\"_blank\" rel=\"noopener\"><img loading=\"lazy\" decoding=\"async\" class=\"aligncenter wp-image-17660 size-medium\" src=\"http:\/\/www.pr-neu.de\/newsroom\/wordpress\/wp-content\/uploads\/2025\/06\/25_10_Steinmann_K-300x223.jpg\" alt=\"\" width=\"300\" height=\"223\" srcset=\"https:\/\/www.pr-neu.de\/newsroom\/wordpress\/wp-content\/uploads\/2025\/06\/25_10_Steinmann_K-300x223.jpg 300w, https:\/\/www.pr-neu.de\/newsroom\/wordpress\/wp-content\/uploads\/2025\/06\/25_10_Steinmann_K-1024x762.jpg 1024w, https:\/\/www.pr-neu.de\/newsroom\/wordpress\/wp-content\/uploads\/2025\/06\/25_10_Steinmann_K-768x572.jpg 768w, https:\/\/www.pr-neu.de\/newsroom\/wordpress\/wp-content\/uploads\/2025\/06\/25_10_Steinmann_K-1536x1143.jpg 1536w, https:\/\/www.pr-neu.de\/newsroom\/wordpress\/wp-content\/uploads\/2025\/06\/25_10_Steinmann_K-2048x1524.jpg 2048w, https:\/\/www.pr-neu.de\/newsroom\/wordpress\/wp-content\/uploads\/2025\/06\/25_10_Steinmann_K-110x82.jpg 110w, https:\/\/www.pr-neu.de\/newsroom\/wordpress\/wp-content\/uploads\/2025\/06\/25_10_Steinmann_K-420x313.jpg 420w, https:\/\/www.pr-neu.de\/newsroom\/wordpress\/wp-content\/uploads\/2025\/06\/25_10_Steinmann_K-578x430.jpg 578w\" sizes=\"auto, (max-width: 300px) 100vw, 300px\" \/><\/a><\/p>\n<p style=\"text-align: center;\">Marcus Steinmann, Chef der Friedrich Haussmann GmbH &amp; Co. KG in Weingarten, setzt auf Bauprodukte, die nachwachsende Rohstoffe enthalten.<\/p>\n<p>&nbsp;<\/p>\n<p><a href=\"http:\/\/www.pr-neu.de\/newsroom\/wordpress\/wp-content\/uploads\/2025\/06\/25_10_Steinmann_Borchers_K.jpg\" target=\"_blank\" rel=\"noopener\"><img loading=\"lazy\" decoding=\"async\" class=\"aligncenter wp-image-17659 size-medium\" src=\"http:\/\/www.pr-neu.de\/newsroom\/wordpress\/wp-content\/uploads\/2025\/06\/25_10_Steinmann_Borchers_K-300x200.jpg\" alt=\"Marcus Steinmann (links) und Ralf Borchers, Fassadenberater von Sto\" width=\"300\" height=\"200\" srcset=\"https:\/\/www.pr-neu.de\/newsroom\/wordpress\/wp-content\/uploads\/2025\/06\/25_10_Steinmann_Borchers_K-300x200.jpg 300w, https:\/\/www.pr-neu.de\/newsroom\/wordpress\/wp-content\/uploads\/2025\/06\/25_10_Steinmann_Borchers_K-1024x683.jpg 1024w, https:\/\/www.pr-neu.de\/newsroom\/wordpress\/wp-content\/uploads\/2025\/06\/25_10_Steinmann_Borchers_K-768x512.jpg 768w, https:\/\/www.pr-neu.de\/newsroom\/wordpress\/wp-content\/uploads\/2025\/06\/25_10_Steinmann_Borchers_K-1536x1025.jpg 1536w, https:\/\/www.pr-neu.de\/newsroom\/wordpress\/wp-content\/uploads\/2025\/06\/25_10_Steinmann_Borchers_K-2048x1366.jpg 2048w, https:\/\/www.pr-neu.de\/newsroom\/wordpress\/wp-content\/uploads\/2025\/06\/25_10_Steinmann_Borchers_K-110x73.jpg 110w, https:\/\/www.pr-neu.de\/newsroom\/wordpress\/wp-content\/uploads\/2025\/06\/25_10_Steinmann_Borchers_K-420x280.jpg 420w, https:\/\/www.pr-neu.de\/newsroom\/wordpress\/wp-content\/uploads\/2025\/06\/25_10_Steinmann_Borchers_K-645x430.jpg 645w\" sizes=\"auto, (max-width: 300px) 100vw, 300px\" \/><\/a><\/p>\n<p style=\"text-align: center;\">Das Objekt mit ressourcenschonenden AimS-Produktlinie ist fertig: Marcus Steinmann (links) und Ralf Borchers, Fassadenberater von Sto, freuen sich \u00fcber das Ergebnis.<\/p>\n<p>&nbsp;<\/p>\n<p><a href=\"http:\/\/www.pr-neu.de\/newsroom\/wordpress\/wp-content\/uploads\/2025\/06\/25_10_Holz_Hybrid_1_K.jpg\" target=\"_blank\" rel=\"noopener\"><img loading=\"lazy\" decoding=\"async\" class=\"aligncenter wp-image-17661 size-medium\" src=\"http:\/\/www.pr-neu.de\/newsroom\/wordpress\/wp-content\/uploads\/2025\/06\/25_10_Holz_Hybrid_1_K-300x200.jpg\" alt=\"\" width=\"300\" height=\"200\" srcset=\"https:\/\/www.pr-neu.de\/newsroom\/wordpress\/wp-content\/uploads\/2025\/06\/25_10_Holz_Hybrid_1_K-300x200.jpg 300w, https:\/\/www.pr-neu.de\/newsroom\/wordpress\/wp-content\/uploads\/2025\/06\/25_10_Holz_Hybrid_1_K-1024x683.jpg 1024w, https:\/\/www.pr-neu.de\/newsroom\/wordpress\/wp-content\/uploads\/2025\/06\/25_10_Holz_Hybrid_1_K-768x512.jpg 768w, https:\/\/www.pr-neu.de\/newsroom\/wordpress\/wp-content\/uploads\/2025\/06\/25_10_Holz_Hybrid_1_K-1536x1025.jpg 1536w, https:\/\/www.pr-neu.de\/newsroom\/wordpress\/wp-content\/uploads\/2025\/06\/25_10_Holz_Hybrid_1_K-2048x1366.jpg 2048w, https:\/\/www.pr-neu.de\/newsroom\/wordpress\/wp-content\/uploads\/2025\/06\/25_10_Holz_Hybrid_1_K-110x73.jpg 110w, https:\/\/www.pr-neu.de\/newsroom\/wordpress\/wp-content\/uploads\/2025\/06\/25_10_Holz_Hybrid_1_K-420x280.jpg 420w, https:\/\/www.pr-neu.de\/newsroom\/wordpress\/wp-content\/uploads\/2025\/06\/25_10_Holz_Hybrid_1_K-645x430.jpg 645w\" sizes=\"auto, (max-width: 300px) 100vw, 300px\" \/><\/a><\/p>\n<p><a href=\"http:\/\/www.pr-neu.de\/newsroom\/wordpress\/wp-content\/uploads\/2025\/06\/25_10_Holz_Hybrid_2_K.jpg\" target=\"_blank\" rel=\"noopener\"><img loading=\"lazy\" decoding=\"async\" class=\"aligncenter wp-image-17662 size-medium\" src=\"http:\/\/www.pr-neu.de\/newsroom\/wordpress\/wp-content\/uploads\/2025\/06\/25_10_Holz_Hybrid_2_K-300x193.jpg\" alt=\"\" width=\"300\" height=\"193\" srcset=\"https:\/\/www.pr-neu.de\/newsroom\/wordpress\/wp-content\/uploads\/2025\/06\/25_10_Holz_Hybrid_2_K-300x193.jpg 300w, https:\/\/www.pr-neu.de\/newsroom\/wordpress\/wp-content\/uploads\/2025\/06\/25_10_Holz_Hybrid_2_K-1024x658.jpg 1024w, https:\/\/www.pr-neu.de\/newsroom\/wordpress\/wp-content\/uploads\/2025\/06\/25_10_Holz_Hybrid_2_K-768x493.jpg 768w, https:\/\/www.pr-neu.de\/newsroom\/wordpress\/wp-content\/uploads\/2025\/06\/25_10_Holz_Hybrid_2_K-1536x987.jpg 1536w, https:\/\/www.pr-neu.de\/newsroom\/wordpress\/wp-content\/uploads\/2025\/06\/25_10_Holz_Hybrid_2_K-2048x1316.jpg 2048w, https:\/\/www.pr-neu.de\/newsroom\/wordpress\/wp-content\/uploads\/2025\/06\/25_10_Holz_Hybrid_2_K-110x71.jpg 110w, https:\/\/www.pr-neu.de\/newsroom\/wordpress\/wp-content\/uploads\/2025\/06\/25_10_Holz_Hybrid_2_K-420x270.jpg 420w, https:\/\/www.pr-neu.de\/newsroom\/wordpress\/wp-content\/uploads\/2025\/06\/25_10_Holz_Hybrid_2_K-669x430.jpg 669w\" sizes=\"auto, (max-width: 300px) 100vw, 300px\" \/><\/a><\/p>\n<p><a href=\"http:\/\/www.pr-neu.de\/newsroom\/wordpress\/wp-content\/uploads\/2025\/06\/25_10_Holz_Hybrid_3_K.jpg\" target=\"_blank\" rel=\"noopener\"><img loading=\"lazy\" decoding=\"async\" class=\"aligncenter wp-image-17663 size-medium\" src=\"http:\/\/www.pr-neu.de\/newsroom\/wordpress\/wp-content\/uploads\/2025\/06\/25_10_Holz_Hybrid_3_K-300x184.jpg\" alt=\"\" width=\"300\" height=\"184\" srcset=\"https:\/\/www.pr-neu.de\/newsroom\/wordpress\/wp-content\/uploads\/2025\/06\/25_10_Holz_Hybrid_3_K-300x184.jpg 300w, https:\/\/www.pr-neu.de\/newsroom\/wordpress\/wp-content\/uploads\/2025\/06\/25_10_Holz_Hybrid_3_K-1024x629.jpg 1024w, https:\/\/www.pr-neu.de\/newsroom\/wordpress\/wp-content\/uploads\/2025\/06\/25_10_Holz_Hybrid_3_K-768x472.jpg 768w, https:\/\/www.pr-neu.de\/newsroom\/wordpress\/wp-content\/uploads\/2025\/06\/25_10_Holz_Hybrid_3_K-1536x944.jpg 1536w, https:\/\/www.pr-neu.de\/newsroom\/wordpress\/wp-content\/uploads\/2025\/06\/25_10_Holz_Hybrid_3_K-2048x1259.jpg 2048w, https:\/\/www.pr-neu.de\/newsroom\/wordpress\/wp-content\/uploads\/2025\/06\/25_10_Holz_Hybrid_3_K-110x68.jpg 110w, https:\/\/www.pr-neu.de\/newsroom\/wordpress\/wp-content\/uploads\/2025\/06\/25_10_Holz_Hybrid_3_K-420x258.jpg 420w, https:\/\/www.pr-neu.de\/newsroom\/wordpress\/wp-content\/uploads\/2025\/06\/25_10_Holz_Hybrid_3_K-700x430.jpg 700w\" sizes=\"auto, (max-width: 300px) 100vw, 300px\" \/><\/a><\/p>\n<p style=\"text-align: center;\">Der Holz-Hybrid-Bau ist mit Holzweichfaser ged\u00e4mmt und AimS-Fassadenbeschichtungen gestrichen. Die Linie \u201eAimS\u201c ist besonders ressourcenschonend: Putze und Farben sparen fossile Rohstoffe ein, weil 30 Prozent ihres Bindemittels auf Kiefern\u00f6l basieren. Zugleich \u00fcberzeugen sie mit hoher Produkt- und Verarbeitungsqualit\u00e4t.<\/p>\n<p>&nbsp;<\/p>\n<p><a href=\"http:\/\/www.pr-neu.de\/newsroom\/wordpress\/wp-content\/uploads\/2025\/06\/25_10_Holz_Hybrid_4_K.jpg\" target=\"_blank\" rel=\"noopener\"><img loading=\"lazy\" decoding=\"async\" class=\"aligncenter wp-image-17664 size-medium\" src=\"http:\/\/www.pr-neu.de\/newsroom\/wordpress\/wp-content\/uploads\/2025\/06\/25_10_Holz_Hybrid_4_K-300x200.jpg\" alt=\"\" width=\"300\" height=\"200\" srcset=\"https:\/\/www.pr-neu.de\/newsroom\/wordpress\/wp-content\/uploads\/2025\/06\/25_10_Holz_Hybrid_4_K-300x200.jpg 300w, https:\/\/www.pr-neu.de\/newsroom\/wordpress\/wp-content\/uploads\/2025\/06\/25_10_Holz_Hybrid_4_K-1024x683.jpg 1024w, https:\/\/www.pr-neu.de\/newsroom\/wordpress\/wp-content\/uploads\/2025\/06\/25_10_Holz_Hybrid_4_K-768x512.jpg 768w, https:\/\/www.pr-neu.de\/newsroom\/wordpress\/wp-content\/uploads\/2025\/06\/25_10_Holz_Hybrid_4_K-1536x1025.jpg 1536w, https:\/\/www.pr-neu.de\/newsroom\/wordpress\/wp-content\/uploads\/2025\/06\/25_10_Holz_Hybrid_4_K-2048x1366.jpg 2048w, https:\/\/www.pr-neu.de\/newsroom\/wordpress\/wp-content\/uploads\/2025\/06\/25_10_Holz_Hybrid_4_K-110x73.jpg 110w, https:\/\/www.pr-neu.de\/newsroom\/wordpress\/wp-content\/uploads\/2025\/06\/25_10_Holz_Hybrid_4_K-420x280.jpg 420w, https:\/\/www.pr-neu.de\/newsroom\/wordpress\/wp-content\/uploads\/2025\/06\/25_10_Holz_Hybrid_4_K-645x430.jpg 645w\" sizes=\"auto, (max-width: 300px) 100vw, 300px\" \/><\/a><\/p>\n<p><a href=\"http:\/\/www.pr-neu.de\/newsroom\/wordpress\/wp-content\/uploads\/2025\/06\/25_10_Holz_Hybrid_5_K.jpg\" target=\"_blank\" rel=\"noopener\"><img loading=\"lazy\" decoding=\"async\" class=\"aligncenter wp-image-17665 size-medium\" src=\"http:\/\/www.pr-neu.de\/newsroom\/wordpress\/wp-content\/uploads\/2025\/06\/25_10_Holz_Hybrid_5_K-300x207.jpg\" alt=\"\" width=\"300\" height=\"207\" srcset=\"https:\/\/www.pr-neu.de\/newsroom\/wordpress\/wp-content\/uploads\/2025\/06\/25_10_Holz_Hybrid_5_K-300x207.jpg 300w, https:\/\/www.pr-neu.de\/newsroom\/wordpress\/wp-content\/uploads\/2025\/06\/25_10_Holz_Hybrid_5_K-1024x706.jpg 1024w, https:\/\/www.pr-neu.de\/newsroom\/wordpress\/wp-content\/uploads\/2025\/06\/25_10_Holz_Hybrid_5_K-768x529.jpg 768w, https:\/\/www.pr-neu.de\/newsroom\/wordpress\/wp-content\/uploads\/2025\/06\/25_10_Holz_Hybrid_5_K-1536x1059.jpg 1536w, https:\/\/www.pr-neu.de\/newsroom\/wordpress\/wp-content\/uploads\/2025\/06\/25_10_Holz_Hybrid_5_K-2048x1411.jpg 2048w, https:\/\/www.pr-neu.de\/newsroom\/wordpress\/wp-content\/uploads\/2025\/06\/25_10_Holz_Hybrid_5_K-110x76.jpg 110w, https:\/\/www.pr-neu.de\/newsroom\/wordpress\/wp-content\/uploads\/2025\/06\/25_10_Holz_Hybrid_5_K-420x289.jpg 420w, https:\/\/www.pr-neu.de\/newsroom\/wordpress\/wp-content\/uploads\/2025\/06\/25_10_Holz_Hybrid_5_K-624x430.jpg 624w\" sizes=\"auto, (max-width: 300px) 100vw, 300px\" \/><\/a><\/p>\n<p><a href=\"http:\/\/www.pr-neu.de\/newsroom\/wordpress\/wp-content\/uploads\/2025\/06\/25_10_Holz_Hybrid_6_K.jpg\" target=\"_blank\" rel=\"noopener\"><img loading=\"lazy\" decoding=\"async\" class=\"aligncenter wp-image-17658 size-medium\" src=\"http:\/\/www.pr-neu.de\/newsroom\/wordpress\/wp-content\/uploads\/2025\/06\/25_10_Holz_Hybrid_6_K-300x193.jpg\" alt=\"\" width=\"300\" height=\"193\" srcset=\"https:\/\/www.pr-neu.de\/newsroom\/wordpress\/wp-content\/uploads\/2025\/06\/25_10_Holz_Hybrid_6_K-300x193.jpg 300w, https:\/\/www.pr-neu.de\/newsroom\/wordpress\/wp-content\/uploads\/2025\/06\/25_10_Holz_Hybrid_6_K-1024x658.jpg 1024w, https:\/\/www.pr-neu.de\/newsroom\/wordpress\/wp-content\/uploads\/2025\/06\/25_10_Holz_Hybrid_6_K-768x493.jpg 768w, https:\/\/www.pr-neu.de\/newsroom\/wordpress\/wp-content\/uploads\/2025\/06\/25_10_Holz_Hybrid_6_K-1536x987.jpg 1536w, https:\/\/www.pr-neu.de\/newsroom\/wordpress\/wp-content\/uploads\/2025\/06\/25_10_Holz_Hybrid_6_K-2048x1316.jpg 2048w, https:\/\/www.pr-neu.de\/newsroom\/wordpress\/wp-content\/uploads\/2025\/06\/25_10_Holz_Hybrid_6_K-110x71.jpg 110w, https:\/\/www.pr-neu.de\/newsroom\/wordpress\/wp-content\/uploads\/2025\/06\/25_10_Holz_Hybrid_6_K-420x270.jpg 420w, https:\/\/www.pr-neu.de\/newsroom\/wordpress\/wp-content\/uploads\/2025\/06\/25_10_Holz_Hybrid_6_K-669x430.jpg 669w\" sizes=\"auto, (max-width: 300px) 100vw, 300px\" \/><\/a><\/p>\n<p style=\"text-align: center;\">Akkurat bis ins Detail: Die Anschl\u00fcsse sind sauber ausgearbeitet.<br \/>\nAlle Fotos: Martin Baitinger \/ Sto SE &amp; Co. KGaA<\/p>\n<p>&nbsp;<\/p>\n<hr \/>\n<p>&nbsp;<\/p>\n<p>Abdruck honorarfrei, Belegexemplar erbeten<\/p>\n","protected":false},"excerpt":{"rendered":"<p>Beim Bau eines dreigeschossigen Holz-Hybrid-Mehrfamilienhauses forderte schon die Ausschreibung ressourcenschonende Materialien. Deshalb griffen Marcus Steinmann und sein Team vom Stuckateurbetrieb Friedrich Haussmann (Weingarten) auf Holzweichfaser-D\u00e4mmplatten und eine zementfreie Klebe- und Armierungsmasse zur\u00fcck.<\/p>\n","protected":false},"author":9,"featured_media":17659,"comment_status":"closed","ping_status":"open","sticky":false,"template":"","format":"standard","meta":{"footnotes":""},"categories":[15],"tags":[2266,3354,124,187,3356,268,374,414,504,2635,627],"class_list":["post-17657","post","type-post","status-publish","format-standard","has-post-thumbnail","hentry","category-sto","tag-aims","tag-armierung","tag-dammung","tag-fassade","tag-hausbau","tag-holzbau","tag-neubau","tag-putz","tag-sto-2","tag-stuckateur","tag-wdvs"],"_links":{"self":[{"href":"https:\/\/www.pr-neu.de\/newsroom\/wp-json\/wp\/v2\/posts\/17657","targetHints":{"allow":["GET"]}}],"collection":[{"href":"https:\/\/www.pr-neu.de\/newsroom\/wp-json\/wp\/v2\/posts"}],"about":[{"href":"https:\/\/www.pr-neu.de\/newsroom\/wp-json\/wp\/v2\/types\/post"}],"author":[{"embeddable":true,"href":"https:\/\/www.pr-neu.de\/newsroom\/wp-json\/wp\/v2\/users\/9"}],"replies":[{"embeddable":true,"href":"https:\/\/www.pr-neu.de\/newsroom\/wp-json\/wp\/v2\/comments?post=17657"}],"version-history":[{"count":1,"href":"https:\/\/www.pr-neu.de\/newsroom\/wp-json\/wp\/v2\/posts\/17657\/revisions"}],"predecessor-version":[{"id":17666,"href":"https:\/\/www.pr-neu.de\/newsroom\/wp-json\/wp\/v2\/posts\/17657\/revisions\/17666"}],"wp:featuredmedia":[{"embeddable":true,"href":"https:\/\/www.pr-neu.de\/newsroom\/wp-json\/wp\/v2\/media\/17659"}],"wp:attachment":[{"href":"https:\/\/www.pr-neu.de\/newsroom\/wp-json\/wp\/v2\/media?parent=17657"}],"wp:term":[{"taxonomy":"category","embeddable":true,"href":"https:\/\/www.pr-neu.de\/newsroom\/wp-json\/wp\/v2\/categories?post=17657"},{"taxonomy":"post_tag","embeddable":true,"href":"https:\/\/www.pr-neu.de\/newsroom\/wp-json\/wp\/v2\/tags?post=17657"}],"curies":[{"name":"wp","href":"https:\/\/api.w.org\/{rel}","templated":true}]}}