{"id":17651,"date":"2025-06-17T10:33:24","date_gmt":"2025-06-17T08:33:24","guid":{"rendered":"https:\/\/www.pr-neu.de\/newsroom\/?p=17651"},"modified":"2025-06-17T10:33:24","modified_gmt":"2025-06-17T08:33:24","slug":"fixer-fassadenputz","status":"publish","type":"post","link":"https:\/\/www.pr-neu.de\/newsroom\/fixer-fassadenputz\/","title":{"rendered":"Fixer Fassadenputz"},"content":{"rendered":"<p><u>S\u00fcdwest: Neuer mineralischer Silikatputz<\/u><\/p>\n<p>Verarbeitungsfertig, witterungsfest und schimmelbest\u00e4ndig: So pr\u00e4sentiert sich der neue mineralische SilikatPutz von S\u00fcdwest. Der nach DIN 15824 zugelassene, langlebige Fassadenputz haftet hervorragend auf mineralischen und organischen Untergr\u00fcnden und eignet sich besonders f\u00fcr die Sanierung historischer Geb\u00e4ude. Durch Verkieselung gehen Putz und Untergrund eine witterungsbest\u00e4ndige Verbindung ein, Wasserdampf kann hingegen aus der diffusionsoffenen Putzschicht und dem Mauerwerk optimal entweichen. Zugleich wirkt ein biozider Film gegen Algen- und Pilzbefall. So sch\u00fctzt der Putz nicht nur vor Wind und Wetter, sondern bietet auch Schutz vor Schimmel. Er l\u00e4sst sich individuell oder als Schlussschicht von WDVSmart (dem S\u00fcdwest-Fassadend\u00e4mmsystem) anwenden.<\/p>\n<p>&nbsp;<\/p>\n<hr \/>\n<p>&nbsp;<\/p>\n<p><a href=\"http:\/\/www.pr-neu.de\/newsroom\/wordpress\/wp-content\/uploads\/2025\/06\/25_07_Silikat_Putz_01_K.jpg\" target=\"_blank\" rel=\"noopener\"><img loading=\"lazy\" decoding=\"async\" class=\"aligncenter wp-image-17652 size-medium\" src=\"http:\/\/www.pr-neu.de\/newsroom\/wordpress\/wp-content\/uploads\/2025\/06\/25_07_Silikat_Putz_01_K-300x200.jpg\" alt=\"Attraktive Fassaden, vor Feuchte und Schimmel gesch\u00fctzt: Der neue mineralische SilikatPutz von S\u00fcdwest bietet sich besonders f\u00fcr die Sanierung historischer Bauten an.\" width=\"300\" height=\"200\" srcset=\"https:\/\/www.pr-neu.de\/newsroom\/wordpress\/wp-content\/uploads\/2025\/06\/25_07_Silikat_Putz_01_K-300x200.jpg 300w, https:\/\/www.pr-neu.de\/newsroom\/wordpress\/wp-content\/uploads\/2025\/06\/25_07_Silikat_Putz_01_K-1024x683.jpg 1024w, https:\/\/www.pr-neu.de\/newsroom\/wordpress\/wp-content\/uploads\/2025\/06\/25_07_Silikat_Putz_01_K-768x512.jpg 768w, https:\/\/www.pr-neu.de\/newsroom\/wordpress\/wp-content\/uploads\/2025\/06\/25_07_Silikat_Putz_01_K-1536x1024.jpg 1536w, https:\/\/www.pr-neu.de\/newsroom\/wordpress\/wp-content\/uploads\/2025\/06\/25_07_Silikat_Putz_01_K-2048x1365.jpg 2048w, https:\/\/www.pr-neu.de\/newsroom\/wordpress\/wp-content\/uploads\/2025\/06\/25_07_Silikat_Putz_01_K-110x73.jpg 110w, https:\/\/www.pr-neu.de\/newsroom\/wordpress\/wp-content\/uploads\/2025\/06\/25_07_Silikat_Putz_01_K-420x280.jpg 420w, https:\/\/www.pr-neu.de\/newsroom\/wordpress\/wp-content\/uploads\/2025\/06\/25_07_Silikat_Putz_01_K-645x430.jpg 645w\" sizes=\"auto, (max-width: 300px) 100vw, 300px\" \/><\/a><\/p>\n<p><a href=\"http:\/\/www.pr-neu.de\/newsroom\/wordpress\/wp-content\/uploads\/2025\/06\/25_07_Silikat_Putz_02_K.jpg\" target=\"_blank\" rel=\"noopener\"><img loading=\"lazy\" decoding=\"async\" class=\"aligncenter wp-image-17653 size-medium\" src=\"http:\/\/www.pr-neu.de\/newsroom\/wordpress\/wp-content\/uploads\/2025\/06\/25_07_Silikat_Putz_02_K-300x200.jpg\" alt=\"Attraktive Fassaden, vor Feuchte und Schimmel gesch\u00fctzt: Der neue mineralische SilikatPutz von S\u00fcdwest bietet sich besonders f\u00fcr die Sanierung historischer Bauten an.\" width=\"300\" height=\"200\" srcset=\"https:\/\/www.pr-neu.de\/newsroom\/wordpress\/wp-content\/uploads\/2025\/06\/25_07_Silikat_Putz_02_K-300x200.jpg 300w, https:\/\/www.pr-neu.de\/newsroom\/wordpress\/wp-content\/uploads\/2025\/06\/25_07_Silikat_Putz_02_K-1024x683.jpg 1024w, https:\/\/www.pr-neu.de\/newsroom\/wordpress\/wp-content\/uploads\/2025\/06\/25_07_Silikat_Putz_02_K-768x512.jpg 768w, https:\/\/www.pr-neu.de\/newsroom\/wordpress\/wp-content\/uploads\/2025\/06\/25_07_Silikat_Putz_02_K-1536x1024.jpg 1536w, https:\/\/www.pr-neu.de\/newsroom\/wordpress\/wp-content\/uploads\/2025\/06\/25_07_Silikat_Putz_02_K-2048x1365.jpg 2048w, https:\/\/www.pr-neu.de\/newsroom\/wordpress\/wp-content\/uploads\/2025\/06\/25_07_Silikat_Putz_02_K-110x73.jpg 110w, https:\/\/www.pr-neu.de\/newsroom\/wordpress\/wp-content\/uploads\/2025\/06\/25_07_Silikat_Putz_02_K-420x280.jpg 420w, https:\/\/www.pr-neu.de\/newsroom\/wordpress\/wp-content\/uploads\/2025\/06\/25_07_Silikat_Putz_02_K-645x430.jpg 645w\" sizes=\"auto, (max-width: 300px) 100vw, 300px\" \/><\/a><\/p>\n<p style=\"text-align: center;\">Attraktive Fassaden, vor Feuchte und Schimmel gesch\u00fctzt: Der neue mineralische SilikatPutz von S\u00fcdwest bietet sich besonders f\u00fcr die Sanierung historischer Bauten an.<br \/>\nBild 01: Adobe iStock, virsuziglis<br \/>\nBild 02: Adobe iStock, Marina113<\/p>\n<p>&nbsp;<\/p>\n<p style=\"text-align: center;\"><a href=\"http:\/\/www.pr-neu.de\/newsroom\/wordpress\/wp-content\/uploads\/2025\/06\/25_07_Silikat_Putz_03_K.jpg\" target=\"_blank\" rel=\"noopener\"><img loading=\"lazy\" decoding=\"async\" class=\"aligncenter wp-image-17654 size-medium\" src=\"http:\/\/www.pr-neu.de\/newsroom\/wordpress\/wp-content\/uploads\/2025\/06\/25_07_Silikat_Putz_03_K-300x300.jpg\" alt=\"Verarbeitungsfertig, witterungsfest und schimmelbest\u00e4ndig: Der neue mineralische SilikatPutz von S\u00fcdwest eignet sich gut f\u00fcr die Sanierung histori\u00acscher Geb\u00e4ude.\" width=\"300\" height=\"300\" srcset=\"https:\/\/www.pr-neu.de\/newsroom\/wordpress\/wp-content\/uploads\/2025\/06\/25_07_Silikat_Putz_03_K-300x300.jpg 300w, https:\/\/www.pr-neu.de\/newsroom\/wordpress\/wp-content\/uploads\/2025\/06\/25_07_Silikat_Putz_03_K-1024x1024.jpg 1024w, https:\/\/www.pr-neu.de\/newsroom\/wordpress\/wp-content\/uploads\/2025\/06\/25_07_Silikat_Putz_03_K-150x150.jpg 150w, https:\/\/www.pr-neu.de\/newsroom\/wordpress\/wp-content\/uploads\/2025\/06\/25_07_Silikat_Putz_03_K-768x768.jpg 768w, https:\/\/www.pr-neu.de\/newsroom\/wordpress\/wp-content\/uploads\/2025\/06\/25_07_Silikat_Putz_03_K-1536x1536.jpg 1536w, https:\/\/www.pr-neu.de\/newsroom\/wordpress\/wp-content\/uploads\/2025\/06\/25_07_Silikat_Putz_03_K-2048x2048.jpg 2048w, https:\/\/www.pr-neu.de\/newsroom\/wordpress\/wp-content\/uploads\/2025\/06\/25_07_Silikat_Putz_03_K-250x250.jpg 250w, https:\/\/www.pr-neu.de\/newsroom\/wordpress\/wp-content\/uploads\/2025\/06\/25_07_Silikat_Putz_03_K-125x125.jpg 125w, https:\/\/www.pr-neu.de\/newsroom\/wordpress\/wp-content\/uploads\/2025\/06\/25_07_Silikat_Putz_03_K-110x110.jpg 110w, https:\/\/www.pr-neu.de\/newsroom\/wordpress\/wp-content\/uploads\/2025\/06\/25_07_Silikat_Putz_03_K-420x420.jpg 420w, https:\/\/www.pr-neu.de\/newsroom\/wordpress\/wp-content\/uploads\/2025\/06\/25_07_Silikat_Putz_03_K-430x430.jpg 430w\" sizes=\"auto, (max-width: 300px) 100vw, 300px\" \/><\/a>Verarbeitungsfertig, witterungsfest und schimmelbest\u00e4ndig: Der neue mineralische SilikatPutz von S\u00fcdwest.<br \/>\nBild: S\u00fcdwest<\/p>\n<p>&nbsp;<\/p>\n<hr \/>\n<p>&nbsp;<\/p>\n<p>Abdruck honorarfrei, Belegexemplar erbeten<\/p>\n","protected":false},"excerpt":{"rendered":"<p>Verarbeitungsfertig, witterungsfest und schimmelbest\u00e4ndig: So pr\u00e4sentiert sich der neue mineralische SilikatPutz von S\u00fcdwest.<\/p>\n","protected":false},"author":9,"featured_media":17654,"comment_status":"closed","ping_status":"open","sticky":false,"template":"","format":"standard","meta":{"footnotes":""},"categories":[17],"tags":[187,3068,374,414,3350,439,3352,554],"class_list":["post-17651","post","type-post","status-publish","format-standard","has-post-thumbnail","hentry","category-sudwest","tag-fassade","tag-fassadenputz","tag-neubau","tag-putz","tag-renovierug","tag-sanierung","tag-silikatputz","tag-sudwest"],"_links":{"self":[{"href":"https:\/\/www.pr-neu.de\/newsroom\/wp-json\/wp\/v2\/posts\/17651","targetHints":{"allow":["GET"]}}],"collection":[{"href":"https:\/\/www.pr-neu.de\/newsroom\/wp-json\/wp\/v2\/posts"}],"about":[{"href":"https:\/\/www.pr-neu.de\/newsroom\/wp-json\/wp\/v2\/types\/post"}],"author":[{"embeddable":true,"href":"https:\/\/www.pr-neu.de\/newsroom\/wp-json\/wp\/v2\/users\/9"}],"replies":[{"embeddable":true,"href":"https:\/\/www.pr-neu.de\/newsroom\/wp-json\/wp\/v2\/comments?post=17651"}],"version-history":[{"count":1,"href":"https:\/\/www.pr-neu.de\/newsroom\/wp-json\/wp\/v2\/posts\/17651\/revisions"}],"predecessor-version":[{"id":17655,"href":"https:\/\/www.pr-neu.de\/newsroom\/wp-json\/wp\/v2\/posts\/17651\/revisions\/17655"}],"wp:featuredmedia":[{"embeddable":true,"href":"https:\/\/www.pr-neu.de\/newsroom\/wp-json\/wp\/v2\/media\/17654"}],"wp:attachment":[{"href":"https:\/\/www.pr-neu.de\/newsroom\/wp-json\/wp\/v2\/media?parent=17651"}],"wp:term":[{"taxonomy":"category","embeddable":true,"href":"https:\/\/www.pr-neu.de\/newsroom\/wp-json\/wp\/v2\/categories?post=17651"},{"taxonomy":"post_tag","embeddable":true,"href":"https:\/\/www.pr-neu.de\/newsroom\/wp-json\/wp\/v2\/tags?post=17651"}],"curies":[{"name":"wp","href":"https:\/\/api.w.org\/{rel}","templated":true}]}}