{"id":17634,"date":"2025-06-04T10:59:42","date_gmt":"2025-06-04T08:59:42","guid":{"rendered":"https:\/\/www.pr-neu.de\/newsroom\/?p=17634"},"modified":"2025-06-04T10:59:42","modified_gmt":"2025-06-04T08:59:42","slug":"bunt-gedaemmt-und-vogelfreundlich","status":"publish","type":"post","link":"https:\/\/www.pr-neu.de\/newsroom\/bunt-gedaemmt-und-vogelfreundlich\/","title":{"rendered":"Bunt, ged\u00e4mmt und vogelfreundlich"},"content":{"rendered":"<p><u>Neubau mit 35 Wohnungen in Bad D\u00fcrrheim<\/u><\/p>\n<p><strong>So bunt wie die Fassaden ist das Konzept des Projekts \u201eWohnen am Park\u201c in Bad D\u00fcrrheim: B\u00fccherei, Generationentreff, Penthouses, Eigentums- und Service-Wohnungen \u2013 realisiert als KW-55-Komplex. F\u00fcr den Artenschutz sind zudem 68 Nistk\u00e4sten in das D\u00e4mmsystem integriert.<\/strong><\/p>\n<p>Das Projekt \u201eWohnen am Park\u201c, erbaut in direkter Nachbarschaft zum Hindenburgpark in Bad D\u00fcrrheim, ist ein Musterbeispiel f\u00fcr modern geplanten Wohnungsbau. Es besteht aus zwei Geb\u00e4uden und bietet ein breites Nutzungskonzept \u2013 weit \u00fcber \u201eWohnen\u201c hinaus. Als herausragender Teil ist die neue Stadtbibliothek zu nennen, im Erdgeschoss des ersten Geb\u00e4udes untergebracht. Die Kinderzahnarztpraxis stellt einen weiteren Nichtwohnnutzer vor. Weil auch das Wohnungs-Angebot sehr breit differenziert angelegt ist, sind ganz unterschiedliche Nutzergruppen angesprochen. Wie im Brennglas zeigt sich das in den R\u00e4umen f\u00fcr das Mehrgenerationenwohnen, die der Verein \u201eGenerationentreff Lebenswert\u201c \u00fcbernommen und eingerichtet hat. Dar\u00fcber hinaus gibt es 24 \u201eServiced Apartments\u201c und zw\u00f6lf Eigentumswohnungen, von denen drei besonders exklusive Penthouse-Einheiten sind.<\/p>\n<p>Im zweiten Geb\u00e4ude ist die Nutzung genauso stark durchmischt: Im Erdgeschoss logiert eine Intensivpflege-Wohngemeinschaft. Hinzu kommen 23 Eigentumswohnungen, drei davon wiederum in der Kategorie \u201ePenthouse\u201c. Auch die Wohnungen selbst weisen ein breites Spektrum an Gr\u00f6\u00dfen und Grundrissen auf \u2013 ein weiteres Element f\u00fcr einen bunten Nutzer-Mix. Beide H\u00e4user verf\u00fcgen \u00fcber Tiefgarage und Aufzug, wodurch die Wohnungen barrierefrei erreichbar sind.<\/p>\n<p><strong>KfW-55-Standard mit bunten, Fauna-freundlichen Fassaden<\/strong><\/p>\n<p>Um den W\u00e4rmebedarf gering zu halten, ist neben dem W\u00e4rmeerzeuger (einem Gas-Spitzenlastkessel) eine Abluftw\u00e4rmepumpe installiert, zur Stromversorgung tr\u00e4gt eine Photovoltaikanlage bei. Durch das W\u00e4rmed\u00e4mm-Verbundsystem (StoTherm Vario) bleiben zudem die W\u00e4rmeverluste gering \u2013 im Ergebnis liegen die Bauten im Energiestandard KfW 55. Unter dem Strich erreichen die Bauten die Klasse A bzw. A+, PV und Umweltw\u00e4rme decken 73 beziehungsweise 80 Prozent des Energiebedarfs. Als besondere \u00f6kologische Ma\u00dfnahme sind in der Fassade au\u00dferdem 68 StoElement Fauna-Nistk\u00e4sten eingebaut. Darin finden Mauersegler, Flederm\u00e4use und Haussperlinge eine Heimat.<\/p>\n<p>Markantes Signal nach au\u00dfen ist das Farbkonzept mit kr\u00e4ftigen Rot-, Blau-, Gr\u00fcn- und Gelb-T\u00f6nen f\u00fcr die Fenster-Umfassungen. Die starken Farbakzente stehen im Kontrast zur gebauten Umgebung. Als besonders witterungsbest\u00e4ndige L\u00f6sung gestaltete der ausf\u00fchrende Handwerksbetrieb Kaupp aus Schramberg diese Elemente mit StoDeco Fassadenelementen.<\/p>\n<p>&nbsp;<\/p>\n<hr \/>\n<p>&nbsp;<\/p>\n<p><strong>Bautafel<\/strong><br \/>\n\u201eWohnen am Park\u201c, Bad D\u00fcrrheim<\/p>\n<p>Standort:<br \/>\nHofstra\u00dfe, Bad D\u00fcrrheim<\/p>\n<p>Architekt:<br \/>\nRebholz Architekten u. Ing. GmbH, Bad D\u00fcrrheim<\/p>\n<p>Bauherr:<br \/>\nTFD Golden Village GmbH, Bad D\u00fcrrheim<\/p>\n<p>Fachhandwerker:<br \/>\nKaupp Ausbau &amp; Fassade GmbH, Schramberg<\/p>\n<p>Energiestandard:<br \/>\nKFW 55 (EE)<\/p>\n<p>Fassade:<br \/>\nFassadend\u00e4mmsystem (StoTherm Vario), StoDeco Fassadenelemente (bunte Fensterumrandungen), StoElement Fauna-Nistk\u00e4sten (f\u00fcr Mauersegler, Flederm\u00e4use, Haussperlinge)<\/p>\n<p>&nbsp;<\/p>\n<hr \/>\n<p>&nbsp;<\/p>\n<p><a href=\"http:\/\/www.pr-neu.de\/newsroom\/wordpress\/wp-content\/uploads\/2025\/06\/25_08_Wohnen_am_Park_01_K.jpg\" target=\"_blank\" rel=\"noopener\"><img loading=\"lazy\" decoding=\"async\" class=\"aligncenter wp-image-17636 size-medium\" src=\"http:\/\/www.pr-neu.de\/newsroom\/wordpress\/wp-content\/uploads\/2025\/06\/25_08_Wohnen_am_Park_01_K-300x200.jpg\" alt=\"Gro\u00df, ohne zu erdr\u00fccken: Durch die aufgelockerte Kubatur und die starken Farbakzente wirken die Bauk\u00f6rper freundlich und einladend.\" width=\"300\" height=\"200\" srcset=\"https:\/\/www.pr-neu.de\/newsroom\/wordpress\/wp-content\/uploads\/2025\/06\/25_08_Wohnen_am_Park_01_K-300x200.jpg 300w, https:\/\/www.pr-neu.de\/newsroom\/wordpress\/wp-content\/uploads\/2025\/06\/25_08_Wohnen_am_Park_01_K-1024x683.jpg 1024w, https:\/\/www.pr-neu.de\/newsroom\/wordpress\/wp-content\/uploads\/2025\/06\/25_08_Wohnen_am_Park_01_K-768x512.jpg 768w, https:\/\/www.pr-neu.de\/newsroom\/wordpress\/wp-content\/uploads\/2025\/06\/25_08_Wohnen_am_Park_01_K-1536x1025.jpg 1536w, https:\/\/www.pr-neu.de\/newsroom\/wordpress\/wp-content\/uploads\/2025\/06\/25_08_Wohnen_am_Park_01_K-2048x1366.jpg 2048w, https:\/\/www.pr-neu.de\/newsroom\/wordpress\/wp-content\/uploads\/2025\/06\/25_08_Wohnen_am_Park_01_K-110x73.jpg 110w, https:\/\/www.pr-neu.de\/newsroom\/wordpress\/wp-content\/uploads\/2025\/06\/25_08_Wohnen_am_Park_01_K-420x280.jpg 420w, https:\/\/www.pr-neu.de\/newsroom\/wordpress\/wp-content\/uploads\/2025\/06\/25_08_Wohnen_am_Park_01_K-645x430.jpg 645w\" sizes=\"auto, (max-width: 300px) 100vw, 300px\" \/><\/a><\/p>\n<p><a href=\"http:\/\/www.pr-neu.de\/newsroom\/wordpress\/wp-content\/uploads\/2025\/06\/25_08_Wohnen_am_Park_02_K.jpg\" target=\"_blank\" rel=\"noopener\"><img loading=\"lazy\" decoding=\"async\" class=\"aligncenter wp-image-17637 size-medium\" src=\"http:\/\/www.pr-neu.de\/newsroom\/wordpress\/wp-content\/uploads\/2025\/06\/25_08_Wohnen_am_Park_02_K-300x200.jpg\" alt=\"Gro\u00df, ohne zu erdr\u00fccken: Durch die aufgelockerte Kubatur und die starken Farbakzente wirken die Bauk\u00f6rper freundlich und einladend.\" width=\"300\" height=\"200\" srcset=\"https:\/\/www.pr-neu.de\/newsroom\/wordpress\/wp-content\/uploads\/2025\/06\/25_08_Wohnen_am_Park_02_K-300x200.jpg 300w, https:\/\/www.pr-neu.de\/newsroom\/wordpress\/wp-content\/uploads\/2025\/06\/25_08_Wohnen_am_Park_02_K-1024x683.jpg 1024w, https:\/\/www.pr-neu.de\/newsroom\/wordpress\/wp-content\/uploads\/2025\/06\/25_08_Wohnen_am_Park_02_K-768x512.jpg 768w, https:\/\/www.pr-neu.de\/newsroom\/wordpress\/wp-content\/uploads\/2025\/06\/25_08_Wohnen_am_Park_02_K-1536x1025.jpg 1536w, https:\/\/www.pr-neu.de\/newsroom\/wordpress\/wp-content\/uploads\/2025\/06\/25_08_Wohnen_am_Park_02_K-2048x1366.jpg 2048w, https:\/\/www.pr-neu.de\/newsroom\/wordpress\/wp-content\/uploads\/2025\/06\/25_08_Wohnen_am_Park_02_K-110x73.jpg 110w, https:\/\/www.pr-neu.de\/newsroom\/wordpress\/wp-content\/uploads\/2025\/06\/25_08_Wohnen_am_Park_02_K-420x280.jpg 420w, https:\/\/www.pr-neu.de\/newsroom\/wordpress\/wp-content\/uploads\/2025\/06\/25_08_Wohnen_am_Park_02_K-645x430.jpg 645w\" sizes=\"auto, (max-width: 300px) 100vw, 300px\" \/><\/a><\/p>\n<p><a href=\"http:\/\/www.pr-neu.de\/newsroom\/wordpress\/wp-content\/uploads\/2025\/06\/25_08_Wohnen_am_Park_03_K.jpg\" target=\"_blank\" rel=\"noopener\"><img loading=\"lazy\" decoding=\"async\" class=\"aligncenter wp-image-17638 size-medium\" src=\"http:\/\/www.pr-neu.de\/newsroom\/wordpress\/wp-content\/uploads\/2025\/06\/25_08_Wohnen_am_Park_03_K-300x200.jpg\" alt=\"Gro\u00df, ohne zu erdr\u00fccken: Durch die aufgelockerte Kubatur und die starken Farbakzente wirken die Bauk\u00f6rper freundlich und einladend.\" width=\"300\" height=\"200\" srcset=\"https:\/\/www.pr-neu.de\/newsroom\/wordpress\/wp-content\/uploads\/2025\/06\/25_08_Wohnen_am_Park_03_K-300x200.jpg 300w, https:\/\/www.pr-neu.de\/newsroom\/wordpress\/wp-content\/uploads\/2025\/06\/25_08_Wohnen_am_Park_03_K-1024x683.jpg 1024w, https:\/\/www.pr-neu.de\/newsroom\/wordpress\/wp-content\/uploads\/2025\/06\/25_08_Wohnen_am_Park_03_K-768x512.jpg 768w, https:\/\/www.pr-neu.de\/newsroom\/wordpress\/wp-content\/uploads\/2025\/06\/25_08_Wohnen_am_Park_03_K-1536x1025.jpg 1536w, https:\/\/www.pr-neu.de\/newsroom\/wordpress\/wp-content\/uploads\/2025\/06\/25_08_Wohnen_am_Park_03_K-2048x1366.jpg 2048w, https:\/\/www.pr-neu.de\/newsroom\/wordpress\/wp-content\/uploads\/2025\/06\/25_08_Wohnen_am_Park_03_K-110x73.jpg 110w, https:\/\/www.pr-neu.de\/newsroom\/wordpress\/wp-content\/uploads\/2025\/06\/25_08_Wohnen_am_Park_03_K-420x280.jpg 420w, https:\/\/www.pr-neu.de\/newsroom\/wordpress\/wp-content\/uploads\/2025\/06\/25_08_Wohnen_am_Park_03_K-645x430.jpg 645w\" sizes=\"auto, (max-width: 300px) 100vw, 300px\" \/><\/a><\/p>\n<p><a href=\"http:\/\/www.pr-neu.de\/newsroom\/wordpress\/wp-content\/uploads\/2025\/06\/25_08_Wohnen_am_Park_04_K.jpg\" target=\"_blank\" rel=\"noopener\"><img loading=\"lazy\" decoding=\"async\" class=\"aligncenter wp-image-17639 size-medium\" src=\"http:\/\/www.pr-neu.de\/newsroom\/wordpress\/wp-content\/uploads\/2025\/06\/25_08_Wohnen_am_Park_04_K-300x196.jpg\" alt=\"Gro\u00df, ohne zu erdr\u00fccken: Durch die aufgelockerte Kubatur und die starken Farbakzente wirken die Bauk\u00f6rper freundlich und einladend.\" width=\"300\" height=\"196\" srcset=\"https:\/\/www.pr-neu.de\/newsroom\/wordpress\/wp-content\/uploads\/2025\/06\/25_08_Wohnen_am_Park_04_K-300x196.jpg 300w, https:\/\/www.pr-neu.de\/newsroom\/wordpress\/wp-content\/uploads\/2025\/06\/25_08_Wohnen_am_Park_04_K-1024x668.jpg 1024w, https:\/\/www.pr-neu.de\/newsroom\/wordpress\/wp-content\/uploads\/2025\/06\/25_08_Wohnen_am_Park_04_K-768x501.jpg 768w, https:\/\/www.pr-neu.de\/newsroom\/wordpress\/wp-content\/uploads\/2025\/06\/25_08_Wohnen_am_Park_04_K-1536x1002.jpg 1536w, https:\/\/www.pr-neu.de\/newsroom\/wordpress\/wp-content\/uploads\/2025\/06\/25_08_Wohnen_am_Park_04_K-2048x1335.jpg 2048w, https:\/\/www.pr-neu.de\/newsroom\/wordpress\/wp-content\/uploads\/2025\/06\/25_08_Wohnen_am_Park_04_K-110x72.jpg 110w, https:\/\/www.pr-neu.de\/newsroom\/wordpress\/wp-content\/uploads\/2025\/06\/25_08_Wohnen_am_Park_04_K-420x274.jpg 420w, https:\/\/www.pr-neu.de\/newsroom\/wordpress\/wp-content\/uploads\/2025\/06\/25_08_Wohnen_am_Park_04_K-659x430.jpg 659w\" sizes=\"auto, (max-width: 300px) 100vw, 300px\" \/><\/a><\/p>\n<p><a href=\"http:\/\/www.pr-neu.de\/newsroom\/wordpress\/wp-content\/uploads\/2025\/06\/25_08_Wohnen_am_Park_05_K.jpg\" target=\"_blank\" rel=\"noopener\"><img loading=\"lazy\" decoding=\"async\" class=\"aligncenter wp-image-17640 size-medium\" src=\"http:\/\/www.pr-neu.de\/newsroom\/wordpress\/wp-content\/uploads\/2025\/06\/25_08_Wohnen_am_Park_05_K-300x192.jpg\" alt=\"Gro\u00df, ohne zu erdr\u00fccken: Durch die aufgelockerte Kubatur und die starken Farbakzente wirken die Bauk\u00f6rper freundlich und einladend.\" width=\"300\" height=\"192\" srcset=\"https:\/\/www.pr-neu.de\/newsroom\/wordpress\/wp-content\/uploads\/2025\/06\/25_08_Wohnen_am_Park_05_K-300x192.jpg 300w, https:\/\/www.pr-neu.de\/newsroom\/wordpress\/wp-content\/uploads\/2025\/06\/25_08_Wohnen_am_Park_05_K-1024x657.jpg 1024w, https:\/\/www.pr-neu.de\/newsroom\/wordpress\/wp-content\/uploads\/2025\/06\/25_08_Wohnen_am_Park_05_K-768x492.jpg 768w, https:\/\/www.pr-neu.de\/newsroom\/wordpress\/wp-content\/uploads\/2025\/06\/25_08_Wohnen_am_Park_05_K-1536x985.jpg 1536w, https:\/\/www.pr-neu.de\/newsroom\/wordpress\/wp-content\/uploads\/2025\/06\/25_08_Wohnen_am_Park_05_K-2048x1313.jpg 2048w, https:\/\/www.pr-neu.de\/newsroom\/wordpress\/wp-content\/uploads\/2025\/06\/25_08_Wohnen_am_Park_05_K-110x71.jpg 110w, https:\/\/www.pr-neu.de\/newsroom\/wordpress\/wp-content\/uploads\/2025\/06\/25_08_Wohnen_am_Park_05_K-420x269.jpg 420w, https:\/\/www.pr-neu.de\/newsroom\/wordpress\/wp-content\/uploads\/2025\/06\/25_08_Wohnen_am_Park_05_K-671x430.jpg 671w\" sizes=\"auto, (max-width: 300px) 100vw, 300px\" \/><\/a><\/p>\n<p style=\"text-align: center;\">Gro\u00df, ohne zu erdr\u00fccken: Durch die aufgelockerte Kubatur und die starken Farbakzente wirken die Bauk\u00f6rper freundlich und einladend.<br \/>\nBilder: Martin Baitinger \/ Sto SE &amp; Co. KGaA<\/p>\n<p>&nbsp;<\/p>\n<p><a href=\"http:\/\/www.pr-neu.de\/newsroom\/wordpress\/wp-content\/uploads\/2025\/06\/25_08_Wohnen_am_Park_Detail_01_K.jpg\"><br \/>\n<\/a><a href=\"http:\/\/www.pr-neu.de\/newsroom\/wordpress\/wp-content\/uploads\/2025\/06\/25_08_Wohnen_am_Park_Detail_01_K.jpg\" target=\"_blank\" rel=\"noopener\"><img loading=\"lazy\" decoding=\"async\" class=\"aligncenter wp-image-17645 size-medium\" src=\"http:\/\/www.pr-neu.de\/newsroom\/wordpress\/wp-content\/uploads\/2025\/06\/25_08_Wohnen_am_Park_Detail_01_K-300x236.jpg\" alt=\"Um die Fenster sind StoDeco Fassadenelemente installiert. Diese Platten aus Verolith kommen vorkonfektioniert auf die Baustelle und lassen sich so einfach in das D\u00e4mmsystem integrieren.\" width=\"300\" height=\"236\" srcset=\"https:\/\/www.pr-neu.de\/newsroom\/wordpress\/wp-content\/uploads\/2025\/06\/25_08_Wohnen_am_Park_Detail_01_K-300x236.jpg 300w, https:\/\/www.pr-neu.de\/newsroom\/wordpress\/wp-content\/uploads\/2025\/06\/25_08_Wohnen_am_Park_Detail_01_K-1024x804.jpg 1024w, https:\/\/www.pr-neu.de\/newsroom\/wordpress\/wp-content\/uploads\/2025\/06\/25_08_Wohnen_am_Park_Detail_01_K-768x603.jpg 768w, https:\/\/www.pr-neu.de\/newsroom\/wordpress\/wp-content\/uploads\/2025\/06\/25_08_Wohnen_am_Park_Detail_01_K-1536x1206.jpg 1536w, https:\/\/www.pr-neu.de\/newsroom\/wordpress\/wp-content\/uploads\/2025\/06\/25_08_Wohnen_am_Park_Detail_01_K-2048x1608.jpg 2048w, https:\/\/www.pr-neu.de\/newsroom\/wordpress\/wp-content\/uploads\/2025\/06\/25_08_Wohnen_am_Park_Detail_01_K-110x86.jpg 110w, https:\/\/www.pr-neu.de\/newsroom\/wordpress\/wp-content\/uploads\/2025\/06\/25_08_Wohnen_am_Park_Detail_01_K-420x330.jpg 420w, https:\/\/www.pr-neu.de\/newsroom\/wordpress\/wp-content\/uploads\/2025\/06\/25_08_Wohnen_am_Park_Detail_01_K-548x430.jpg 548w\" sizes=\"auto, (max-width: 300px) 100vw, 300px\" \/><\/a><\/p>\n<p><a href=\"http:\/\/www.pr-neu.de\/newsroom\/wordpress\/wp-content\/uploads\/2025\/06\/25_08_Wohnen_am_Park_Detail_02_K.jpg\" target=\"_blank\" rel=\"noopener\"><img loading=\"lazy\" decoding=\"async\" class=\"aligncenter wp-image-17641 size-medium\" src=\"http:\/\/www.pr-neu.de\/newsroom\/wordpress\/wp-content\/uploads\/2025\/06\/25_08_Wohnen_am_Park_Detail_02_K-190x300.jpg\" alt=\"Um die Fenster sind StoDeco Fassadenelemente installiert. Diese Platten aus Verolith kommen vorkonfektioniert auf die Baustelle und lassen sich so einfach in das D\u00e4mmsystem integrieren.\" width=\"190\" height=\"300\" srcset=\"https:\/\/www.pr-neu.de\/newsroom\/wordpress\/wp-content\/uploads\/2025\/06\/25_08_Wohnen_am_Park_Detail_02_K-190x300.jpg 190w, https:\/\/www.pr-neu.de\/newsroom\/wordpress\/wp-content\/uploads\/2025\/06\/25_08_Wohnen_am_Park_Detail_02_K-648x1024.jpg 648w, https:\/\/www.pr-neu.de\/newsroom\/wordpress\/wp-content\/uploads\/2025\/06\/25_08_Wohnen_am_Park_Detail_02_K-768x1214.jpg 768w, https:\/\/www.pr-neu.de\/newsroom\/wordpress\/wp-content\/uploads\/2025\/06\/25_08_Wohnen_am_Park_Detail_02_K-972x1536.jpg 972w, https:\/\/www.pr-neu.de\/newsroom\/wordpress\/wp-content\/uploads\/2025\/06\/25_08_Wohnen_am_Park_Detail_02_K-1295x2048.jpg 1295w, https:\/\/www.pr-neu.de\/newsroom\/wordpress\/wp-content\/uploads\/2025\/06\/25_08_Wohnen_am_Park_Detail_02_K-70x110.jpg 70w, https:\/\/www.pr-neu.de\/newsroom\/wordpress\/wp-content\/uploads\/2025\/06\/25_08_Wohnen_am_Park_Detail_02_K-266x420.jpg 266w, https:\/\/www.pr-neu.de\/newsroom\/wordpress\/wp-content\/uploads\/2025\/06\/25_08_Wohnen_am_Park_Detail_02_K-272x430.jpg 272w, https:\/\/www.pr-neu.de\/newsroom\/wordpress\/wp-content\/uploads\/2025\/06\/25_08_Wohnen_am_Park_Detail_02_K.jpg 1518w\" sizes=\"auto, (max-width: 190px) 100vw, 190px\" \/><\/a><\/p>\n<p><a href=\"http:\/\/www.pr-neu.de\/newsroom\/wordpress\/wp-content\/uploads\/2025\/06\/25_08_Wohnen_am_Park_Detail_03_K.jpg\" target=\"_blank\" rel=\"noopener\"><img loading=\"lazy\" decoding=\"async\" class=\"aligncenter wp-image-17642 size-medium\" src=\"http:\/\/www.pr-neu.de\/newsroom\/wordpress\/wp-content\/uploads\/2025\/06\/25_08_Wohnen_am_Park_Detail_03_K-300x200.jpg\" alt=\"Um die Fenster sind StoDeco Fassadenelemente installiert. Diese Platten aus Verolith kommen vorkonfektioniert auf die Baustelle und lassen sich so einfach in das D\u00e4mmsystem integrieren.\" width=\"300\" height=\"200\" srcset=\"https:\/\/www.pr-neu.de\/newsroom\/wordpress\/wp-content\/uploads\/2025\/06\/25_08_Wohnen_am_Park_Detail_03_K-300x200.jpg 300w, https:\/\/www.pr-neu.de\/newsroom\/wordpress\/wp-content\/uploads\/2025\/06\/25_08_Wohnen_am_Park_Detail_03_K-1024x683.jpg 1024w, https:\/\/www.pr-neu.de\/newsroom\/wordpress\/wp-content\/uploads\/2025\/06\/25_08_Wohnen_am_Park_Detail_03_K-768x512.jpg 768w, https:\/\/www.pr-neu.de\/newsroom\/wordpress\/wp-content\/uploads\/2025\/06\/25_08_Wohnen_am_Park_Detail_03_K-1536x1025.jpg 1536w, https:\/\/www.pr-neu.de\/newsroom\/wordpress\/wp-content\/uploads\/2025\/06\/25_08_Wohnen_am_Park_Detail_03_K-2048x1366.jpg 2048w, https:\/\/www.pr-neu.de\/newsroom\/wordpress\/wp-content\/uploads\/2025\/06\/25_08_Wohnen_am_Park_Detail_03_K-110x73.jpg 110w, https:\/\/www.pr-neu.de\/newsroom\/wordpress\/wp-content\/uploads\/2025\/06\/25_08_Wohnen_am_Park_Detail_03_K-420x280.jpg 420w, https:\/\/www.pr-neu.de\/newsroom\/wordpress\/wp-content\/uploads\/2025\/06\/25_08_Wohnen_am_Park_Detail_03_K-645x430.jpg 645w\" sizes=\"auto, (max-width: 300px) 100vw, 300px\" \/><\/a><\/p>\n<p><a href=\"http:\/\/www.pr-neu.de\/newsroom\/wordpress\/wp-content\/uploads\/2025\/06\/25_08_Wohnen_am_Park_Detail_04_K.jpg\" target=\"_blank\" rel=\"noopener\"><img loading=\"lazy\" decoding=\"async\" class=\"aligncenter wp-image-17643 size-medium\" src=\"http:\/\/www.pr-neu.de\/newsroom\/wordpress\/wp-content\/uploads\/2025\/06\/25_08_Wohnen_am_Park_Detail_04_K-300x200.jpg\" alt=\"Um die Fenster sind StoDeco Fassadenelemente installiert. Diese Platten aus Verolith kommen vorkonfektioniert auf die Baustelle und lassen sich so einfach in das D\u00e4mmsystem integrieren.\" width=\"300\" height=\"200\" srcset=\"https:\/\/www.pr-neu.de\/newsroom\/wordpress\/wp-content\/uploads\/2025\/06\/25_08_Wohnen_am_Park_Detail_04_K-300x200.jpg 300w, https:\/\/www.pr-neu.de\/newsroom\/wordpress\/wp-content\/uploads\/2025\/06\/25_08_Wohnen_am_Park_Detail_04_K-1024x683.jpg 1024w, https:\/\/www.pr-neu.de\/newsroom\/wordpress\/wp-content\/uploads\/2025\/06\/25_08_Wohnen_am_Park_Detail_04_K-768x512.jpg 768w, https:\/\/www.pr-neu.de\/newsroom\/wordpress\/wp-content\/uploads\/2025\/06\/25_08_Wohnen_am_Park_Detail_04_K-1536x1025.jpg 1536w, https:\/\/www.pr-neu.de\/newsroom\/wordpress\/wp-content\/uploads\/2025\/06\/25_08_Wohnen_am_Park_Detail_04_K-2048x1366.jpg 2048w, https:\/\/www.pr-neu.de\/newsroom\/wordpress\/wp-content\/uploads\/2025\/06\/25_08_Wohnen_am_Park_Detail_04_K-110x73.jpg 110w, https:\/\/www.pr-neu.de\/newsroom\/wordpress\/wp-content\/uploads\/2025\/06\/25_08_Wohnen_am_Park_Detail_04_K-420x280.jpg 420w, https:\/\/www.pr-neu.de\/newsroom\/wordpress\/wp-content\/uploads\/2025\/06\/25_08_Wohnen_am_Park_Detail_04_K-645x430.jpg 645w\" sizes=\"auto, (max-width: 300px) 100vw, 300px\" \/><\/a><\/p>\n<p><a href=\"http:\/\/www.pr-neu.de\/newsroom\/wordpress\/wp-content\/uploads\/2025\/06\/25_08_Wohnen_am_Park_Detail_05_K.jpg\" target=\"_blank\" rel=\"noopener\"><img loading=\"lazy\" decoding=\"async\" class=\"aligncenter wp-image-17644 size-medium\" src=\"http:\/\/www.pr-neu.de\/newsroom\/wordpress\/wp-content\/uploads\/2025\/06\/25_08_Wohnen_am_Park_Detail_05_K-300x212.jpg\" alt=\"Um die Fenster sind StoDeco Fassadenelemente installiert. Diese Platten aus Verolith kommen vorkonfektioniert auf die Baustelle und lassen sich so einfach in das D\u00e4mmsystem integrieren.\" width=\"300\" height=\"212\" srcset=\"https:\/\/www.pr-neu.de\/newsroom\/wordpress\/wp-content\/uploads\/2025\/06\/25_08_Wohnen_am_Park_Detail_05_K-300x212.jpg 300w, https:\/\/www.pr-neu.de\/newsroom\/wordpress\/wp-content\/uploads\/2025\/06\/25_08_Wohnen_am_Park_Detail_05_K-1024x725.jpg 1024w, https:\/\/www.pr-neu.de\/newsroom\/wordpress\/wp-content\/uploads\/2025\/06\/25_08_Wohnen_am_Park_Detail_05_K-768x544.jpg 768w, https:\/\/www.pr-neu.de\/newsroom\/wordpress\/wp-content\/uploads\/2025\/06\/25_08_Wohnen_am_Park_Detail_05_K-1536x1087.jpg 1536w, https:\/\/www.pr-neu.de\/newsroom\/wordpress\/wp-content\/uploads\/2025\/06\/25_08_Wohnen_am_Park_Detail_05_K-2048x1450.jpg 2048w, https:\/\/www.pr-neu.de\/newsroom\/wordpress\/wp-content\/uploads\/2025\/06\/25_08_Wohnen_am_Park_Detail_05_K-110x78.jpg 110w, https:\/\/www.pr-neu.de\/newsroom\/wordpress\/wp-content\/uploads\/2025\/06\/25_08_Wohnen_am_Park_Detail_05_K-420x297.jpg 420w, https:\/\/www.pr-neu.de\/newsroom\/wordpress\/wp-content\/uploads\/2025\/06\/25_08_Wohnen_am_Park_Detail_05_K-607x430.jpg 607w\" sizes=\"auto, (max-width: 300px) 100vw, 300px\" \/><\/a><\/p>\n<p style=\"text-align: center;\">Um die Fenster sind StoDeco Fassadenelemente installiert. Diese Leisten aus massivem, mineralischem Verolith kommen vorkonfektioniert auf die Baustelle und lassen sich so einfach in das D\u00e4mmsystem integrieren.<br \/>\nBilder: Martin Baitinger \/ Sto SE &amp; Co. KGaA<\/p>\n<p>&nbsp;<\/p>\n<p><a href=\"http:\/\/www.pr-neu.de\/newsroom\/wordpress\/wp-content\/uploads\/2025\/06\/25_08_Nistkasten_K.jpg\" target=\"_blank\" rel=\"noopener\"><img loading=\"lazy\" decoding=\"async\" class=\"aligncenter wp-image-17635 size-medium\" src=\"http:\/\/www.pr-neu.de\/newsroom\/wordpress\/wp-content\/uploads\/2025\/06\/25_08_Nistkasten_K-300x200.jpg\" alt=\"Praktizierter Naturschutz: Die StoFauna Nistk\u00e4sten geben Mauerseglern, Spatzen oder Flederm\u00e4usen Lebensraum. Im Bad D\u00fcrrheimer Projekt \u201eWohnen am Park\u201c sind insgesamt 68 dieser Elemente in die Fassade integriert.\" width=\"300\" height=\"200\" srcset=\"https:\/\/www.pr-neu.de\/newsroom\/wordpress\/wp-content\/uploads\/2025\/06\/25_08_Nistkasten_K-300x200.jpg 300w, https:\/\/www.pr-neu.de\/newsroom\/wordpress\/wp-content\/uploads\/2025\/06\/25_08_Nistkasten_K-1024x683.jpg 1024w, https:\/\/www.pr-neu.de\/newsroom\/wordpress\/wp-content\/uploads\/2025\/06\/25_08_Nistkasten_K-768x512.jpg 768w, https:\/\/www.pr-neu.de\/newsroom\/wordpress\/wp-content\/uploads\/2025\/06\/25_08_Nistkasten_K-1536x1024.jpg 1536w, https:\/\/www.pr-neu.de\/newsroom\/wordpress\/wp-content\/uploads\/2025\/06\/25_08_Nistkasten_K-2048x1365.jpg 2048w, https:\/\/www.pr-neu.de\/newsroom\/wordpress\/wp-content\/uploads\/2025\/06\/25_08_Nistkasten_K-110x73.jpg 110w, https:\/\/www.pr-neu.de\/newsroom\/wordpress\/wp-content\/uploads\/2025\/06\/25_08_Nistkasten_K-420x280.jpg 420w, https:\/\/www.pr-neu.de\/newsroom\/wordpress\/wp-content\/uploads\/2025\/06\/25_08_Nistkasten_K-645x430.jpg 645w\" sizes=\"auto, (max-width: 300px) 100vw, 300px\" \/><\/a><\/p>\n<p style=\"text-align: center;\">Praktizierter Artenschutz: Die StoElement Fauna-Nistk\u00e4sten geben Mauerseglern, Spatzen oder Flederm\u00e4usen Lebensraum. Im Bad D\u00fcrrheimer Projekt \u201eWohnen am Park\u201c sind insgesamt 68 dieser Elemente in die Fassade integriert.<br \/>\nBild: Sto SE &amp; Co. KGaA<\/p>\n<p>&nbsp;<\/p>\n<hr \/>\n<p>&nbsp;<\/p>\n<p>Abdruck honorarfrei, Belegexemplar erbeten<\/p>\n","protected":false},"excerpt":{"rendered":"<p>\u201eWohnen am Park\u201c in Bad D\u00fcrrheim: B\u00fccherei, Generationentreff, Penthouses, Eigentums- und Service-Wohnungen \u2013 realisiert als KW-55-Komplex. F\u00fcr den Artenschutz sind zudem 68 Nistk\u00e4sten in das D\u00e4mmsystem integriert.<\/p>\n","protected":false},"author":9,"featured_media":17636,"comment_status":"closed","ping_status":"open","sticky":false,"template":"","format":"standard","meta":{"footnotes":""},"categories":[15],"tags":[1569,124,187,3342,504,3340,1665,627],"class_list":["post-17634","post","type-post","status-publish","format-standard","has-post-thumbnail","hentry","category-sto","tag-daemmen","tag-dammung","tag-fassade","tag-nistkasten","tag-sto-2","tag-voegel","tag-vogelschutz","tag-wdvs"],"_links":{"self":[{"href":"https:\/\/www.pr-neu.de\/newsroom\/wp-json\/wp\/v2\/posts\/17634","targetHints":{"allow":["GET"]}}],"collection":[{"href":"https:\/\/www.pr-neu.de\/newsroom\/wp-json\/wp\/v2\/posts"}],"about":[{"href":"https:\/\/www.pr-neu.de\/newsroom\/wp-json\/wp\/v2\/types\/post"}],"author":[{"embeddable":true,"href":"https:\/\/www.pr-neu.de\/newsroom\/wp-json\/wp\/v2\/users\/9"}],"replies":[{"embeddable":true,"href":"https:\/\/www.pr-neu.de\/newsroom\/wp-json\/wp\/v2\/comments?post=17634"}],"version-history":[{"count":1,"href":"https:\/\/www.pr-neu.de\/newsroom\/wp-json\/wp\/v2\/posts\/17634\/revisions"}],"predecessor-version":[{"id":17646,"href":"https:\/\/www.pr-neu.de\/newsroom\/wp-json\/wp\/v2\/posts\/17634\/revisions\/17646"}],"wp:featuredmedia":[{"embeddable":true,"href":"https:\/\/www.pr-neu.de\/newsroom\/wp-json\/wp\/v2\/media\/17636"}],"wp:attachment":[{"href":"https:\/\/www.pr-neu.de\/newsroom\/wp-json\/wp\/v2\/media?parent=17634"}],"wp:term":[{"taxonomy":"category","embeddable":true,"href":"https:\/\/www.pr-neu.de\/newsroom\/wp-json\/wp\/v2\/categories?post=17634"},{"taxonomy":"post_tag","embeddable":true,"href":"https:\/\/www.pr-neu.de\/newsroom\/wp-json\/wp\/v2\/tags?post=17634"}],"curies":[{"name":"wp","href":"https:\/\/api.w.org\/{rel}","templated":true}]}}