{"id":17605,"date":"2025-05-19T09:42:42","date_gmt":"2025-05-19T07:42:42","guid":{"rendered":"https:\/\/www.pr-neu.de\/newsroom\/?p=17605"},"modified":"2025-05-20T09:51:20","modified_gmt":"2025-05-20T07:51:20","slug":"bis-30-juni-sonderfarbe-ohne-aufpreis","status":"publish","type":"post","link":"https:\/\/www.pr-neu.de\/newsroom\/bis-30-juni-sonderfarbe-ohne-aufpreis\/","title":{"rendered":"Bis 30. Juni: Sonderfarbe ohne Aufpreis"},"content":{"rendered":"<p><u>Profile von TS Aluminium<\/u><\/p>\n<p>Bis 30. Juni 2025 bietet TS Aluminium f\u00fcr alle Terrassend\u00e4cher, Sommer- und Winterg\u00e4rten zw\u00f6lf Farben ohne Aufpreis zur Wahl. Die Aluminiumelemente der hochwertigen Systeme gibt es in Wei\u00df, in rot-br\u00e4unlichen T\u00f6nen und diversen Anthrazit-Schattierungen. Die Farbcodes lauten:<\/p>\n<p>\u2022 DB 703 Eisenglimmer-Grau gl\u00e4nzend<br \/>\n\u2022 DB 703 Eisenglimmer-Grau matt<br \/>\n\u2022 RAL 7016 Anthrazitgrau<br \/>\n\u2022 RAL 9007 Graualuminium<br \/>\n\u2022 RAL 9016 Verkehrswei\u00df<br \/>\n\u2022 Tiger 029 \/ 60731 Terrabraun<br \/>\n\u2022 Tiger 029 \/ 60740 Sepiabraun<br \/>\n\u2022 Tiger 029 \/ 70786 Sparkling Iron Effect Medium<br \/>\n\u2022 Tiger 029 \/ 71289 Anthrazitgrau matt<br \/>\n\u2022 Tiger 029 \/ 80077 Metallic-Grau matt<br \/>\n\u2022 Tiger 029 \/ 90146 Wei\u00dfaluminium Metallic matt<br \/>\n\u2022 Tiger 029 \/ 90147 Graualuminium matt<\/p>\n<p>Die langlebige Oberfl\u00e4chenbeschichtung auf Polyesterharz-Basis ist pflegeleicht, wetterfest und UV-best\u00e4ndig. Der Farbton kann bei der Bestellung im Webshop direkt ausgew\u00e4hlt werden. Die verl\u00e4ssliche Verarbeitung und hohe \u2013 gepr\u00fcfte und bew\u00e4hrte \u2013 Standards sind auch in den Farbvarianten garantiert.<\/p>\n<p>&nbsp;<\/p>\n<hr \/>\n<p>&nbsp;<\/p>\n<p><a href=\"http:\/\/www.pr-neu.de\/newsroom\/wordpress\/wp-content\/uploads\/2025\/05\/25-09_Farbfaecher_K.jpg\" target=\"_blank\" rel=\"noopener\"><img loading=\"lazy\" decoding=\"async\" class=\"aligncenter wp-image-17606 size-medium\" src=\"http:\/\/www.pr-neu.de\/newsroom\/wordpress\/wp-content\/uploads\/2025\/05\/25-09_Farbfaecher_K-300x206.jpg\" alt=\"Hier hat niemand die Qual der Wahl: Bei der Palette an unterschiedlichen T\u00f6nen findet sich leicht die eigene Lieblingsfarbe.\" width=\"300\" height=\"206\" srcset=\"https:\/\/www.pr-neu.de\/newsroom\/wordpress\/wp-content\/uploads\/2025\/05\/25-09_Farbfaecher_K-300x206.jpg 300w, https:\/\/www.pr-neu.de\/newsroom\/wordpress\/wp-content\/uploads\/2025\/05\/25-09_Farbfaecher_K-1024x704.jpg 1024w, https:\/\/www.pr-neu.de\/newsroom\/wordpress\/wp-content\/uploads\/2025\/05\/25-09_Farbfaecher_K-768x528.jpg 768w, https:\/\/www.pr-neu.de\/newsroom\/wordpress\/wp-content\/uploads\/2025\/05\/25-09_Farbfaecher_K-1536x1056.jpg 1536w, https:\/\/www.pr-neu.de\/newsroom\/wordpress\/wp-content\/uploads\/2025\/05\/25-09_Farbfaecher_K-2048x1408.jpg 2048w, https:\/\/www.pr-neu.de\/newsroom\/wordpress\/wp-content\/uploads\/2025\/05\/25-09_Farbfaecher_K-110x76.jpg 110w, https:\/\/www.pr-neu.de\/newsroom\/wordpress\/wp-content\/uploads\/2025\/05\/25-09_Farbfaecher_K-420x289.jpg 420w, https:\/\/www.pr-neu.de\/newsroom\/wordpress\/wp-content\/uploads\/2025\/05\/25-09_Farbfaecher_K-625x430.jpg 625w\" sizes=\"auto, (max-width: 300px) 100vw, 300px\" \/><\/a><\/p>\n<p style=\"text-align: center;\">Ohne Aufpreis stehen zw\u00f6lf verschiedene Farben zur Wahl.<\/p>\n<p>&nbsp;<\/p>\n<p><a href=\"http:\/\/www.pr-neu.de\/newsroom\/wordpress\/wp-content\/uploads\/2025\/05\/25-09_Lamellendach_Farbverlauf_K.jpg\" target=\"_blank\" rel=\"noopener\"><img loading=\"lazy\" decoding=\"async\" class=\"aligncenter wp-image-17607 size-medium\" src=\"http:\/\/www.pr-neu.de\/newsroom\/wordpress\/wp-content\/uploads\/2025\/05\/25-09_Lamellendach_Farbverlauf_K-300x225.jpg\" alt=\"Die Aluminiumelemente harmonieren in dieser Farbgebung mit den Fensterrahmen des Hauses und den Solarpanelen auf dem Dach.\" width=\"300\" height=\"225\" srcset=\"https:\/\/www.pr-neu.de\/newsroom\/wordpress\/wp-content\/uploads\/2025\/05\/25-09_Lamellendach_Farbverlauf_K-300x225.jpg 300w, https:\/\/www.pr-neu.de\/newsroom\/wordpress\/wp-content\/uploads\/2025\/05\/25-09_Lamellendach_Farbverlauf_K-1024x768.jpg 1024w, https:\/\/www.pr-neu.de\/newsroom\/wordpress\/wp-content\/uploads\/2025\/05\/25-09_Lamellendach_Farbverlauf_K-768x576.jpg 768w, https:\/\/www.pr-neu.de\/newsroom\/wordpress\/wp-content\/uploads\/2025\/05\/25-09_Lamellendach_Farbverlauf_K-1536x1152.jpg 1536w, https:\/\/www.pr-neu.de\/newsroom\/wordpress\/wp-content\/uploads\/2025\/05\/25-09_Lamellendach_Farbverlauf_K-2048x1536.jpg 2048w, https:\/\/www.pr-neu.de\/newsroom\/wordpress\/wp-content\/uploads\/2025\/05\/25-09_Lamellendach_Farbverlauf_K-110x83.jpg 110w, https:\/\/www.pr-neu.de\/newsroom\/wordpress\/wp-content\/uploads\/2025\/05\/25-09_Lamellendach_Farbverlauf_K-420x315.jpg 420w, https:\/\/www.pr-neu.de\/newsroom\/wordpress\/wp-content\/uploads\/2025\/05\/25-09_Lamellendach_Farbverlauf_K-573x430.jpg 573w\" sizes=\"auto, (max-width: 300px) 100vw, 300px\" \/><\/a><\/p>\n<p style=\"text-align: center;\">Die Aluminiumelemente harmonieren in dieser Farbgebung mit den Fensterrahmen des Hauses.<\/p>\n<p style=\"text-align: center;\">Bilder: TS-Aluminium-Profilsysteme GmbH &amp; Co. KG<\/p>\n<p>&nbsp;<\/p>\n<hr \/>\n<p>&nbsp;<\/p>\n<p>Abdruck honorarfrei, Belegexemplar erbeten<\/p>\n","protected":false},"excerpt":{"rendered":"<p>Bis 30. Juni 2025 bietet TS Aluminium f\u00fcr alle Terrassend\u00e4cher, Sommer- und Winterg\u00e4rten zw\u00f6lf Farben ohne Aufpreis zur Wahl. Die Aluminiumelemente der hochwertigen Systeme gibt es in Wei\u00df, in rot-br\u00e4unlichen T\u00f6nen und diversen Anthrazit-Schattierungen.<\/p>\n","protected":false},"author":10,"featured_media":17606,"comment_status":"closed","ping_status":"open","sticky":false,"template":"","format":"standard","meta":{"footnotes":""},"categories":[1761],"tags":[181,185,186,1893,2055,1895,1793,635],"class_list":["post-17605","post","type-post","status-publish","format-standard","has-post-thumbnail","hentry","category-ts-aluminium","tag-farben","tag-farbpalette","tag-farbtone","tag-sommergarten","tag-terrasse","tag-terrassendach","tag-ts-aluminium","tag-wintergarten"],"_links":{"self":[{"href":"https:\/\/www.pr-neu.de\/newsroom\/wp-json\/wp\/v2\/posts\/17605","targetHints":{"allow":["GET"]}}],"collection":[{"href":"https:\/\/www.pr-neu.de\/newsroom\/wp-json\/wp\/v2\/posts"}],"about":[{"href":"https:\/\/www.pr-neu.de\/newsroom\/wp-json\/wp\/v2\/types\/post"}],"author":[{"embeddable":true,"href":"https:\/\/www.pr-neu.de\/newsroom\/wp-json\/wp\/v2\/users\/10"}],"replies":[{"embeddable":true,"href":"https:\/\/www.pr-neu.de\/newsroom\/wp-json\/wp\/v2\/comments?post=17605"}],"version-history":[{"count":1,"href":"https:\/\/www.pr-neu.de\/newsroom\/wp-json\/wp\/v2\/posts\/17605\/revisions"}],"predecessor-version":[{"id":17608,"href":"https:\/\/www.pr-neu.de\/newsroom\/wp-json\/wp\/v2\/posts\/17605\/revisions\/17608"}],"wp:featuredmedia":[{"embeddable":true,"href":"https:\/\/www.pr-neu.de\/newsroom\/wp-json\/wp\/v2\/media\/17606"}],"wp:attachment":[{"href":"https:\/\/www.pr-neu.de\/newsroom\/wp-json\/wp\/v2\/media?parent=17605"}],"wp:term":[{"taxonomy":"category","embeddable":true,"href":"https:\/\/www.pr-neu.de\/newsroom\/wp-json\/wp\/v2\/categories?post=17605"},{"taxonomy":"post_tag","embeddable":true,"href":"https:\/\/www.pr-neu.de\/newsroom\/wp-json\/wp\/v2\/tags?post=17605"}],"curies":[{"name":"wp","href":"https:\/\/api.w.org\/{rel}","templated":true}]}}