{"id":17587,"date":"2025-05-05T09:35:27","date_gmt":"2025-05-05T07:35:27","guid":{"rendered":"https:\/\/www.pr-neu.de\/newsroom\/?p=17587"},"modified":"2025-05-05T09:35:27","modified_gmt":"2025-05-05T07:35:27","slug":"kompromisslos-gut-der-garagentor-testsieger","status":"publish","type":"post","link":"https:\/\/www.pr-neu.de\/newsroom\/kompromisslos-gut-der-garagentor-testsieger\/","title":{"rendered":"Kompromisslos gut: Der Garagentor Testsieger"},"content":{"rendered":"<p><u>Teckentrup CarTeck Aktion 2025: Ausgezeichnetes Garagentor mit vielen Extras<\/u><\/p>\n<p><strong>Seit Mai gibt es das CarTeck-Garagen-Sektionaltor \u2013 Testsieger beim gro\u00dfen Bild-Produkttest \u201eTop Marke Haus &amp; Wohnen\u201c \u2013 zum attraktiven Aktionspreis. Zum Paket geh\u00f6rt ein elektrischer Antrieb und eine Fernbedienung. Zus\u00e4tzlich kann ein weiteres Extra kostenfrei gew\u00e4hlt werden. Am einfachsten geht das \u00fcber den Online-Konfigurator \u2013 der zeigt auch gleich, wie das Wunschtor aussieht. <\/strong><\/p>\n<p>Wer bei seinem neuen Sektionaltor keine Kompromisse in Sachen Qualit\u00e4t, Sicherheit, Langlebigkeit und Design eingehen will, setzt einfach direkt auf das Testsieger-Tor von Teckentrup. Optisch stehen viele Optionen zur Wahl mit neun Farbt\u00f6nen von Wei\u00df \u00fcber \u201eGrau-Aluminium\u201c bis zu Tiefschwarz. Durch ein optionales Sicherheitspaket erreichen die Tore die zertifizierte und von der Polizei empfohlene Einbruchschutz-Klasse \u201eRC 2\u201c. Das macht es potenziellen Eindringlingen schwer, in die Garage zu gelangen. Dies bietet sich vor allem an, wenn ein direkter Zugang von der Garage ins Haus besteht. Mit 34 Torgr\u00f6\u00dfen bietet es die passende L\u00f6sung f\u00fcr nahezu jede \u00d6ffnung \u2013 egal ob Einzel- und Doppelgarage.<\/p>\n<p>Neben dem Sicherheitspaket gibt es vier weitere Zusatzoptionen: Im \u201eStylepaket\u201c sowie im \u201eDesignpaket\u201c gibt es ein Torblatt mit glatter Struktur sowie zus\u00e4tzlich zu den neun attraktiven Farben auch in Holzoptik (Golden Oak). Im Stylepaket mit Mittelsicke, im Designpaket ohne Sicke. Zum \u201eKomfortpaket\u201c geh\u00f6rt ein Wandtaster f\u00fcr die schl\u00fcssellose Zutrittskontrolle per Zahlencode. Die leuchtstarken, energiesparenden LED-L\u00f6sungen f\u00fcr au\u00dfen und innen im \u201eLichtpaket\u201c sorgen zudem f\u00fcr effektives, angenehmes Licht vor und in der Garage. Der Einbau ist in wenigen Stunden erledigt. Moderne Tore gibt es schon ab 1049 Euro inklusive Antrieb und Fernbedienung (zzgl. Montage).<br \/>\nWeitere Infos: www.teckentrup.biz\/carteck-garagentor-aktion<\/p>\n<p>&nbsp;<\/p>\n<hr \/>\n<p>&nbsp;<\/p>\n<p><strong>CarTeck-Aktion 2025<\/strong> (Laufzeit: 01.05.2025 bis 28.02.2026)<br \/>\n<strong>Basispaket<\/strong>: W\u00e4rmeged\u00e4mmtes CarTeck-Garagentor GSW 40 mit Mittelsicke, Woodgrain Struktur, Antrieb CarTeck Drive 600, 4-Kanal-Handsender<\/p>\n<p><strong>Frei w\u00e4hlbares kostenfreies Extra:<\/strong><br \/>\n\u2022 Zweiter 4-Kanal-Handsender oder<br \/>\n\u2022 Lichtschranke oder<br \/>\n\u2022 Wandinnentaster oder<br \/>\n\u2022 Verriegelungsmagnet (zus\u00e4tzlicher Einbruchschutz)<br \/>\n<strong>UVP<\/strong>: ab 1.049 Euro<br \/>\n<strong>Optionale Extras<\/strong>:<br \/>\n\u2022 Stylepaket: Torblatt Mittelsicke, glatt, auch in Holzdekor<br \/>\n\u2022 Designpaket: Torblatt ohne Sicke, glatt auch in Holzdekor<br \/>\n\u2022 Zusatzpaket Sicherheit: Tor mit RC2-Zertifizierung<br \/>\n\u2022 Zusatzpaket Licht: Au\u00dfen- und\/oder Innen-LED-Beleuchtung<br \/>\n\u2022 Zusatzpaket Komfort: Wandtaster<\/p>\n<p>&nbsp;<\/p>\n<hr \/>\n<p>&nbsp;<\/p>\n<p><a href=\"http:\/\/www.pr-neu.de\/newsroom\/wordpress\/wp-content\/uploads\/2025\/05\/25_06_Carteck_2025_Testsieger_K.jpg\" target=\"_blank\" rel=\"noopener\"><img loading=\"lazy\" decoding=\"async\" class=\"aligncenter wp-image-17585 size-medium\" src=\"http:\/\/www.pr-neu.de\/newsroom\/wordpress\/wp-content\/uploads\/2025\/05\/25_06_Carteck_2025_Testsieger_K-300x300.jpg\" alt=\"Teckentrup Garagentore sind nicht nur Testsieger beim Bild-Text \u201eTop Marke Haus &amp; Wohnen\u201c, sie sind auch \u201emade in Germany\u201c. Seit 90 Jahren entwickelt und fertigt das Unternehmen mit Sitz in Verl seine Produkte ausschlie\u00dflich in Deutschland.\" width=\"300\" height=\"300\" srcset=\"https:\/\/www.pr-neu.de\/newsroom\/wordpress\/wp-content\/uploads\/2025\/05\/25_06_Carteck_2025_Testsieger_K-300x300.jpg 300w, https:\/\/www.pr-neu.de\/newsroom\/wordpress\/wp-content\/uploads\/2025\/05\/25_06_Carteck_2025_Testsieger_K-1024x1024.jpg 1024w, https:\/\/www.pr-neu.de\/newsroom\/wordpress\/wp-content\/uploads\/2025\/05\/25_06_Carteck_2025_Testsieger_K-150x150.jpg 150w, https:\/\/www.pr-neu.de\/newsroom\/wordpress\/wp-content\/uploads\/2025\/05\/25_06_Carteck_2025_Testsieger_K-768x768.jpg 768w, https:\/\/www.pr-neu.de\/newsroom\/wordpress\/wp-content\/uploads\/2025\/05\/25_06_Carteck_2025_Testsieger_K-1536x1536.jpg 1536w, https:\/\/www.pr-neu.de\/newsroom\/wordpress\/wp-content\/uploads\/2025\/05\/25_06_Carteck_2025_Testsieger_K-2048x2048.jpg 2048w, https:\/\/www.pr-neu.de\/newsroom\/wordpress\/wp-content\/uploads\/2025\/05\/25_06_Carteck_2025_Testsieger_K-250x250.jpg 250w, https:\/\/www.pr-neu.de\/newsroom\/wordpress\/wp-content\/uploads\/2025\/05\/25_06_Carteck_2025_Testsieger_K-125x125.jpg 125w, https:\/\/www.pr-neu.de\/newsroom\/wordpress\/wp-content\/uploads\/2025\/05\/25_06_Carteck_2025_Testsieger_K-110x110.jpg 110w, https:\/\/www.pr-neu.de\/newsroom\/wordpress\/wp-content\/uploads\/2025\/05\/25_06_Carteck_2025_Testsieger_K-420x420.jpg 420w, https:\/\/www.pr-neu.de\/newsroom\/wordpress\/wp-content\/uploads\/2025\/05\/25_06_Carteck_2025_Testsieger_K-430x430.jpg 430w\" sizes=\"auto, (max-width: 300px) 100vw, 300px\" \/><\/a><\/p>\n<p style=\"text-align: center;\">Teckentrup Garagentore sind nicht nur Testsieger beim Bild-Text \u201eTop Marke Haus &amp; Wohnen\u201c, sie sind auch \u201emade in Germany\u201c. Seit 90 Jahren entwickelt und fertigt das Unternehmen mit Sitz in Verl seine Produkte ausschlie\u00dflich in Deutschland.<br \/>\nBild: Teckentrup<\/p>\n<p>&nbsp;<\/p>\n<hr \/>\n<p>&nbsp;<\/p>\n<p>Abdruck honorarfrei, Belegexemplar erbeten<\/p>\n","protected":false},"excerpt":{"rendered":"<p>Teckentrup CarTeck Aktion 2025: Seit Mai gibt es das CarTeck-Garagen-Sektionaltor \u2013 Testsieger beim gro\u00dfen Bild-Produkttest \u201eTop Marke Haus &#038; Wohnen\u201c \u2013 zum attraktiven Aktionspreis.<\/p>\n","protected":false},"author":9,"featured_media":17585,"comment_status":"closed","ping_status":"open","sticky":false,"template":"","format":"standard","meta":{"footnotes":""},"categories":[18],"tags":[102,2964,217,218,565],"class_list":["post-17587","post","type-post","status-publish","format-standard","has-post-thumbnail","hentry","category-teckentrup","tag-carteck","tag-carteck-aktion","tag-garage","tag-garagentor","tag-teckentrup"],"_links":{"self":[{"href":"https:\/\/www.pr-neu.de\/newsroom\/wp-json\/wp\/v2\/posts\/17587","targetHints":{"allow":["GET"]}}],"collection":[{"href":"https:\/\/www.pr-neu.de\/newsroom\/wp-json\/wp\/v2\/posts"}],"about":[{"href":"https:\/\/www.pr-neu.de\/newsroom\/wp-json\/wp\/v2\/types\/post"}],"author":[{"embeddable":true,"href":"https:\/\/www.pr-neu.de\/newsroom\/wp-json\/wp\/v2\/users\/9"}],"replies":[{"embeddable":true,"href":"https:\/\/www.pr-neu.de\/newsroom\/wp-json\/wp\/v2\/comments?post=17587"}],"version-history":[{"count":1,"href":"https:\/\/www.pr-neu.de\/newsroom\/wp-json\/wp\/v2\/posts\/17587\/revisions"}],"predecessor-version":[{"id":17588,"href":"https:\/\/www.pr-neu.de\/newsroom\/wp-json\/wp\/v2\/posts\/17587\/revisions\/17588"}],"wp:featuredmedia":[{"embeddable":true,"href":"https:\/\/www.pr-neu.de\/newsroom\/wp-json\/wp\/v2\/media\/17585"}],"wp:attachment":[{"href":"https:\/\/www.pr-neu.de\/newsroom\/wp-json\/wp\/v2\/media?parent=17587"}],"wp:term":[{"taxonomy":"category","embeddable":true,"href":"https:\/\/www.pr-neu.de\/newsroom\/wp-json\/wp\/v2\/categories?post=17587"},{"taxonomy":"post_tag","embeddable":true,"href":"https:\/\/www.pr-neu.de\/newsroom\/wp-json\/wp\/v2\/tags?post=17587"}],"curies":[{"name":"wp","href":"https:\/\/api.w.org\/{rel}","templated":true}]}}