{"id":17584,"date":"2025-05-05T09:32:10","date_gmt":"2025-05-05T07:32:10","guid":{"rendered":"https:\/\/www.pr-neu.de\/newsroom\/?p=17584"},"modified":"2025-05-05T09:35:55","modified_gmt":"2025-05-05T07:35:55","slug":"testsieger-aktion-startet-im-mai","status":"publish","type":"post","link":"https:\/\/www.pr-neu.de\/newsroom\/testsieger-aktion-startet-im-mai\/","title":{"rendered":"Testsieger-Aktion startet im Mai"},"content":{"rendered":"<p><u>CarTeck-Garagentor Aktion 2025: Teckentrup unterst\u00fctzt Handel und Handwerk<\/u><\/p>\n<p><strong>Im Mai ging es los: \u00dcber seine Fachpartner bietet Teckentrup ein modernes Garagen-Sektionaltor mit elektrischem Antrieb f\u00fcr Neubau oder Sanierung zum attraktiven Aktionspreis. Ein leistungsstarker Antrieb (Laufgeschwindigkeit bis 240 mm\/s) und ein Vier-Befehl-Handsender sind inklusive. Eins von vier weiteren Extras gibt es gleich dazu. H\u00e4ndler und Metallbaubetriebe profitieren vor allem vom umfangreichen Marketing-Support.<\/strong><\/p>\n<p>Garagennutzer erhalten ein Top-Angebot f\u00fcr ein CarTeck-Sektionaltor inklusive Antrieb, 4-Kanal-Handsender und einem weiteren frei w\u00e4hlbaren Extra \u2013 zweiter Handsender, Wandinnentaster, Lichtschranke oder ein zus\u00e4tzlicher Einbruchschutz (Magnet-Motorschloss), ganz nach individuellem Wunsch \u2013 ohne Aufpreis. Optisch stehen viele Optionen offen, von Bling White \u00fcber diverse Grau-\/Anthrazitt\u00f6ne bis zur Trendfarbe Tiefschwarz. Ebenfalls ohne Aufpreis gibt es den Zargenspiegel in Torfarbe.<\/p>\n<p>Die hochwertigen CarTeck-Garagentore stehen f\u00fcr Sicherheit, Design und Langlebigkeit. Das wurde auch von Kunden best\u00e4tigt, die Teckentrup Garagentore 2025 zum Testsieger gek\u00fcrt haben.<\/p>\n<p>Davon profitieren auch Metallbauer und Bauelemente-Fachh\u00e4ndler: Mit der \u201eCarTeck Garagentor-Aktion 2025\u201c bietet Teckentrup zum Testsiegertor umfangreiche, ma\u00dfgeschneiderte Marketing-Pakete f\u00fcr den Kundendialog mit Garageneigent\u00fcmern. Info- und Produkt-Flyer, Anzeigen-vorlagen, Media-Schaltungen in Bauherren-Magazinen und Leadgenerierung \u00fcber Google Ads sowie Social Media sorgen f\u00fcr eine erh\u00f6hte Nachfrage. Alle eingehenden Leads werden registrierten Kunden im Angebotsportal kostenfrei zur Verf\u00fcgung gestellt. \u201eViele finden unsere Kunden direkt im Teckentrup Marketingcenter. Sie k\u00f6nnen diese dort bearbeiten und mit ihrem Logo und ihren Daten selbstst\u00e4ndig \u00fcberarbeiten und f\u00fcr sich nutzen. Der sechsseitige Flyer ist dort sogar noch weiter individualisierbar. So k\u00f6nnen sie die Aktionen ganz nach ihren W\u00fcnschen aufbauen\u201c, res\u00fcmiert Uwe G\u00f6tze, Marketingleiter bei Teckentrup. Der Service reicht bis zu einem passenden Baustein f\u00fcr die eigene Website: Hier l\u00e4sst sich der \u201ePromotion-Konfigurator\u201c einbinden. Mit nur sieben Klicks kommt hier jeder Kunde zu seinem eigenen Traumtor und kann direkt online seine Anfrage beim Verarbeiter oder H\u00e4ndler platzieren.<\/p>\n<p>F\u00fcr die weitere Ausstattung des Tors hat der Hersteller zus\u00e4tzliche Angebote zum Sonderpreis zusammengestellt: Die Aktionspakete \u201eStyle\u201c und \u201eDesign\u201c bieten besonders attraktive Oberfl\u00e4chen und Optiken, die Zusatzpakete werten die Ausstattung auf. Das Zusatzpaket \u201eSicherheit\u201c erh\u00f6ht den Einbruchschutz. Der Kunde bekommt ein RC2-zertifiziertes Tor und damit die von der Polizei empfohlene Einbruchschutz-Klasse. Im Zusatzpaket \u201eLicht\u201c sind die LED-L\u00f6sungen f\u00fcr eine optimale Ausleuchtung vor und in der Garage zusammengefasst. Die Innen- und Au\u00dfenbeleuchtung kann einzeln oder im Duo dazu gebucht werden. Das \u201eKomfort\u201c-Zusatzpaket umfasst einen zus\u00e4tzlichen Wandtaster, der per Code und ohne Stromanschluss bequemes \u00d6ffnen und Schlie\u00dfen des Tores erm\u00f6glicht. Mit dieser Angebotsbreite findet jede Baufamilie das f\u00fcr sie passende Tor.<\/p>\n<p>Mehr Infos: f\u00fcr registrierte User im Teckentrup-Profiportal.<br \/>\nLaufzeit: 01.05.2025 bis 28.02.2026<\/p>\n<p>&nbsp;<\/p>\n<hr \/>\n<p>&nbsp;<\/p>\n<p><strong>CarTeck-Aktion 2025<\/strong><br \/>\n<strong>Basispaket<\/strong> CarTeck-Garagentor GSW 40 mit Mittelsicke, Antrieb CarTeck Drive 600, 4-Kanal-Handsender<br \/>\n<strong>Ein frei w\u00e4hlbares kostenfreies Extra f\u00fcr Endkunden:<\/strong><br \/>\n\u2022 Zweiter 4-Kanal-Handsender<br \/>\n\u2022 Lichtschranke<br \/>\n\u2022 Wandinnentaster<br \/>\n\u2022 Verriegelungsmagnet (zus\u00e4tzlicher Einbruchschutz)<br \/>\n<strong>UVP f\u00fcr Endkunden<\/strong>: ab 1.049 Euro<\/p>\n<p><strong>Zusatzpakete<\/strong>:<br \/>\n\u2022 <strong>Stylepaket<\/strong> mit Torblatt in Mittelsicke, glatter Oberfl\u00e4che und zus\u00e4tzlichem Holzdekor<br \/>\n\u2022 <strong>Designpaket<\/strong> mit Torblatt ohne Sicke, glatter Oberfl\u00e4che und zus\u00e4tzlichem Holzdekor<br \/>\n\u2022 <strong>Sicherheitspaket<\/strong> mit RC2-Zertifizierung<br \/>\n\u2022 <strong>Lichtpaket<\/strong> mit LED-Beleuchtung f\u00fcr innen und au\u00dfen<br \/>\n\u2022 <strong>Komfortpaket<\/strong> mit Wandtaster ENTRApin+<\/p>\n<p>Die <strong>Werbemittel<\/strong> (z.T. gegen Kostenbeteiligung):<br \/>\n\u2022 Roll-Ups, Plakate, Salesfolder, Zaunplanen, Thekenaufsteller<br \/>\n\u2022 Onlinebanner<br \/>\n\u2022 Social Media Vorlagen und Reels<br \/>\n\u2022 Content f\u00fcr Homepage inkl. Promotion-Konfigurator<br \/>\n\u2022 Individueller Aktionsflyer<br \/>\n\u2022 St\u00e4nder Paneel-Muster<\/p>\n<p>&nbsp;<\/p>\n<hr \/>\n<p>&nbsp;<\/p>\n<p><a href=\"http:\/\/www.pr-neu.de\/newsroom\/wordpress\/wp-content\/uploads\/2025\/05\/25_06_Carteck_2025_Testsieger_K.jpg\" target=\"_blank\" rel=\"noopener\"><img loading=\"lazy\" decoding=\"async\" class=\"aligncenter wp-image-17585 size-medium\" src=\"http:\/\/www.pr-neu.de\/newsroom\/wordpress\/wp-content\/uploads\/2025\/05\/25_06_Carteck_2025_Testsieger_K-300x300.jpg\" alt=\"\" width=\"300\" height=\"300\" srcset=\"https:\/\/www.pr-neu.de\/newsroom\/wordpress\/wp-content\/uploads\/2025\/05\/25_06_Carteck_2025_Testsieger_K-300x300.jpg 300w, https:\/\/www.pr-neu.de\/newsroom\/wordpress\/wp-content\/uploads\/2025\/05\/25_06_Carteck_2025_Testsieger_K-1024x1024.jpg 1024w, https:\/\/www.pr-neu.de\/newsroom\/wordpress\/wp-content\/uploads\/2025\/05\/25_06_Carteck_2025_Testsieger_K-150x150.jpg 150w, https:\/\/www.pr-neu.de\/newsroom\/wordpress\/wp-content\/uploads\/2025\/05\/25_06_Carteck_2025_Testsieger_K-768x768.jpg 768w, https:\/\/www.pr-neu.de\/newsroom\/wordpress\/wp-content\/uploads\/2025\/05\/25_06_Carteck_2025_Testsieger_K-1536x1536.jpg 1536w, https:\/\/www.pr-neu.de\/newsroom\/wordpress\/wp-content\/uploads\/2025\/05\/25_06_Carteck_2025_Testsieger_K-2048x2048.jpg 2048w, https:\/\/www.pr-neu.de\/newsroom\/wordpress\/wp-content\/uploads\/2025\/05\/25_06_Carteck_2025_Testsieger_K-250x250.jpg 250w, https:\/\/www.pr-neu.de\/newsroom\/wordpress\/wp-content\/uploads\/2025\/05\/25_06_Carteck_2025_Testsieger_K-125x125.jpg 125w, https:\/\/www.pr-neu.de\/newsroom\/wordpress\/wp-content\/uploads\/2025\/05\/25_06_Carteck_2025_Testsieger_K-110x110.jpg 110w, https:\/\/www.pr-neu.de\/newsroom\/wordpress\/wp-content\/uploads\/2025\/05\/25_06_Carteck_2025_Testsieger_K-420x420.jpg 420w, https:\/\/www.pr-neu.de\/newsroom\/wordpress\/wp-content\/uploads\/2025\/05\/25_06_Carteck_2025_Testsieger_K-430x430.jpg 430w\" sizes=\"auto, (max-width: 300px) 100vw, 300px\" \/><\/a><\/p>\n<p style=\"text-align: center;\">Teckentrup Garagentore sind nicht nur Testsieger beim Bild-Text \u201eTop Marke Haus &amp; Wohnen\u201c, sie sind auch \u201emade in Germany\u201c. Seit 90 Jahren entwickelt und fertigt das Unternehmen mit Sitz in Verl seine Produkte ausschlie\u00dflich in Deutschland.<br \/>\nBild: Teckentrup<\/p>\n<p>&nbsp;<\/p>\n<hr \/>\n<p>&nbsp;<\/p>\n<p>Abdruck honorarfrei, Belegexemplar erbeten<\/p>\n","protected":false},"excerpt":{"rendered":"<p>CarTeck-Garagentor Aktion 2025: \u00dcber seine Fachpartner bietet Teckentrup ein modernes Garagen-Sektionaltor mit elektrischem Antrieb f\u00fcr Neubau oder Sanierung zum attraktiven Aktionspreis.<\/p>\n","protected":false},"author":9,"featured_media":17585,"comment_status":"closed","ping_status":"open","sticky":false,"template":"","format":"standard","meta":{"footnotes":""},"categories":[18],"tags":[102,2964,3324,217,218,565],"class_list":["post-17584","post","type-post","status-publish","format-standard","has-post-thumbnail","hentry","category-teckentrup","tag-carteck","tag-carteck-aktion","tag-fach","tag-garage","tag-garagentor","tag-teckentrup"],"_links":{"self":[{"href":"https:\/\/www.pr-neu.de\/newsroom\/wp-json\/wp\/v2\/posts\/17584","targetHints":{"allow":["GET"]}}],"collection":[{"href":"https:\/\/www.pr-neu.de\/newsroom\/wp-json\/wp\/v2\/posts"}],"about":[{"href":"https:\/\/www.pr-neu.de\/newsroom\/wp-json\/wp\/v2\/types\/post"}],"author":[{"embeddable":true,"href":"https:\/\/www.pr-neu.de\/newsroom\/wp-json\/wp\/v2\/users\/9"}],"replies":[{"embeddable":true,"href":"https:\/\/www.pr-neu.de\/newsroom\/wp-json\/wp\/v2\/comments?post=17584"}],"version-history":[{"count":1,"href":"https:\/\/www.pr-neu.de\/newsroom\/wp-json\/wp\/v2\/posts\/17584\/revisions"}],"predecessor-version":[{"id":17586,"href":"https:\/\/www.pr-neu.de\/newsroom\/wp-json\/wp\/v2\/posts\/17584\/revisions\/17586"}],"wp:featuredmedia":[{"embeddable":true,"href":"https:\/\/www.pr-neu.de\/newsroom\/wp-json\/wp\/v2\/media\/17585"}],"wp:attachment":[{"href":"https:\/\/www.pr-neu.de\/newsroom\/wp-json\/wp\/v2\/media?parent=17584"}],"wp:term":[{"taxonomy":"category","embeddable":true,"href":"https:\/\/www.pr-neu.de\/newsroom\/wp-json\/wp\/v2\/categories?post=17584"},{"taxonomy":"post_tag","embeddable":true,"href":"https:\/\/www.pr-neu.de\/newsroom\/wp-json\/wp\/v2\/tags?post=17584"}],"curies":[{"name":"wp","href":"https:\/\/api.w.org\/{rel}","templated":true}]}}