{"id":17572,"date":"2025-04-23T08:00:54","date_gmt":"2025-04-23T06:00:54","guid":{"rendered":"https:\/\/www.pr-neu.de\/newsroom\/?p=17572"},"modified":"2025-04-16T14:11:37","modified_gmt":"2025-04-16T12:11:37","slug":"spachtel-fuer-fugen-und-flaechen","status":"publish","type":"post","link":"https:\/\/www.pr-neu.de\/newsroom\/spachtel-fuer-fugen-und-flaechen\/","title":{"rendered":"Spachtel f\u00fcr Fugen und Fl\u00e4chen"},"content":{"rendered":"<p>&nbsp;<\/p>\n<p><u>StoLevell In FF: Neue past\u00f6se Spachtelmasse<\/u><\/p>\n<p><strong>Eine neue past\u00f6se Fertig-Spachtelmasse beschleunigt und vereinfacht jetzt das Verspachteln von Gipskartonplatten und Betonoberfl\u00e4chen: StoLevell In FF eignet sich f\u00fcr Fugen und Fl\u00e4chen zugleich.<\/strong><\/p>\n<p>F\u00fcr glatte Innenw\u00e4nde gilt: Die fertige Oberfl\u00e4che ist immer nur so gut wie ihr Untergrund. Deshalb ist je nach Schlussbeschichtung eine Vorbehandlung der Qualit\u00e4tsstufen Q1 bis Q4 erforderlich. Mit dem neuen verarbeitungsfertigen StoLevell In FF l\u00e4sst sich diese Anforderung im Nu erf\u00fcllen. Die Spachtelmasse l\u00e4sst sich direkt aus dem Eimer auf mineralischen und organischen Untergr\u00fcnden mit der Traufel geschmeidig aufziehen \u2013 bis zu einer Schichtdicke von f\u00fcnf Millimetern pro Arbeitsgang. Sie ist pr\u00e4destiniert, Betonfertigteile und Gipskartonplatten zu \u00fcberarbeiten sowie alte Kratzputzoberfl\u00e4chen mit Korn 3 zu renovieren. Bei gr\u00f6\u00dferen Objekten l\u00e4sst sich die Spachtelmasse rationell mit Airless-Ger\u00e4ten applizieren.<\/p>\n<p>Der Zeitvorteil gegen\u00fcber pulvrigen Spachtelmassen: Das Anmischen entf\u00e4llt und das Material bindet nicht im Eimer ab. Beim Verspachteln von Fugen l\u00e4sst es sich unaufger\u00fchrt verwenden, um die kompakte Textur zu erhalten. In die Fuge wird ein Glasgewebeband eingespachtelt. F\u00fcr die Fl\u00e4che wird das Material im Eimer aufger\u00fchrt. Die mineralischen F\u00fcllstoffe sorgen daf\u00fcr, dass StoLevell In FF so schnell entl\u00fcftet, dass die gesamte Schicht in wenigen Stunden trocknet. So ist es bereits am n\u00e4chsten Tag \u00fcberarbeitbar. Bei Bedarf wird eine zweite Lage aufgezogen. Nach erneuter Trocknung ist die Spachtelmasse sehr gut schleifbar.<\/p>\n<p><strong>Perfektes Finish f\u00fcr makellose Oberfl\u00e4chen<\/strong><\/p>\n<p>F\u00fcr planebene Oberfl\u00e4chen kommt ein riss\u00fcberbr\u00fcckendes Malervlies zum Einsatz, insbesondere bei Bestandssanierungen. Als Schlussbeschichtungen eignen sich beispielsweise streiflichtunempfindliche Innenfarben wie StoColor Rapid Ultramatt oder StoColor Sil Comfort. Weitere Gestaltungsm\u00f6glichkeiten mit Textur er\u00f6ffnen Innenputze wie StoDecosit. Mehr Infos: sto.de<\/p>\n<p>&nbsp;<\/p>\n<hr \/>\n<p>&nbsp;<\/p>\n<p><a href=\"http:\/\/www.pr-neu.de\/newsroom\/wordpress\/wp-content\/uploads\/2025\/04\/25-11_StoLevell_In_FF_K.jpg\" target=\"_blank\" rel=\"noopener\"><img loading=\"lazy\" decoding=\"async\" class=\"aligncenter wp-image-17575 size-medium\" src=\"http:\/\/www.pr-neu.de\/newsroom\/wordpress\/wp-content\/uploads\/2025\/04\/25-11_StoLevell_In_FF_K-300x200.jpg\" alt=\"\" width=\"300\" height=\"200\" srcset=\"https:\/\/www.pr-neu.de\/newsroom\/wordpress\/wp-content\/uploads\/2025\/04\/25-11_StoLevell_In_FF_K-300x200.jpg 300w, https:\/\/www.pr-neu.de\/newsroom\/wordpress\/wp-content\/uploads\/2025\/04\/25-11_StoLevell_In_FF_K-1024x683.jpg 1024w, https:\/\/www.pr-neu.de\/newsroom\/wordpress\/wp-content\/uploads\/2025\/04\/25-11_StoLevell_In_FF_K-768x512.jpg 768w, https:\/\/www.pr-neu.de\/newsroom\/wordpress\/wp-content\/uploads\/2025\/04\/25-11_StoLevell_In_FF_K-1536x1024.jpg 1536w, https:\/\/www.pr-neu.de\/newsroom\/wordpress\/wp-content\/uploads\/2025\/04\/25-11_StoLevell_In_FF_K-2048x1365.jpg 2048w, https:\/\/www.pr-neu.de\/newsroom\/wordpress\/wp-content\/uploads\/2025\/04\/25-11_StoLevell_In_FF_K-110x73.jpg 110w, https:\/\/www.pr-neu.de\/newsroom\/wordpress\/wp-content\/uploads\/2025\/04\/25-11_StoLevell_In_FF_K-420x280.jpg 420w, https:\/\/www.pr-neu.de\/newsroom\/wordpress\/wp-content\/uploads\/2025\/04\/25-11_StoLevell_In_FF_K-645x430.jpg 645w\" sizes=\"auto, (max-width: 300px) 100vw, 300px\" \/><\/a><\/p>\n<p style=\"text-align: center;\">Ob mit der Traufel oder bei gr\u00f6\u00dferen Fl\u00e4chen mit dem Airlessger\u00e4t: StoLevell In FF beschleunigt die Verspachtelung von Gipskartonplatten und ist auch in den Fugen einsetzbar.<br \/>\nBild: Martin Duckek \/ Sto SE &amp; Co. KGaA<\/p>\n<p>&nbsp;<\/p>\n<hr \/>\n<p>&nbsp;<\/p>\n<p>Abdruck honorarfrei, Belegexemplar erbeten<\/p>\n","protected":false},"excerpt":{"rendered":"<p>Eine neue past\u00f6se Fertig-Spachtelmasse beschleunigt und vereinfacht jetzt das Verspachteln von Gipskartonplatten und Betonoberfl\u00e4chen: StoLevell In FF eignet sich f\u00fcr Fugen und Fl\u00e4chen zugleich.<\/p>\n","protected":false},"author":9,"featured_media":17575,"comment_status":"closed","ping_status":"open","sticky":false,"template":"","format":"standard","meta":{"footnotes":""},"categories":[15],"tags":[1749,382,2816,3322,504,523,617],"class_list":["post-17572","post","type-post","status-publish","format-standard","has-post-thumbnail","hentry","category-sto","tag-fugen","tag-oberflache","tag-spachtel","tag-spachtelmasse","tag-sto-2","tag-stolevell","tag-wand"],"_links":{"self":[{"href":"https:\/\/www.pr-neu.de\/newsroom\/wp-json\/wp\/v2\/posts\/17572","targetHints":{"allow":["GET"]}}],"collection":[{"href":"https:\/\/www.pr-neu.de\/newsroom\/wp-json\/wp\/v2\/posts"}],"about":[{"href":"https:\/\/www.pr-neu.de\/newsroom\/wp-json\/wp\/v2\/types\/post"}],"author":[{"embeddable":true,"href":"https:\/\/www.pr-neu.de\/newsroom\/wp-json\/wp\/v2\/users\/9"}],"replies":[{"embeddable":true,"href":"https:\/\/www.pr-neu.de\/newsroom\/wp-json\/wp\/v2\/comments?post=17572"}],"version-history":[{"count":3,"href":"https:\/\/www.pr-neu.de\/newsroom\/wp-json\/wp\/v2\/posts\/17572\/revisions"}],"predecessor-version":[{"id":17576,"href":"https:\/\/www.pr-neu.de\/newsroom\/wp-json\/wp\/v2\/posts\/17572\/revisions\/17576"}],"wp:featuredmedia":[{"embeddable":true,"href":"https:\/\/www.pr-neu.de\/newsroom\/wp-json\/wp\/v2\/media\/17575"}],"wp:attachment":[{"href":"https:\/\/www.pr-neu.de\/newsroom\/wp-json\/wp\/v2\/media?parent=17572"}],"wp:term":[{"taxonomy":"category","embeddable":true,"href":"https:\/\/www.pr-neu.de\/newsroom\/wp-json\/wp\/v2\/categories?post=17572"},{"taxonomy":"post_tag","embeddable":true,"href":"https:\/\/www.pr-neu.de\/newsroom\/wp-json\/wp\/v2\/tags?post=17572"}],"curies":[{"name":"wp","href":"https:\/\/api.w.org\/{rel}","templated":true}]}}