{"id":17568,"date":"2025-04-08T09:02:09","date_gmt":"2025-04-08T07:02:09","guid":{"rendered":"https:\/\/www.pr-neu.de\/newsroom\/?p=17568"},"modified":"2025-04-08T09:02:09","modified_gmt":"2025-04-08T07:02:09","slug":"oliver-hans-neuer-leiter-stodesign","status":"publish","type":"post","link":"https:\/\/www.pr-neu.de\/newsroom\/oliver-hans-neuer-leiter-stodesign\/","title":{"rendered":"Oliver Hans: Neuer Leiter StoDesign"},"content":{"rendered":"<p><u>Peter Appenzeller geht in den Ruhestand<\/u><\/p>\n<p><strong>Oliver Hans \u00fcbernimmt zum 1. Mai 2025 die Leitung von StoDesign und StoForum. Er folgt auf Peter Appenzeller, der nach 38-j\u00e4hriger T\u00e4tigkeit beim Fassadenspezialisten Sto in den Ruhestand tritt.<\/strong><\/p>\n<p>Nach seiner Schreinerlehre und dem Architekturstudium in Aachen sammelte Oliver Hans praktische Erfahrung als Architekt, bevor er mit einem Master of Science f\u00fcr Ressourcenoptimiertes Bauen an der Universit\u00e4t Wuppertal seine Kompetenz vertiefte. Dort forschte er anschlie\u00dfend zu energieeffizienten Geb\u00e4uden am Lehrstuhl f\u00fcr Bauphysik und TGA. Zuletzt war er Head of Innovation Projects and Futures Research bei Sch\u00fcco. Mit dem interdisziplin\u00e4ren Team von Spezialisten bei StoDesign werden Planer und Investoren in der Entwicklung professioneller Farb- und Materialkonzepte begleitet, die von individuellen Innenraum- und Fassadenl\u00f6sungen bis zur Gestaltung ganzer Stadtbilder reichen. Das Ziel von Oliver Hans ist es, Gestaltung und Funktionalit\u00e4t nachhaltig und auf h\u00f6chstem Niveau zukunftsorientiert im Design zu vereinen. Das StoForum \u00fcbernimmt dabei eine zentrale Rolle in der Produkt- und Design-Kommunikation. Es fungiert als Plattform f\u00fcr Wissensvermittlung, Inspiration und Dialog rund um innovative Gestaltungsl\u00f6sungen.<\/p>\n<p>&nbsp;<\/p>\n<hr \/>\n<p>&nbsp;<\/p>\n<p><a href=\"http:\/\/www.pr-neu.de\/newsroom\/wordpress\/wp-content\/uploads\/2025\/04\/25_02_Hans_Oliver_K.jpg\" target=\"_blank\" rel=\"noopener\"><img loading=\"lazy\" decoding=\"async\" class=\"aligncenter wp-image-17569 size-medium\" src=\"http:\/\/www.pr-neu.de\/newsroom\/wordpress\/wp-content\/uploads\/2025\/04\/25_02_Hans_Oliver_K-300x200.jpg\" alt=\"Oliver Hans leitet ab Mai 2025 StoDesign.\" width=\"300\" height=\"200\" srcset=\"https:\/\/www.pr-neu.de\/newsroom\/wordpress\/wp-content\/uploads\/2025\/04\/25_02_Hans_Oliver_K-300x200.jpg 300w, https:\/\/www.pr-neu.de\/newsroom\/wordpress\/wp-content\/uploads\/2025\/04\/25_02_Hans_Oliver_K-1024x683.jpg 1024w, https:\/\/www.pr-neu.de\/newsroom\/wordpress\/wp-content\/uploads\/2025\/04\/25_02_Hans_Oliver_K-768x512.jpg 768w, https:\/\/www.pr-neu.de\/newsroom\/wordpress\/wp-content\/uploads\/2025\/04\/25_02_Hans_Oliver_K-1536x1025.jpg 1536w, https:\/\/www.pr-neu.de\/newsroom\/wordpress\/wp-content\/uploads\/2025\/04\/25_02_Hans_Oliver_K-2048x1366.jpg 2048w, https:\/\/www.pr-neu.de\/newsroom\/wordpress\/wp-content\/uploads\/2025\/04\/25_02_Hans_Oliver_K-110x73.jpg 110w, https:\/\/www.pr-neu.de\/newsroom\/wordpress\/wp-content\/uploads\/2025\/04\/25_02_Hans_Oliver_K-420x280.jpg 420w, https:\/\/www.pr-neu.de\/newsroom\/wordpress\/wp-content\/uploads\/2025\/04\/25_02_Hans_Oliver_K-645x430.jpg 645w\" sizes=\"auto, (max-width: 300px) 100vw, 300px\" \/><\/a><\/p>\n<p style=\"text-align: center;\">Oliver Hans leitet ab Mai 2025 StoDesign.<br \/>\nBild: Sto SE &amp; Co. KGaA<\/p>\n<p>&nbsp;<\/p>\n<hr \/>\n<p>&nbsp;<\/p>\n<p>Abdruck honorarfrei, Belegexemplar erbeten<\/p>\n","protected":false},"excerpt":{"rendered":"<p>Oliver Hans \u00fcbernimmt zum 1. Mai 2025 die Leitung von StoDesign und StoForum. Er folgt auf Peter Appenzeller, der nach 38-j\u00e4hriger T\u00e4tigkeit beim Fassadenspezialisten Sto in den Ruhestand tritt.<\/p>\n","protected":false},"author":9,"featured_media":17569,"comment_status":"closed","ping_status":"open","sticky":false,"template":"","format":"standard","meta":{"footnotes":""},"categories":[15],"tags":[1897,393,1751,504,2217,3320,1757],"class_list":["post-17568","post","type-post","status-publish","format-standard","has-post-thumbnail","hentry","category-sto","tag-management","tag-personalia","tag-personalie","tag-sto-2","tag-stodesign","tag-stoforum","tag-unternehmen"],"_links":{"self":[{"href":"https:\/\/www.pr-neu.de\/newsroom\/wp-json\/wp\/v2\/posts\/17568","targetHints":{"allow":["GET"]}}],"collection":[{"href":"https:\/\/www.pr-neu.de\/newsroom\/wp-json\/wp\/v2\/posts"}],"about":[{"href":"https:\/\/www.pr-neu.de\/newsroom\/wp-json\/wp\/v2\/types\/post"}],"author":[{"embeddable":true,"href":"https:\/\/www.pr-neu.de\/newsroom\/wp-json\/wp\/v2\/users\/9"}],"replies":[{"embeddable":true,"href":"https:\/\/www.pr-neu.de\/newsroom\/wp-json\/wp\/v2\/comments?post=17568"}],"version-history":[{"count":1,"href":"https:\/\/www.pr-neu.de\/newsroom\/wp-json\/wp\/v2\/posts\/17568\/revisions"}],"predecessor-version":[{"id":17570,"href":"https:\/\/www.pr-neu.de\/newsroom\/wp-json\/wp\/v2\/posts\/17568\/revisions\/17570"}],"wp:featuredmedia":[{"embeddable":true,"href":"https:\/\/www.pr-neu.de\/newsroom\/wp-json\/wp\/v2\/media\/17569"}],"wp:attachment":[{"href":"https:\/\/www.pr-neu.de\/newsroom\/wp-json\/wp\/v2\/media?parent=17568"}],"wp:term":[{"taxonomy":"category","embeddable":true,"href":"https:\/\/www.pr-neu.de\/newsroom\/wp-json\/wp\/v2\/categories?post=17568"},{"taxonomy":"post_tag","embeddable":true,"href":"https:\/\/www.pr-neu.de\/newsroom\/wp-json\/wp\/v2\/tags?post=17568"}],"curies":[{"name":"wp","href":"https:\/\/api.w.org\/{rel}","templated":true}]}}