{"id":17552,"date":"2025-03-27T08:00:56","date_gmt":"2025-03-27T07:00:56","guid":{"rendered":"https:\/\/www.pr-neu.de\/newsroom\/?p=17552"},"modified":"2025-03-26T15:45:28","modified_gmt":"2025-03-26T14:45:28","slug":"teckentrup-gmbh-co-kg-bleibt-unabhaengiges-familienunternehmen","status":"publish","type":"post","link":"https:\/\/www.pr-neu.de\/newsroom\/teckentrup-gmbh-co-kg-bleibt-unabhaengiges-familienunternehmen\/","title":{"rendered":"Teckentrup GmbH &#038; Co. KG bleibt unabh\u00e4ngiges Familienunternehmen"},"content":{"rendered":"<p><u>Keine Verkaufsabsichten an Arbonia AG oder andere Interessenten<\/u><\/p>\n<p><b>Die Teckentrup GmbH &amp; Co. KG, einer der f\u00fchrenden Hersteller von T\u00fcren und Toren in Europa, dementiert entschieden die j\u00fcngsten Ger\u00fcchte \u00fcber eine m\u00f6gliche \u00dcbernahme durch die Arbonia AG oder andere Interessenten.<\/b><\/p>\n<p>Kai Teckentrup, Mehrheitsgesellschafter der Teckentrup GmbH &amp; Co. KG, stellt klar: &#8222;Als Familienunternehmen mit \u00fcber 90-j\u00e4hriger Tradition stehen wir fest zu unseren Wurzeln. Wir haben weder einen Verkauf vollzogen noch bestehen entsprechende Absichten. Unsere Unabh\u00e4ngigkeit ist ein wesentlicher Bestandteil unserer Unternehmensidentit\u00e4t und wird es auch in Zukunft bleiben.&#8220; Teckentrup betont, dass das Unternehmen weiterhin auf Wachstum und Innovation setzt. Mit \u00fcber 800 engagierten Mitarbeitern an den Standorten Verl und Gro\u00dfz\u00f6beritz bleibt Teckentrup seinem Leitbild treu, erstklassige Produkte und Services anzubieten und gemeinsam mit seinen Partnern nachhaltig zu wachsen. &#8222;Trotz meines k\u00fcrzlichen Wechsels aus der Gesch\u00e4ftsf\u00fchrung in den Beirat bleibe ich dem Unternehmen mit unver\u00e4nderter Leidenschaft verbunden&#8220;, f\u00fcgt Teckentrup hinzu. &#8222;Gemeinsam mit unseren neuen Gesch\u00e4ftsf\u00fchrern Christian Hanke und Jens Heckenm\u00fcller werden wir Teckentrup in eine vielversprechende Zukunft f\u00fchren und an die bisherigen Erfolge ankn\u00fcpfen.&#8220;<\/p>\n<p>Das Unternehmen bekr\u00e4ftigt sein Engagement f\u00fcr die Weiterentwicklung innovativer und nachhaltiger L\u00f6sungen in den Bereichen Design, Sicherheit und Service. Mit einem stetig wachsenden Jahresumsatz und einer starken Marktposition ist Teckentrup gut aufgestellt, um als unabh\u00e4ngiges Familienunternehmen weiterhin erfolgreich zu agieren.<\/p>\n<p>&nbsp;<\/p>\n<hr \/>\n<p>&nbsp;<\/p>\n<p><a href=\"http:\/\/www.pr-neu.de\/newsroom\/wordpress\/wp-content\/uploads\/2025\/03\/25_03_TT_GF_K.jpg\" target=\"_blank\" rel=\"noopener\"><img loading=\"lazy\" decoding=\"async\" class=\"aligncenter wp-image-17553 size-medium\" src=\"http:\/\/www.pr-neu.de\/newsroom\/wordpress\/wp-content\/uploads\/2025\/03\/25_03_TT_GF_K-300x200.jpg\" alt=\"Christian Hanke, Kai Teckentrup und Jens Heckenm\u00fcller (von links) stehen fest zu den Wurzeln von Teckentrup als Familienunternehmen und treiben die Entwicklung des Unternehmens gemeinsam voran.\" width=\"300\" height=\"200\" srcset=\"https:\/\/www.pr-neu.de\/newsroom\/wordpress\/wp-content\/uploads\/2025\/03\/25_03_TT_GF_K-300x200.jpg 300w, https:\/\/www.pr-neu.de\/newsroom\/wordpress\/wp-content\/uploads\/2025\/03\/25_03_TT_GF_K-1024x683.jpg 1024w, https:\/\/www.pr-neu.de\/newsroom\/wordpress\/wp-content\/uploads\/2025\/03\/25_03_TT_GF_K-768x512.jpg 768w, https:\/\/www.pr-neu.de\/newsroom\/wordpress\/wp-content\/uploads\/2025\/03\/25_03_TT_GF_K-1536x1025.jpg 1536w, https:\/\/www.pr-neu.de\/newsroom\/wordpress\/wp-content\/uploads\/2025\/03\/25_03_TT_GF_K-2048x1366.jpg 2048w, https:\/\/www.pr-neu.de\/newsroom\/wordpress\/wp-content\/uploads\/2025\/03\/25_03_TT_GF_K-110x73.jpg 110w, https:\/\/www.pr-neu.de\/newsroom\/wordpress\/wp-content\/uploads\/2025\/03\/25_03_TT_GF_K-420x280.jpg 420w, https:\/\/www.pr-neu.de\/newsroom\/wordpress\/wp-content\/uploads\/2025\/03\/25_03_TT_GF_K-645x430.jpg 645w\" sizes=\"auto, (max-width: 300px) 100vw, 300px\" \/><\/a><\/p>\n<p style=\"text-align: center;\">Christian Hanke, Kai Teckentrup und Jens Heckenm\u00fcller (von links) stehen fest zu den Wurzeln von Teckentrup als Familienunternehmen und treiben die Entwicklung des Unternehmens gemeinsam voran.<br \/>\nFoto: Teckentrup<\/p>\n<p>&nbsp;<\/p>\n<hr \/>\n<p>&nbsp;<\/p>\n<p>Abdruck honorarfrei, Belegexemplar erbeten<\/p>\n","protected":false},"excerpt":{"rendered":"<p>Die Teckentrup GmbH &#038; Co. KG, einer der f\u00fchrenden Hersteller von T\u00fcren und Toren in Europa, dementiert entschieden die j\u00fcngsten Ger\u00fcchte \u00fcber eine m\u00f6gliche \u00dcbernahme durch die Arbonia AG oder andere Interessenten.<\/p>\n","protected":false},"author":9,"featured_media":17553,"comment_status":"closed","ping_status":"open","sticky":false,"template":"","format":"standard","meta":{"footnotes":""},"categories":[18],"tags":[565,1757,3308],"class_list":["post-17552","post","type-post","status-publish","format-standard","has-post-thumbnail","hentry","category-teckentrup","tag-teckentrup","tag-unternehmen","tag-verl"],"_links":{"self":[{"href":"https:\/\/www.pr-neu.de\/newsroom\/wp-json\/wp\/v2\/posts\/17552","targetHints":{"allow":["GET"]}}],"collection":[{"href":"https:\/\/www.pr-neu.de\/newsroom\/wp-json\/wp\/v2\/posts"}],"about":[{"href":"https:\/\/www.pr-neu.de\/newsroom\/wp-json\/wp\/v2\/types\/post"}],"author":[{"embeddable":true,"href":"https:\/\/www.pr-neu.de\/newsroom\/wp-json\/wp\/v2\/users\/9"}],"replies":[{"embeddable":true,"href":"https:\/\/www.pr-neu.de\/newsroom\/wp-json\/wp\/v2\/comments?post=17552"}],"version-history":[{"count":2,"href":"https:\/\/www.pr-neu.de\/newsroom\/wp-json\/wp\/v2\/posts\/17552\/revisions"}],"predecessor-version":[{"id":17555,"href":"https:\/\/www.pr-neu.de\/newsroom\/wp-json\/wp\/v2\/posts\/17552\/revisions\/17555"}],"wp:featuredmedia":[{"embeddable":true,"href":"https:\/\/www.pr-neu.de\/newsroom\/wp-json\/wp\/v2\/media\/17553"}],"wp:attachment":[{"href":"https:\/\/www.pr-neu.de\/newsroom\/wp-json\/wp\/v2\/media?parent=17552"}],"wp:term":[{"taxonomy":"category","embeddable":true,"href":"https:\/\/www.pr-neu.de\/newsroom\/wp-json\/wp\/v2\/categories?post=17552"},{"taxonomy":"post_tag","embeddable":true,"href":"https:\/\/www.pr-neu.de\/newsroom\/wp-json\/wp\/v2\/tags?post=17552"}],"curies":[{"name":"wp","href":"https:\/\/api.w.org\/{rel}","templated":true}]}}