{"id":17538,"date":"2025-03-13T08:00:44","date_gmt":"2025-03-13T07:00:44","guid":{"rendered":"https:\/\/www.pr-neu.de\/newsroom\/?p=17538"},"modified":"2025-03-21T14:49:06","modified_gmt":"2025-03-21T13:49:06","slug":"bunter-blickfang","status":"publish","type":"post","link":"https:\/\/www.pr-neu.de\/newsroom\/bunter-blickfang\/","title":{"rendered":"Bunter Blickfang"},"content":{"rendered":"<p><u>Neubau Kinderzentrum Bethel, Bielefeld: Feuerschutz und Sicherheit im Fokus<\/u><\/p>\n<p><strong>Nach sechs Jahren Planung und Bauzeit er\u00f6ffnete im Sommer 2023 der Neubau des Kinderzentrums Bethel, eines der modernsten Kinderkrankenh\u00e4user Deutschlands, in Bielefeld. Von au\u00dfen besticht der markante Bau durch seine vielfarbige Fassade und gro\u00dfen Fensterfronten. Innen zeigt sich gerade in den Details die Liebe zu den jungen Patientinnen und Patienten. Hier wurde viel Wert auf eine nutzer- und patientenfreundliche Gestaltung gelegt. Das spiegelt sich auch in der Auswahl der T\u00fcren wider, bei der die spezifische Nutzung im Vordergrund stand. Teckentrup lieferte f\u00fcr das Projekt verschiedene T\u00fcren, insbesondere Feuerschutzabschl\u00fcsse, je nach Einsatzort in spezifizierten Ausf\u00fchrungen.<\/strong><\/p>\n<p>Mit dem Neubau des Kinderzentrums Bethel sollten die bis dato in zwei H\u00e4usern untergebrachten Abteilungen der Kinderheilkunde zu einer zeitgem\u00e4\u00dfen und funktionalen Kinderklinik zusammengefasst werden, bei der besonders auf die Bed\u00fcrfnisse der kleinen Patientinnen und Patienten eingegangen wird. Herausgekommen ist eines der modernsten Kinderkrankenh\u00e4user Deutschlands mit 146 Betten. J\u00e4hrlich werden hier rund 50.000 Kinder station\u00e4r oder ambulant betreut. Umsetzbar war das Projekt nur dank der Unterst\u00fctzung von \u00fcber 250.000 Spenderinnen und Spendern. 60 Millionen Euro und damit die H\u00e4lfte der Baukosten kamen durch Spenden zusammen.<\/p>\n<p>Gewinner des Wettbewerbs f\u00fcr den Klinik-Neubau war das Architekturb\u00fcro Hascher Jehle aus Berlin, nach deren Entwurf die Komposition mehrerer Bauk\u00f6rper mit quadratischem Grundriss entstand. Die Geb\u00e4ude reihen sich entlang der Talsohle an eine durchg\u00e4ngige Verbindungsachse, der sogenannten Magistrale. Die architektonisch markante Kuben-Struktur mit verh\u00e4ltnism\u00e4\u00dfig gro\u00dfer Fensterfl\u00e4che l\u00e4sst viel Tageslicht in die R\u00e4ume. Generell wurde viel Wert auf eine nutzer- und patientenfreundliche Gestaltung gelegt. Dies zeigt sich auch bei der Auswahl der T\u00fcren, bei deren Planung immer die jeweilige Nutzung und der Einbauort ber\u00fccksichtigt wurden. So sind beispielsweise beim Transport der sperrigen Klinikbetten der \u00d6ffnungswinkel und das rechtzeitige \u00d6ffnen der T\u00fcren entscheidend.<\/p>\n<p>Klaus R\u00f6sler, technischer Berater bei Hanke Bauelemente und verantwortlich f\u00fcr die technische Realisation der T\u00fcren in dem Objekt, unterstreicht die Bedeutung des Projekts f\u00fcr alle Beteiligten: \u201eDas Kinderzentrum war und ist eines der spannendsten und herausfordernsten, aber auch eines der sch\u00f6nsten Projekte. F\u00fcr Hanke Bauelemente war es das gr\u00f6\u00dfte in der Firmengeschichte. Das gilt sowohl vom Volumen, als auch von den technischen Herausforderungen und den Details der T\u00fcrenplanung. Ich durfte die Realisierung im Anschluss an die Vergabe von Anfang an begleiten. Mit Teckentrup hatten wir dabei einen kompetenten und l\u00f6sungsorientierten Partner an unserer Seite. Drei intensive Jahre liegen hinter uns, in der auch viel Herzblut in das Projekt geflossen ist. Umso sch\u00f6ner ist es, nun zu sehen, wof\u00fcr man dies getan hat und wie wertvoll dieser Ort f\u00fcr die kleinen Patientinnen und Patienten ist. Ein wahres Leuchtturm-Projekt.\u201c<\/p>\n<p>F\u00fcnf Kindertageskliniken auf 15.500 Quadratmeter Gesamtfl\u00e4che, 10.000 station\u00e4re Aufnahmen j\u00e4hrlich, weitere 40.000 ambulant und 25.000 Notaufnahme-F\u00e4lle. Damit sich hier keiner verirrt, helfen unterschiedliche Farbschemata und Tiermotive bei der Orientierung, insbesondere da viele der kleinen Kinder noch nicht lesen k\u00f6nnen. Entworfen vom K\u00fcnstler und Illustrator Samy L\u00f6we, zeigen die Motive an, wo man sich befindet. Bei so viel Fl\u00e4che kommt auch eine stattliche Anzahl an T\u00fcren zusammen \u2013 insgesamt 870. Insbesondere bei den Feuerschutzabschl\u00fcssen kommen Stahlt\u00fcren von Teckentrup in unterschiedlichen Ausf\u00fchrungen und Kombinationen zum Einsatz: vom Rauch- und Schallschutz \u00fcber Panikfunktionen, Drehfl\u00fcgelantriebe, Haftmagneten bis zu Lichtfenstern ist hier alles dabei. Ein Gro\u00dfteil der Brandschutzt\u00fcren befindet sich zudem auf Flucht- und Rettungswegen. Je nach Einbauort kommen daher bei den meisten dieser T\u00fcren im Klinikum Schl\u00f6sser mit einer Panikfunktion (D oder E) zum Einsatz.<\/p>\n<p>In frequentierten Durchgangsbereichen sorgt die T30 RS FSA-62 mit Lichtausschnitt in Kombination mit Drehfl\u00fcgelantrieb, Radar und Flatscan f\u00fcr einen barrierefreien und komfortablen Zugang. So ist eine hygienische und ber\u00fchrungslose T\u00fcrbegehung m\u00f6glich. Schl\u00f6sser mit Panikfunktion D gew\u00e4hrleisten in diesen Zonen, dass die Flucht- und Rettungsm\u00f6glichkeit jederzeit gegeben ist.<\/p>\n<p><strong>Vorbeugender Brandschutz in der Tiefgarage<\/strong><\/p>\n<p>Bei der Planung der Durchg\u00e4nge und Abschl\u00fcsse in Tiefgaragen haben vorbeugender Feuer- und Rauchschutz und die Sicherung der Flucht- und Rettungswege Priorit\u00e4t. Die Brandschutzma\u00dfnahmen m\u00fcssen der Entstehung und Ausbreitung eines Brandes entgegenwirken und Rauchentwicklungen lokal begrenzen. Im vorbeugenden Brandschutz m\u00fcssen Feuerschutzt\u00fcren selbstschlie\u00dfend sein. Daher sind die Elemente mit Obent\u00fcrschlie\u00dfern und Feststellanlagen ausgestattet. Starke Haftmagnete halten im Alltagsbetrieb die T\u00fcren offen. Damit sich die Durchg\u00e4nge bei einem Brand schlie\u00dfen, werden die Haftmagnete \u00fcber Rauchmelder stromlos geschaltet und die T\u00fcren \u00fcber T\u00fcrschlie\u00dfer automatisch geschlossen.<\/p>\n<p>&nbsp;<\/p>\n<hr \/>\n<p>&nbsp;<\/p>\n<p><strong>Bautafel<\/strong><\/p>\n<p>Bauherr: Ev. Krankenhaus Bielefeld gGmbH, Bielefeld<br \/>\nArchitekturb\u00fcro: Hascher Jehle Architektur, Berlin<br \/>\nBeratung, Montage und Wartung Tore\/T\u00fcren: Hanke Bauelemente OHG, Oerlinghausen<br \/>\nTeckentrup Produkte: 83 T\u00fcren (u.a. T30 FSA-62, T90 FSA-62, DW 62), 1 Rollgitter<br \/>\nNutzung: Kinderkrankenhaus mit 10.000 m\u00b2 Nutzfl\u00e4che, 146 Betten<br \/>\nEr\u00f6ffnung: 2023 (Planung\/Bau 2017-2023)<\/p>\n<p>&nbsp;<\/p>\n<hr \/>\n<p>&nbsp;<\/p>\n<p><a href=\"http:\/\/www.pr-neu.de\/newsroom\/wordpress\/wp-content\/uploads\/2025\/03\/25-01_Bethel_1_Neubau_Kinderkrankenhaus_K.jpg\" target=\"_blank\" rel=\"noopener\"><img loading=\"lazy\" decoding=\"async\" class=\"aligncenter wp-image-17539 size-medium\" src=\"http:\/\/www.pr-neu.de\/newsroom\/wordpress\/wp-content\/uploads\/2025\/03\/25-01_Bethel_1_Neubau_Kinderkrankenhaus_K-300x200.jpg\" alt=\"\" width=\"300\" height=\"200\" srcset=\"https:\/\/www.pr-neu.de\/newsroom\/wordpress\/wp-content\/uploads\/2025\/03\/25-01_Bethel_1_Neubau_Kinderkrankenhaus_K-300x200.jpg 300w, https:\/\/www.pr-neu.de\/newsroom\/wordpress\/wp-content\/uploads\/2025\/03\/25-01_Bethel_1_Neubau_Kinderkrankenhaus_K-1024x683.jpg 1024w, https:\/\/www.pr-neu.de\/newsroom\/wordpress\/wp-content\/uploads\/2025\/03\/25-01_Bethel_1_Neubau_Kinderkrankenhaus_K-768x512.jpg 768w, https:\/\/www.pr-neu.de\/newsroom\/wordpress\/wp-content\/uploads\/2025\/03\/25-01_Bethel_1_Neubau_Kinderkrankenhaus_K-1536x1024.jpg 1536w, https:\/\/www.pr-neu.de\/newsroom\/wordpress\/wp-content\/uploads\/2025\/03\/25-01_Bethel_1_Neubau_Kinderkrankenhaus_K-2048x1365.jpg 2048w, https:\/\/www.pr-neu.de\/newsroom\/wordpress\/wp-content\/uploads\/2025\/03\/25-01_Bethel_1_Neubau_Kinderkrankenhaus_K-110x73.jpg 110w, https:\/\/www.pr-neu.de\/newsroom\/wordpress\/wp-content\/uploads\/2025\/03\/25-01_Bethel_1_Neubau_Kinderkrankenhaus_K-420x280.jpg 420w, https:\/\/www.pr-neu.de\/newsroom\/wordpress\/wp-content\/uploads\/2025\/03\/25-01_Bethel_1_Neubau_Kinderkrankenhaus_K-645x430.jpg 645w\" sizes=\"auto, (max-width: 300px) 100vw, 300px\" \/><\/a><\/p>\n<p><a href=\"http:\/\/www.pr-neu.de\/newsroom\/wordpress\/wp-content\/uploads\/2025\/03\/25-01_Bethel_2_Kinderkrankenhaus_Aussen_K.jpg\" target=\"_blank\" rel=\"noopener\"><img loading=\"lazy\" decoding=\"async\" class=\"aligncenter wp-image-17540 size-medium\" src=\"http:\/\/www.pr-neu.de\/newsroom\/wordpress\/wp-content\/uploads\/2025\/03\/25-01_Bethel_2_Kinderkrankenhaus_Aussen_K-300x200.jpg\" alt=\"\" width=\"300\" height=\"200\" srcset=\"https:\/\/www.pr-neu.de\/newsroom\/wordpress\/wp-content\/uploads\/2025\/03\/25-01_Bethel_2_Kinderkrankenhaus_Aussen_K-300x200.jpg 300w, https:\/\/www.pr-neu.de\/newsroom\/wordpress\/wp-content\/uploads\/2025\/03\/25-01_Bethel_2_Kinderkrankenhaus_Aussen_K-1024x683.jpg 1024w, https:\/\/www.pr-neu.de\/newsroom\/wordpress\/wp-content\/uploads\/2025\/03\/25-01_Bethel_2_Kinderkrankenhaus_Aussen_K-768x512.jpg 768w, https:\/\/www.pr-neu.de\/newsroom\/wordpress\/wp-content\/uploads\/2025\/03\/25-01_Bethel_2_Kinderkrankenhaus_Aussen_K-1536x1024.jpg 1536w, https:\/\/www.pr-neu.de\/newsroom\/wordpress\/wp-content\/uploads\/2025\/03\/25-01_Bethel_2_Kinderkrankenhaus_Aussen_K-2048x1365.jpg 2048w, https:\/\/www.pr-neu.de\/newsroom\/wordpress\/wp-content\/uploads\/2025\/03\/25-01_Bethel_2_Kinderkrankenhaus_Aussen_K-110x73.jpg 110w, https:\/\/www.pr-neu.de\/newsroom\/wordpress\/wp-content\/uploads\/2025\/03\/25-01_Bethel_2_Kinderkrankenhaus_Aussen_K-420x280.jpg 420w, https:\/\/www.pr-neu.de\/newsroom\/wordpress\/wp-content\/uploads\/2025\/03\/25-01_Bethel_2_Kinderkrankenhaus_Aussen_K-645x430.jpg 645w\" sizes=\"auto, (max-width: 300px) 100vw, 300px\" \/><\/a><\/p>\n<p style=\"text-align: center;\">Neubau Kinderzentrum Bethel in Bielefeld, eines der modernsten Kinderkrankenh\u00e4user Deutschlands.<\/p>\n<p>&nbsp;<\/p>\n<p style=\"text-align: center;\"><a href=\"http:\/\/www.pr-neu.de\/newsroom\/wordpress\/wp-content\/uploads\/2025\/03\/25-01_Bethel_3_Kinderkrankenhaus_Innen_K.jpg\" target=\"_blank\" rel=\"noopener\"><img loading=\"lazy\" decoding=\"async\" class=\"aligncenter wp-image-17541 size-medium\" src=\"http:\/\/www.pr-neu.de\/newsroom\/wordpress\/wp-content\/uploads\/2025\/03\/25-01_Bethel_3_Kinderkrankenhaus_Innen_K-300x200.jpg\" alt=\"\" width=\"300\" height=\"200\" srcset=\"https:\/\/www.pr-neu.de\/newsroom\/wordpress\/wp-content\/uploads\/2025\/03\/25-01_Bethel_3_Kinderkrankenhaus_Innen_K-300x200.jpg 300w, https:\/\/www.pr-neu.de\/newsroom\/wordpress\/wp-content\/uploads\/2025\/03\/25-01_Bethel_3_Kinderkrankenhaus_Innen_K-1024x683.jpg 1024w, https:\/\/www.pr-neu.de\/newsroom\/wordpress\/wp-content\/uploads\/2025\/03\/25-01_Bethel_3_Kinderkrankenhaus_Innen_K-768x512.jpg 768w, https:\/\/www.pr-neu.de\/newsroom\/wordpress\/wp-content\/uploads\/2025\/03\/25-01_Bethel_3_Kinderkrankenhaus_Innen_K-1536x1024.jpg 1536w, https:\/\/www.pr-neu.de\/newsroom\/wordpress\/wp-content\/uploads\/2025\/03\/25-01_Bethel_3_Kinderkrankenhaus_Innen_K-2048x1365.jpg 2048w, https:\/\/www.pr-neu.de\/newsroom\/wordpress\/wp-content\/uploads\/2025\/03\/25-01_Bethel_3_Kinderkrankenhaus_Innen_K-110x73.jpg 110w, https:\/\/www.pr-neu.de\/newsroom\/wordpress\/wp-content\/uploads\/2025\/03\/25-01_Bethel_3_Kinderkrankenhaus_Innen_K-420x280.jpg 420w, https:\/\/www.pr-neu.de\/newsroom\/wordpress\/wp-content\/uploads\/2025\/03\/25-01_Bethel_3_Kinderkrankenhaus_Innen_K-645x430.jpg 645w\" sizes=\"auto, (max-width: 300px) 100vw, 300px\" \/><\/a><\/p>\n<p style=\"text-align: center;\">Bei den Innenr\u00e4umen legten die Architekten (Hascher Jehle, Berlin) viel Wert auf die Nutzer- und Patientenfreundlichkeit.<\/p>\n<p>&nbsp;<\/p>\n<p><a href=\"http:\/\/www.pr-neu.de\/newsroom\/wordpress\/wp-content\/uploads\/2025\/03\/25-01_Bethel_4_Magistrale_K.jpg\" target=\"_blank\" rel=\"noopener\"><img loading=\"lazy\" decoding=\"async\" class=\"aligncenter wp-image-17542 size-medium\" src=\"http:\/\/www.pr-neu.de\/newsroom\/wordpress\/wp-content\/uploads\/2025\/03\/25-01_Bethel_4_Magistrale_K-300x200.jpg\" alt=\"\" width=\"300\" height=\"200\" srcset=\"https:\/\/www.pr-neu.de\/newsroom\/wordpress\/wp-content\/uploads\/2025\/03\/25-01_Bethel_4_Magistrale_K-300x200.jpg 300w, https:\/\/www.pr-neu.de\/newsroom\/wordpress\/wp-content\/uploads\/2025\/03\/25-01_Bethel_4_Magistrale_K-1024x683.jpg 1024w, https:\/\/www.pr-neu.de\/newsroom\/wordpress\/wp-content\/uploads\/2025\/03\/25-01_Bethel_4_Magistrale_K-768x512.jpg 768w, https:\/\/www.pr-neu.de\/newsroom\/wordpress\/wp-content\/uploads\/2025\/03\/25-01_Bethel_4_Magistrale_K-1536x1024.jpg 1536w, https:\/\/www.pr-neu.de\/newsroom\/wordpress\/wp-content\/uploads\/2025\/03\/25-01_Bethel_4_Magistrale_K-2048x1365.jpg 2048w, https:\/\/www.pr-neu.de\/newsroom\/wordpress\/wp-content\/uploads\/2025\/03\/25-01_Bethel_4_Magistrale_K-110x73.jpg 110w, https:\/\/www.pr-neu.de\/newsroom\/wordpress\/wp-content\/uploads\/2025\/03\/25-01_Bethel_4_Magistrale_K-420x280.jpg 420w, https:\/\/www.pr-neu.de\/newsroom\/wordpress\/wp-content\/uploads\/2025\/03\/25-01_Bethel_4_Magistrale_K-645x430.jpg 645w\" sizes=\"auto, (max-width: 300px) 100vw, 300px\" \/><\/a><\/p>\n<p style=\"text-align: center;\">Charakteristisch ist die gro\u00dfz\u00fcgige Magistrale: Ein 140 Meter langer Korridor zieht sich durch alle Ebenen des Geb\u00e4udes. \u00dcberirdisch verbindet er die sechs einzelnen Geb\u00e4ude miteinander. In den dreigeschossigen Kuben sind die Fachkliniken untergebracht.<\/p>\n<p>&nbsp;<\/p>\n<p><a href=\"http:\/\/www.pr-neu.de\/newsroom\/wordpress\/wp-content\/uploads\/2025\/03\/25-01_Bethel_5_Fluchtwege_K.jpg\" target=\"_blank\" rel=\"noopener\"><img loading=\"lazy\" decoding=\"async\" class=\"aligncenter wp-image-17543 size-medium\" src=\"http:\/\/www.pr-neu.de\/newsroom\/wordpress\/wp-content\/uploads\/2025\/03\/25-01_Bethel_5_Fluchtwege_K-300x200.jpg\" alt=\"\" width=\"300\" height=\"200\" srcset=\"https:\/\/www.pr-neu.de\/newsroom\/wordpress\/wp-content\/uploads\/2025\/03\/25-01_Bethel_5_Fluchtwege_K-300x200.jpg 300w, https:\/\/www.pr-neu.de\/newsroom\/wordpress\/wp-content\/uploads\/2025\/03\/25-01_Bethel_5_Fluchtwege_K-1024x683.jpg 1024w, https:\/\/www.pr-neu.de\/newsroom\/wordpress\/wp-content\/uploads\/2025\/03\/25-01_Bethel_5_Fluchtwege_K-768x512.jpg 768w, https:\/\/www.pr-neu.de\/newsroom\/wordpress\/wp-content\/uploads\/2025\/03\/25-01_Bethel_5_Fluchtwege_K-1536x1024.jpg 1536w, https:\/\/www.pr-neu.de\/newsroom\/wordpress\/wp-content\/uploads\/2025\/03\/25-01_Bethel_5_Fluchtwege_K-2048x1365.jpg 2048w, https:\/\/www.pr-neu.de\/newsroom\/wordpress\/wp-content\/uploads\/2025\/03\/25-01_Bethel_5_Fluchtwege_K-110x73.jpg 110w, https:\/\/www.pr-neu.de\/newsroom\/wordpress\/wp-content\/uploads\/2025\/03\/25-01_Bethel_5_Fluchtwege_K-420x280.jpg 420w, https:\/\/www.pr-neu.de\/newsroom\/wordpress\/wp-content\/uploads\/2025\/03\/25-01_Bethel_5_Fluchtwege_K-645x430.jpg 645w\" sizes=\"auto, (max-width: 300px) 100vw, 300px\" \/><\/a><\/p>\n<p style=\"text-align: center;\">Ein Gro\u00dfteil der Brandschutzt\u00fcren befindet sich auf Flucht- und Rettungswegen. Je nach Einbauort kommen daher bei den meisten dieser T\u00fcren im Klinikum Schl\u00f6sser mit einer Panikfunktion zum Einsatz. Die Panikfunktion E wird bei Zug\u00e4ngen f\u00fcr einen definierten Personenkreis, die Panikfunktion D ist dagegen f\u00fcr reine Fluchtt\u00fcren vorgesehen (z.B. Schleuse\/Flur).<\/p>\n<p>&nbsp;<\/p>\n<p><a href=\"http:\/\/www.pr-neu.de\/newsroom\/wordpress\/wp-content\/uploads\/2025\/03\/25-01_Bethel_6_Tuer_Technikraum_K.jpg\" target=\"_blank\" rel=\"noopener\"><img loading=\"lazy\" decoding=\"async\" class=\"aligncenter wp-image-17544 size-medium\" src=\"http:\/\/www.pr-neu.de\/newsroom\/wordpress\/wp-content\/uploads\/2025\/03\/25-01_Bethel_6_Tuer_Technikraum_K-300x200.jpg\" alt=\"\" width=\"300\" height=\"200\" srcset=\"https:\/\/www.pr-neu.de\/newsroom\/wordpress\/wp-content\/uploads\/2025\/03\/25-01_Bethel_6_Tuer_Technikraum_K-300x200.jpg 300w, https:\/\/www.pr-neu.de\/newsroom\/wordpress\/wp-content\/uploads\/2025\/03\/25-01_Bethel_6_Tuer_Technikraum_K-1024x683.jpg 1024w, https:\/\/www.pr-neu.de\/newsroom\/wordpress\/wp-content\/uploads\/2025\/03\/25-01_Bethel_6_Tuer_Technikraum_K-768x512.jpg 768w, https:\/\/www.pr-neu.de\/newsroom\/wordpress\/wp-content\/uploads\/2025\/03\/25-01_Bethel_6_Tuer_Technikraum_K-1536x1024.jpg 1536w, https:\/\/www.pr-neu.de\/newsroom\/wordpress\/wp-content\/uploads\/2025\/03\/25-01_Bethel_6_Tuer_Technikraum_K-2048x1365.jpg 2048w, https:\/\/www.pr-neu.de\/newsroom\/wordpress\/wp-content\/uploads\/2025\/03\/25-01_Bethel_6_Tuer_Technikraum_K-110x73.jpg 110w, https:\/\/www.pr-neu.de\/newsroom\/wordpress\/wp-content\/uploads\/2025\/03\/25-01_Bethel_6_Tuer_Technikraum_K-420x280.jpg 420w, https:\/\/www.pr-neu.de\/newsroom\/wordpress\/wp-content\/uploads\/2025\/03\/25-01_Bethel_6_Tuer_Technikraum_K-645x430.jpg 645w\" sizes=\"auto, (max-width: 300px) 100vw, 300px\" \/><\/a><\/p>\n<p style=\"text-align: center;\">Auch im Versorgungstrakt unter der Erde findet sich die Magistrale wieder. Hier liegen u. a. die Technik-, Maschinen- und Lagerr\u00e4ume, die W\u00e4scheausgabe, das Bettendepot und der Wagenbahnhof.<\/p>\n<p>&nbsp;<\/p>\n<p><a href=\"http:\/\/www.pr-neu.de\/newsroom\/wordpress\/wp-content\/uploads\/2025\/03\/25-01_Bethel_7_Spannungssicher_K.jpg\" target=\"_blank\" rel=\"noopener\"><img loading=\"lazy\" decoding=\"async\" class=\"wp-image-17545 size-medium aligncenter\" src=\"http:\/\/www.pr-neu.de\/newsroom\/wordpress\/wp-content\/uploads\/2025\/03\/25-01_Bethel_7_Spannungssicher_K-300x200.jpg\" alt=\"\" width=\"300\" height=\"200\" srcset=\"https:\/\/www.pr-neu.de\/newsroom\/wordpress\/wp-content\/uploads\/2025\/03\/25-01_Bethel_7_Spannungssicher_K-300x200.jpg 300w, https:\/\/www.pr-neu.de\/newsroom\/wordpress\/wp-content\/uploads\/2025\/03\/25-01_Bethel_7_Spannungssicher_K-1024x683.jpg 1024w, https:\/\/www.pr-neu.de\/newsroom\/wordpress\/wp-content\/uploads\/2025\/03\/25-01_Bethel_7_Spannungssicher_K-768x512.jpg 768w, https:\/\/www.pr-neu.de\/newsroom\/wordpress\/wp-content\/uploads\/2025\/03\/25-01_Bethel_7_Spannungssicher_K-1536x1024.jpg 1536w, https:\/\/www.pr-neu.de\/newsroom\/wordpress\/wp-content\/uploads\/2025\/03\/25-01_Bethel_7_Spannungssicher_K-2048x1365.jpg 2048w, https:\/\/www.pr-neu.de\/newsroom\/wordpress\/wp-content\/uploads\/2025\/03\/25-01_Bethel_7_Spannungssicher_K-110x73.jpg 110w, https:\/\/www.pr-neu.de\/newsroom\/wordpress\/wp-content\/uploads\/2025\/03\/25-01_Bethel_7_Spannungssicher_K-420x280.jpg 420w, https:\/\/www.pr-neu.de\/newsroom\/wordpress\/wp-content\/uploads\/2025\/03\/25-01_Bethel_7_Spannungssicher_K-645x430.jpg 645w\" sizes=\"auto, (max-width: 300px) 100vw, 300px\" \/><\/a><\/p>\n<p style=\"text-align: center;\">Ein Rollgitter zum Mitarbeiter-Parkhaus regelt Ein- und Ausfahrt zur Tiefgarage und bel\u00fcftet gleichzeitig die Parkfl\u00e4chen.<\/p>\n<p>&nbsp;<\/p>\n<p><a href=\"http:\/\/www.pr-neu.de\/newsroom\/wordpress\/wp-content\/uploads\/2025\/03\/25-01_Bethel_8_Rollgitter_K.jpg\" target=\"_blank\" rel=\"noopener\"><img loading=\"lazy\" decoding=\"async\" class=\"aligncenter wp-image-17546 size-medium\" src=\"http:\/\/www.pr-neu.de\/newsroom\/wordpress\/wp-content\/uploads\/2025\/03\/25-01_Bethel_8_Rollgitter_K-300x200.jpg\" alt=\"\" width=\"300\" height=\"200\" srcset=\"https:\/\/www.pr-neu.de\/newsroom\/wordpress\/wp-content\/uploads\/2025\/03\/25-01_Bethel_8_Rollgitter_K-300x200.jpg 300w, https:\/\/www.pr-neu.de\/newsroom\/wordpress\/wp-content\/uploads\/2025\/03\/25-01_Bethel_8_Rollgitter_K-1024x683.jpg 1024w, https:\/\/www.pr-neu.de\/newsroom\/wordpress\/wp-content\/uploads\/2025\/03\/25-01_Bethel_8_Rollgitter_K-768x512.jpg 768w, https:\/\/www.pr-neu.de\/newsroom\/wordpress\/wp-content\/uploads\/2025\/03\/25-01_Bethel_8_Rollgitter_K-1536x1024.jpg 1536w, https:\/\/www.pr-neu.de\/newsroom\/wordpress\/wp-content\/uploads\/2025\/03\/25-01_Bethel_8_Rollgitter_K-2048x1365.jpg 2048w, https:\/\/www.pr-neu.de\/newsroom\/wordpress\/wp-content\/uploads\/2025\/03\/25-01_Bethel_8_Rollgitter_K-110x73.jpg 110w, https:\/\/www.pr-neu.de\/newsroom\/wordpress\/wp-content\/uploads\/2025\/03\/25-01_Bethel_8_Rollgitter_K-420x280.jpg 420w, https:\/\/www.pr-neu.de\/newsroom\/wordpress\/wp-content\/uploads\/2025\/03\/25-01_Bethel_8_Rollgitter_K-645x430.jpg 645w\" sizes=\"auto, (max-width: 300px) 100vw, 300px\" \/><\/a><\/p>\n<p style=\"text-align: center;\">Zuverl\u00e4ssige Stromversorgung ist in Anlagen kritischer Infrastruktur enorm wichtig. Auch im Notfall muss hier die Stromversorgung sichergestellt sein. An die Trafo-Fl\u00e4chen und -r\u00e4ume und deren Verschluss werden besondere Sicherheitsanforderungen gestellt. Daher kommen hier u.a. Dreipunktverriegelungen zum Einsatz. Schl\u00f6sser mit Panikfunktion E (Dr\u00fccker innen, Knauf au\u00dfen) gew\u00e4hrleisten, dass der Zugang nur f\u00fcr berechtigte Personen mit Schl\u00fcssel m\u00f6glich ist. Zur Bel\u00fcftung der R\u00e4ume sowie zur Druckentlastung dienen L\u00fcftungsgitter mit durchstecksicheren V-Lamellen und L\u00fcftungsausschnitten. Zur Grundausstattung einer T\u00fcr mit Trafogitter geh\u00f6rt auch eine Erdungsverbindung zwischen T\u00fcrblatt und Zarge. Mit einem solchen Potentialausgleich werden Punkte unterschiedlichen Potentials leitend miteinander verbunden. Zwischen diesen Punkten l\u00e4sst sich dann keine elektrische Spannung mehr messen \u2013 so funktioniert Schutz gegen elektrische Schl\u00e4ge.<\/p>\n<p style=\"text-align: center;\">Alle Bilder: Christian Eblenkamp\/Teckentrup<\/p>\n<p>&nbsp;<\/p>\n<hr \/>\n<p>&nbsp;<\/p>\n<p>Abdruck honorarfrei, Belegexemplar erbeten<\/p>\n","protected":false},"excerpt":{"rendered":"<p>Nach sechs Jahren Planung und Bauzeit er\u00f6ffnete im Sommer 2023 der Neubau des Kinderzentrums Bethel, eines der modernsten Kinderkrankenh\u00e4user Deutschlands. Hier wurde viel Wert auf eine nutzer- und patientenfreundliche Gestaltung gelegt. Das spiegelt sich auch in der Auswahl der T\u00fcren wider, bei der die spezifische Nutzung im Vordergrund stand.<\/p>\n","protected":false},"author":9,"featured_media":17540,"comment_status":"closed","ping_status":"open","sticky":false,"template":"","format":"standard","meta":{"footnotes":""},"categories":[18],"tags":[3298,3300,3302,3304,565,577,589],"class_list":["post-17538","post","type-post","status-publish","format-standard","has-post-thumbnail","hentry","category-teckentrup","tag-bethel","tag-kinderkrankenhaus","tag-krankenhaus","tag-nutzerfreundlichkeit","tag-teckentrup","tag-tor","tag-tur"],"_links":{"self":[{"href":"https:\/\/www.pr-neu.de\/newsroom\/wp-json\/wp\/v2\/posts\/17538","targetHints":{"allow":["GET"]}}],"collection":[{"href":"https:\/\/www.pr-neu.de\/newsroom\/wp-json\/wp\/v2\/posts"}],"about":[{"href":"https:\/\/www.pr-neu.de\/newsroom\/wp-json\/wp\/v2\/types\/post"}],"author":[{"embeddable":true,"href":"https:\/\/www.pr-neu.de\/newsroom\/wp-json\/wp\/v2\/users\/9"}],"replies":[{"embeddable":true,"href":"https:\/\/www.pr-neu.de\/newsroom\/wp-json\/wp\/v2\/comments?post=17538"}],"version-history":[{"count":2,"href":"https:\/\/www.pr-neu.de\/newsroom\/wp-json\/wp\/v2\/posts\/17538\/revisions"}],"predecessor-version":[{"id":17548,"href":"https:\/\/www.pr-neu.de\/newsroom\/wp-json\/wp\/v2\/posts\/17538\/revisions\/17548"}],"wp:featuredmedia":[{"embeddable":true,"href":"https:\/\/www.pr-neu.de\/newsroom\/wp-json\/wp\/v2\/media\/17540"}],"wp:attachment":[{"href":"https:\/\/www.pr-neu.de\/newsroom\/wp-json\/wp\/v2\/media?parent=17538"}],"wp:term":[{"taxonomy":"category","embeddable":true,"href":"https:\/\/www.pr-neu.de\/newsroom\/wp-json\/wp\/v2\/categories?post=17538"},{"taxonomy":"post_tag","embeddable":true,"href":"https:\/\/www.pr-neu.de\/newsroom\/wp-json\/wp\/v2\/tags?post=17538"}],"curies":[{"name":"wp","href":"https:\/\/api.w.org\/{rel}","templated":true}]}}