{"id":17535,"date":"2025-03-21T08:00:08","date_gmt":"2025-03-21T07:00:08","guid":{"rendered":"https:\/\/www.pr-neu.de\/newsroom\/?p=17535"},"modified":"2025-03-20T15:49:56","modified_gmt":"2025-03-20T14:49:56","slug":"buergermeister-seitz-besucht-sto","status":"publish","type":"post","link":"https:\/\/www.pr-neu.de\/newsroom\/buergermeister-seitz-besucht-sto\/","title":{"rendered":"B\u00fcrgermeister Seitz besucht Sto"},"content":{"rendered":"<p><strong>Kriftel, 11.03.2025: B\u00fcrgermeister Christian Seitz und Erster Beigeordneter Martin Mohr besuchten die Sto-Gruppe in Kriftel. Im gemeinsamen Gespr\u00e4ch stellten Holger Sommer, Gesch\u00e4ftsf\u00fchrer der StoCretec GmbH, und Yens Stotmeister, Enkel des Firmengr\u00fcnders Fritz Stotmeister und Leiter der Vertriebsregion Rhein-Main, die Sto-Gruppe sowie die StoCretec GmbH als 100-prozentige Tochter der Sto SE &amp; Co. KGaA vor. Yens Stotmeister pr\u00e4sentierte nicht nur die eindrucksvolle Erfolgsstory der Sto-Gruppe. Er gab auch interessante Einblicke in die geschichtliche Entwicklung des ehemaligen Ispo-Standortes, der heute als Zentrale der Vertriebsregion Rhein-Main und als Verwaltungssitz der StoCretec GmbH dient. Holger Sommer ging im Anschluss auf die Entwicklung der StoCretec GmbH und die Herausforderungen des vergangenen Gesch\u00e4ftsjahres ein.<\/strong><\/p>\n<p>Abschlie\u00dfend f\u00fchrte Produktionsleiter Ulrich Frechenh\u00e4user die Besucher \u00fcber das Werksgel\u00e4nde sowie durch die Produktion und gab Einblicke in geplante Investitionen. Aktuell besch\u00e4ftigt die Sto-Gruppe am Standort in Kriftel rund 150 Mitarbeiter. Hier betreibt Sto ein Logistikzentrum und ein Produktionswerk f\u00fcr mineralische Klebe- und Armierungsm\u00f6rtel.<\/p>\n<p>Auch aktuelle Themen wurden im Dialog aufgegriffen: Die Baubranche sieht sich zurzeit schwierigen politischen und wirtschaftlichen Voraussetzungen gegen\u00fcber. Es besteht jedoch Hoffnung, dass mit der neuen Regierung stabile Rahmenbedingungen auf den Weg gebracht werden, die der Branche neuen Aufschwung verleihen k\u00f6nnen. Weitere Herausforderungen stellen der demografische Wandel und die Suche nach qualifizierten Mitarbeitern dar.<\/p>\n<p>B\u00fcrgermeister Christian Seitz betonte: \u201eWir sind sehr froh \u00fcber die positive Entwicklung des Unternehmens am Standort in Kriftel. Die Produktion von hochwertigen Farben und Fassadenbaustoffen hat in Kriftel eine lange Tradition und die Entwicklung f\u00fcr die Zukunft ist ebenso positiv.\u201c Erster Beigeordneter Martin Mohr erg\u00e4nzt: \u201eAuch wir als Gemeinde k\u00f6nnen von dem Know-how in der Baubranche vor Ort profitieren. Diesen kurzen Draht zur Unternehmensleitung sch\u00e4tzen wir sehr.\u201c<\/p>\n<p>&nbsp;<\/p>\n<hr \/>\n<p>&nbsp;<\/p>\n<p><strong>Sto<\/strong> ist ein mittelst\u00e4ndisches Unternehmen mit Sitz in Weizen\/Baden-W\u00fcrttemberg. Seit seiner Gr\u00fcndung im Jahr 1955 hat sich Sto zu einem internationalen Konzern zur Herstellung von Produkten und Systemen f\u00fcr Geb\u00e4udebeschichtungen entwickelt \u2013 mit insgesamt 5.783 Besch\u00e4ftigen weltweit und einem Bruttoumsatz von 1,72 Mrd. Euro im Gesch\u00e4ftsjahr 2023. Sto unterteilt sich in vier Gesch\u00e4ftsfelder: Fassade, Innenraum, Bodenbeschichtung sowie Betoninstandsetzung und Betonschutz.<\/p>\n<p>&nbsp;<\/p>\n<hr \/>\n<p>&nbsp;<\/p>\n<p><a href=\"http:\/\/www.pr-neu.de\/newsroom\/wordpress\/wp-content\/uploads\/2025\/03\/25-05_Gruppenbild_K.jpg\" target=\"_blank\" rel=\"noopener\"><img loading=\"lazy\" decoding=\"async\" class=\"aligncenter wp-image-17536 size-medium\" src=\"http:\/\/www.pr-neu.de\/newsroom\/wordpress\/wp-content\/uploads\/2025\/03\/25-05_Gruppenbild_K-300x200.jpg\" alt=\"Gruppenbild auf dem Werksgel\u00e4nde von Sto in Kriftel: B\u00fcrger-meister Christian Seitz, Produktionsleiter Ulrich Frechenh\u00e4user (Sto SE &amp; Co. KGaA), StoCretec Gesch\u00e4ftsf\u00fchrer Holger Sommer, Leiter der Vertriebsregion Rhein-Main Yens Stot-meister (Sto SE &amp; Co. KGaA) und Erster Beigeordneter Martin Mohr (von links).\" width=\"300\" height=\"200\" srcset=\"https:\/\/www.pr-neu.de\/newsroom\/wordpress\/wp-content\/uploads\/2025\/03\/25-05_Gruppenbild_K-300x200.jpg 300w, https:\/\/www.pr-neu.de\/newsroom\/wordpress\/wp-content\/uploads\/2025\/03\/25-05_Gruppenbild_K-1024x683.jpg 1024w, https:\/\/www.pr-neu.de\/newsroom\/wordpress\/wp-content\/uploads\/2025\/03\/25-05_Gruppenbild_K-768x512.jpg 768w, https:\/\/www.pr-neu.de\/newsroom\/wordpress\/wp-content\/uploads\/2025\/03\/25-05_Gruppenbild_K-1536x1024.jpg 1536w, https:\/\/www.pr-neu.de\/newsroom\/wordpress\/wp-content\/uploads\/2025\/03\/25-05_Gruppenbild_K-2048x1365.jpg 2048w, https:\/\/www.pr-neu.de\/newsroom\/wordpress\/wp-content\/uploads\/2025\/03\/25-05_Gruppenbild_K-110x73.jpg 110w, https:\/\/www.pr-neu.de\/newsroom\/wordpress\/wp-content\/uploads\/2025\/03\/25-05_Gruppenbild_K-420x280.jpg 420w, https:\/\/www.pr-neu.de\/newsroom\/wordpress\/wp-content\/uploads\/2025\/03\/25-05_Gruppenbild_K-645x430.jpg 645w\" sizes=\"auto, (max-width: 300px) 100vw, 300px\" \/><\/a><\/p>\n<p style=\"text-align: center;\">Gruppenbild auf dem Werksgel\u00e4nde von Sto in Kriftel: B\u00fcrgermeister Christian Seitz, Produktionsleiter Ulrich Frechenh\u00e4user (Sto SE &amp; Co. KGaA), StoCretec Gesch\u00e4ftsf\u00fchrer Holger Sommer, Leiter der Vertriebsregion Rhein-Main Yens Stotmeister (Sto SE &amp; Co. KGaA) und Erster Beigeordneter Martin Mohr (von links).<br \/>\nBild: StoCretec GmbH<\/p>\n<p>&nbsp;<\/p>\n<hr \/>\n<p>&nbsp;<\/p>\n<p>Abdruck honorarfrei, Belegexemplar erbeten<\/p>\n","protected":false},"excerpt":{"rendered":"<p>B\u00fcrgermeister Christian Seitz und Erster Beigeordneter Martin Mohr besuchten die Sto-Gruppe in Kriftel. <\/p>\n","protected":false},"author":9,"featured_media":17536,"comment_status":"closed","ping_status":"open","sticky":false,"template":"","format":"standard","meta":{"footnotes":""},"categories":[15,16],"tags":[3296,327,504,516,1803],"class_list":["post-17535","post","type-post","status-publish","format-standard","has-post-thumbnail","hentry","category-sto","category-stocretec","tag-buergermeister","tag-kriftel","tag-sto-2","tag-stocretec","tag-stotmeister"],"_links":{"self":[{"href":"https:\/\/www.pr-neu.de\/newsroom\/wp-json\/wp\/v2\/posts\/17535","targetHints":{"allow":["GET"]}}],"collection":[{"href":"https:\/\/www.pr-neu.de\/newsroom\/wp-json\/wp\/v2\/posts"}],"about":[{"href":"https:\/\/www.pr-neu.de\/newsroom\/wp-json\/wp\/v2\/types\/post"}],"author":[{"embeddable":true,"href":"https:\/\/www.pr-neu.de\/newsroom\/wp-json\/wp\/v2\/users\/9"}],"replies":[{"embeddable":true,"href":"https:\/\/www.pr-neu.de\/newsroom\/wp-json\/wp\/v2\/comments?post=17535"}],"version-history":[{"count":1,"href":"https:\/\/www.pr-neu.de\/newsroom\/wp-json\/wp\/v2\/posts\/17535\/revisions"}],"predecessor-version":[{"id":17537,"href":"https:\/\/www.pr-neu.de\/newsroom\/wp-json\/wp\/v2\/posts\/17535\/revisions\/17537"}],"wp:featuredmedia":[{"embeddable":true,"href":"https:\/\/www.pr-neu.de\/newsroom\/wp-json\/wp\/v2\/media\/17536"}],"wp:attachment":[{"href":"https:\/\/www.pr-neu.de\/newsroom\/wp-json\/wp\/v2\/media?parent=17535"}],"wp:term":[{"taxonomy":"category","embeddable":true,"href":"https:\/\/www.pr-neu.de\/newsroom\/wp-json\/wp\/v2\/categories?post=17535"},{"taxonomy":"post_tag","embeddable":true,"href":"https:\/\/www.pr-neu.de\/newsroom\/wp-json\/wp\/v2\/tags?post=17535"}],"curies":[{"name":"wp","href":"https:\/\/api.w.org\/{rel}","templated":true}]}}