{"id":17532,"date":"2025-03-19T10:25:47","date_gmt":"2025-03-19T09:25:47","guid":{"rendered":"https:\/\/www.pr-neu.de\/newsroom\/?p=17532"},"modified":"2025-03-19T10:26:04","modified_gmt":"2025-03-19T09:26:04","slug":"doppelt-haelt-noch-laenger-hwk","status":"publish","type":"post","link":"https:\/\/www.pr-neu.de\/newsroom\/doppelt-haelt-noch-laenger-hwk\/","title":{"rendered":"Doppelt h\u00e4lt (noch) l\u00e4nger"},"content":{"rendered":"<p><u>Aufdopplung eines WDVS in Hannover<\/u><\/p>\n<p><strong>Mit einer Aufdopplung zum Effizienzhaus-40-Standard: So haben jetzt die temps Malerbetriebe acht Mehrfamilienh\u00e4user in Hannover saniert und die Geb\u00e4ude somit fit f\u00fcr den Betrieb einer W\u00e4rmepumpe gemacht. Zur umfassenden energetischen Sanierung geh\u00f6rte au\u00dferdem der Tausch von Fenstern und T\u00fcren und die D\u00e4mmung von Keller- und oberster Geschossdecke. Durch den Erhalt der vorhandenen D\u00e4mmung sparte der Handwerksbetrieb R\u00fcckbauarbeiten, es fiel weniger Abfall an und das neue D\u00e4mmpaket war schlanker zu dimensionieren als bei konventionellem R\u00fcckbau und Neud\u00e4mmung.<\/strong><\/p>\n<p>Der Spar- und Bauverein Hannover saniert seinen Bestand umfassend, bis 2045 will das Wohnungsunternehmen alle Geb\u00e4ude \u201eklimaneutral bewirtschaften\u201c. Jetzt standen acht Mehrfamilienh\u00e4user im Stadtteil Wettbergen auf der Liste: Neue Fenster und T\u00fcren, Keller- und Geschossdeckend\u00e4mmung und vor allem eine besser ged\u00e4mmte Fassade f\u00fcr die Acht-Parteien-H\u00e4user aus den 1970er Jahren. Die Geb\u00e4ude mit Gasetagenheizung ben\u00f6tigten bislang viel Heizenergie \u2013 der Standard von vor rund 50 Jahren hie\u00df sechs Zentimeter D\u00e4mmung stra\u00dfenseitig unter einem Edelkratzputz und vier Zentimetern innenhofseitig unter Flachverblendern. Da mit der Sanierung die Effizienzhaus-Stufe 40 erreicht werden sollte \u2013 um so auch die daf\u00fcr g\u00fcltige staatliche F\u00f6rderung zu erhalten \u2013 war eine deutlich effizientere Fassadend\u00e4mmung ein Haupt-Schl\u00fcssel zu diesem Ziel. Der gut ged\u00e4mmte Bauk\u00f6rper ist zudem Voraussetzung f\u00fcr den wirtschaftlichen Betrieb eines Heizsystems mit W\u00e4rmepumpen und Erdw\u00e4rmekollektoren.<\/p>\n<p><strong>Aufdopplung: Spart Material, vermeidet Abf\u00e4lle<\/strong><br \/>\nAufdoppeln senkt nicht nur Heizenergiebedarfe und erh\u00f6ht die Wohnbehaglichkeit, sondern vermeidet auch Abf\u00e4lle bei der Fassadensanierung, da kein nennenswerter R\u00fcckbau anf\u00e4llt. Alte EPS-W\u00e4rmed\u00e4mm-Verbundsysteme k\u00f6nnen durch Aufdopplung auch nach mehr als einem halben Jahrhundert Standzeit weiter genutzt werden. Das ist in der Regel problemlos m\u00f6glich, wenn das neue System daf\u00fcr bauaufsichtlich zugelassen ist. Bereits 2016 wies eine Studie des Fraunhofer-Instituts f\u00fcr Fertigungstechnik (\u201eNachd\u00e4mmung &#8218;Aufdopplung&#8216; alter W\u00e4rmed\u00e4mmverbundsysteme an Wohngeb\u00e4uden\u201c) die Effizienz dieses Verfahrens nach.<\/p>\n<p><strong>Neu auf alt<\/strong><br \/>\nZun\u00e4chst lie\u00df das Planungsb\u00fcro Studiostadt Hannover das Altsystem an mehreren Stellen \u00f6ffnen, um die Standfestigkeit zu pr\u00fcfen, unterst\u00fctzt von den Sto-Fassadenprofis, die auch bei der Berechnung der D\u00fcbelzahl und der Brandriegelplanung halfen. Die Aufdopplung des D\u00e4mmsystems \u00fcbernahmen die temps Malereibetriebe (Neustadt a.Rbg.). Im ersten Schritt wurde die Fassade an den Stellen r\u00fcckgebaut, an denen umlaufende Brandriegel aus Mineralwolle zum Einsatz kamen, um die heutigen, strengeren Brandschutzanforderungen zu erf\u00fcllen. Anschlie\u00dfend wurden EPS-Platten (Sto-D\u00e4mmplatte Top32, 16 cm) auf das Altsystem geklebt und ged\u00fcbelt. Am Sockel und rund um die Hauseing\u00e4nge kam wieder Mineralwolle zum Einsatz. F\u00fcr die Loggien w\u00e4hlten die Bauprofis StoTherm Resol aufgrund des extrem guten D\u00e4mmwerts (Lambda = 0,022 W\/mK): Damit braucht der D\u00e4mmstoff entsprechend weniger Platz und l\u00e4sst im Umkehrschluss mehr nutzbare Fl\u00e4che an der Luft.<\/p>\n<p>Als Fassadenputz setzten die Maler den Siliconharz-Oberputz StoSilco K ein. Robuste Klinkerriemchen betonen die Eing\u00e4nge.<\/p>\n<p>&nbsp;<\/p>\n<hr \/>\n<p>&nbsp;<\/p>\n<p><strong>Bautafel<\/strong><\/p>\n<p>Bauherr: Spar- und Bauverein Hannover<br \/>\nFachhandwerker temps Malerbetriebe, Neustadt a. Rbg.<br \/>\nArchitekt: Studiostadt, Hannover<br \/>\nEntwurf StoDesign, Vorab-Lieferung von Putz- und Farbmustern<\/p>\n<p>Baustoffe:<br \/>\nWDVS StoTherm Vario und StoTherm Resol,<br \/>\nOberputz StoSilco K<br \/>\nKlinkerriemchen StoBrick<\/p>\n<p>&nbsp;<\/p>\n<hr \/>\n<p>&nbsp;<\/p>\n<p><a href=\"http:\/\/www.pr-neu.de\/newsroom\/wordpress\/wp-content\/uploads\/2025\/03\/24-35_Aufdopplung-Hannover_Sockelschiene_K.jpg\" target=\"_blank\" rel=\"noopener\"><img loading=\"lazy\" decoding=\"async\" class=\"aligncenter wp-image-17529 size-medium\" src=\"http:\/\/www.pr-neu.de\/newsroom\/wordpress\/wp-content\/uploads\/2025\/03\/24-35_Aufdopplung-Hannover_Sockelschiene_K-300x200.jpg\" alt=\"Da keine Perimeterd\u00e4mmung notwendig war, setzt das W\u00e4rmed\u00e4mm-Verbundsystem auf einer Sockelschiene (Sto-Startprofil PH-K mit Sto-Verbreiterungsprofil PH) auf.\" width=\"300\" height=\"200\" srcset=\"https:\/\/www.pr-neu.de\/newsroom\/wordpress\/wp-content\/uploads\/2025\/03\/24-35_Aufdopplung-Hannover_Sockelschiene_K-300x200.jpg 300w, https:\/\/www.pr-neu.de\/newsroom\/wordpress\/wp-content\/uploads\/2025\/03\/24-35_Aufdopplung-Hannover_Sockelschiene_K-1024x683.jpg 1024w, https:\/\/www.pr-neu.de\/newsroom\/wordpress\/wp-content\/uploads\/2025\/03\/24-35_Aufdopplung-Hannover_Sockelschiene_K-768x512.jpg 768w, https:\/\/www.pr-neu.de\/newsroom\/wordpress\/wp-content\/uploads\/2025\/03\/24-35_Aufdopplung-Hannover_Sockelschiene_K-1536x1024.jpg 1536w, https:\/\/www.pr-neu.de\/newsroom\/wordpress\/wp-content\/uploads\/2025\/03\/24-35_Aufdopplung-Hannover_Sockelschiene_K-2048x1365.jpg 2048w, https:\/\/www.pr-neu.de\/newsroom\/wordpress\/wp-content\/uploads\/2025\/03\/24-35_Aufdopplung-Hannover_Sockelschiene_K-110x73.jpg 110w, https:\/\/www.pr-neu.de\/newsroom\/wordpress\/wp-content\/uploads\/2025\/03\/24-35_Aufdopplung-Hannover_Sockelschiene_K-420x280.jpg 420w, https:\/\/www.pr-neu.de\/newsroom\/wordpress\/wp-content\/uploads\/2025\/03\/24-35_Aufdopplung-Hannover_Sockelschiene_K-645x430.jpg 645w\" sizes=\"auto, (max-width: 300px) 100vw, 300px\" \/><\/a><\/p>\n<p style=\"text-align: center;\">Da keine Perimeterd\u00e4mmung notwendig war, setzt das W\u00e4rmed\u00e4mm-Verbundsystem auf einer Sockelschiene auf (Sto-Startprofil PH-K mit Sto-Verbreiterungsprofil PH).<\/p>\n<p>&nbsp;<\/p>\n<p><a href=\"http:\/\/www.pr-neu.de\/newsroom\/wordpress\/wp-content\/uploads\/2025\/03\/24-35_Aufdopplung-Hannover_Thermoduebel_K.jpg\" target=\"_blank\" rel=\"noopener\"><img loading=\"lazy\" decoding=\"async\" class=\"aligncenter wp-image-17530 size-medium\" src=\"http:\/\/www.pr-neu.de\/newsroom\/wordpress\/wp-content\/uploads\/2025\/03\/24-35_Aufdopplung-Hannover_Thermoduebel_K-300x200.jpg\" alt=\"Mit einem speziellen Montagewerkzeug wird der Sto-Thermod\u00fcbel II UEZ 8\/60 15 Millimeter tief im EPS versenkt. Anschlie\u00dfend wird die \u00d6ffnung mit einem EPS-Rondell verschlossen.\" width=\"300\" height=\"200\" srcset=\"https:\/\/www.pr-neu.de\/newsroom\/wordpress\/wp-content\/uploads\/2025\/03\/24-35_Aufdopplung-Hannover_Thermoduebel_K-300x200.jpg 300w, https:\/\/www.pr-neu.de\/newsroom\/wordpress\/wp-content\/uploads\/2025\/03\/24-35_Aufdopplung-Hannover_Thermoduebel_K-1024x683.jpg 1024w, https:\/\/www.pr-neu.de\/newsroom\/wordpress\/wp-content\/uploads\/2025\/03\/24-35_Aufdopplung-Hannover_Thermoduebel_K-768x512.jpg 768w, https:\/\/www.pr-neu.de\/newsroom\/wordpress\/wp-content\/uploads\/2025\/03\/24-35_Aufdopplung-Hannover_Thermoduebel_K-1536x1024.jpg 1536w, https:\/\/www.pr-neu.de\/newsroom\/wordpress\/wp-content\/uploads\/2025\/03\/24-35_Aufdopplung-Hannover_Thermoduebel_K-2048x1365.jpg 2048w, https:\/\/www.pr-neu.de\/newsroom\/wordpress\/wp-content\/uploads\/2025\/03\/24-35_Aufdopplung-Hannover_Thermoduebel_K-110x73.jpg 110w, https:\/\/www.pr-neu.de\/newsroom\/wordpress\/wp-content\/uploads\/2025\/03\/24-35_Aufdopplung-Hannover_Thermoduebel_K-420x280.jpg 420w, https:\/\/www.pr-neu.de\/newsroom\/wordpress\/wp-content\/uploads\/2025\/03\/24-35_Aufdopplung-Hannover_Thermoduebel_K-645x430.jpg 645w\" sizes=\"auto, (max-width: 300px) 100vw, 300px\" \/><\/a><\/p>\n<p style=\"text-align: center;\">Mit einem speziellen Montagewerkzeug wird der Sto-Thermod\u00fcbel II UEZ 8\/60 15 Millimeter tief im EPS versenkt. Anschlie\u00dfend wird die \u00d6ffnung mit einem EPS-Rondell verschlossen.<\/p>\n<p>&nbsp;<\/p>\n<p><a href=\"http:\/\/www.pr-neu.de\/newsroom\/wordpress\/wp-content\/uploads\/2025\/03\/24-35_Aufdopplung-Hannover_Brandriegel_K.jpg\" target=\"_blank\" rel=\"noopener\"><img loading=\"lazy\" decoding=\"async\" class=\"aligncenter wp-image-17527 size-medium\" src=\"http:\/\/www.pr-neu.de\/newsroom\/wordpress\/wp-content\/uploads\/2025\/03\/24-35_Aufdopplung-Hannover_Brandriegel_K-300x200.jpg\" alt=\"Die Forderung, die D\u00e4mmung eines Geb\u00e4udes der Klasse 4 mit Brandriegeln zu versehen, existierte in den 1970er Jahren noch nicht. Das Altsystem wird daher ge\u00f6ffnet, um die Mineralwollestreifen direkt auf dem Mauerwerk zu verankern.\" width=\"300\" height=\"200\" srcset=\"https:\/\/www.pr-neu.de\/newsroom\/wordpress\/wp-content\/uploads\/2025\/03\/24-35_Aufdopplung-Hannover_Brandriegel_K-300x200.jpg 300w, https:\/\/www.pr-neu.de\/newsroom\/wordpress\/wp-content\/uploads\/2025\/03\/24-35_Aufdopplung-Hannover_Brandriegel_K-1024x683.jpg 1024w, https:\/\/www.pr-neu.de\/newsroom\/wordpress\/wp-content\/uploads\/2025\/03\/24-35_Aufdopplung-Hannover_Brandriegel_K-768x512.jpg 768w, https:\/\/www.pr-neu.de\/newsroom\/wordpress\/wp-content\/uploads\/2025\/03\/24-35_Aufdopplung-Hannover_Brandriegel_K-1536x1024.jpg 1536w, https:\/\/www.pr-neu.de\/newsroom\/wordpress\/wp-content\/uploads\/2025\/03\/24-35_Aufdopplung-Hannover_Brandriegel_K-2048x1365.jpg 2048w, https:\/\/www.pr-neu.de\/newsroom\/wordpress\/wp-content\/uploads\/2025\/03\/24-35_Aufdopplung-Hannover_Brandriegel_K-110x73.jpg 110w, https:\/\/www.pr-neu.de\/newsroom\/wordpress\/wp-content\/uploads\/2025\/03\/24-35_Aufdopplung-Hannover_Brandriegel_K-420x280.jpg 420w, https:\/\/www.pr-neu.de\/newsroom\/wordpress\/wp-content\/uploads\/2025\/03\/24-35_Aufdopplung-Hannover_Brandriegel_K-645x430.jpg 645w\" sizes=\"auto, (max-width: 300px) 100vw, 300px\" \/><\/a><\/p>\n<p style=\"text-align: center;\">Die Forderung, die D\u00e4mmung eines Geb\u00e4udes der Klasse 4 mit Brandriegeln zu versehen, existierte in den 1970er Jahren nicht. Das Altsystem wird daher ge\u00f6ffnet, um die Mineralwollestreifen direkt auf dem Mauerwerk zu verankern.<\/p>\n<p>&nbsp;<\/p>\n<p><a href=\"http:\/\/www.pr-neu.de\/newsroom\/wordpress\/wp-content\/uploads\/2025\/03\/24-35_Aufdopplung-Hannover_Hausfront_Baustelle_K.jpg\" target=\"_blank\" rel=\"noopener\"><img loading=\"lazy\" decoding=\"async\" class=\"aligncenter wp-image-17528 size-medium\" src=\"http:\/\/www.pr-neu.de\/newsroom\/wordpress\/wp-content\/uploads\/2025\/03\/24-35_Aufdopplung-Hannover_Hausfront_Baustelle_K-300x200.jpg\" alt=\"In gut ged\u00e4mmten H\u00e4usern k\u00f6nnen W\u00e4rmepumpen wirtschaftlich genutzt werden. Da sie keine Rauchgase emittieren, werden die Schornsteine nicht mehr ben\u00f6tigt. Ihre K\u00f6pfe k\u00f6nnen abgebaut und die Dachfl\u00e4chen geschlossen werden.\" width=\"300\" height=\"200\" srcset=\"https:\/\/www.pr-neu.de\/newsroom\/wordpress\/wp-content\/uploads\/2025\/03\/24-35_Aufdopplung-Hannover_Hausfront_Baustelle_K-300x200.jpg 300w, https:\/\/www.pr-neu.de\/newsroom\/wordpress\/wp-content\/uploads\/2025\/03\/24-35_Aufdopplung-Hannover_Hausfront_Baustelle_K-1024x683.jpg 1024w, https:\/\/www.pr-neu.de\/newsroom\/wordpress\/wp-content\/uploads\/2025\/03\/24-35_Aufdopplung-Hannover_Hausfront_Baustelle_K-768x512.jpg 768w, https:\/\/www.pr-neu.de\/newsroom\/wordpress\/wp-content\/uploads\/2025\/03\/24-35_Aufdopplung-Hannover_Hausfront_Baustelle_K-1536x1024.jpg 1536w, https:\/\/www.pr-neu.de\/newsroom\/wordpress\/wp-content\/uploads\/2025\/03\/24-35_Aufdopplung-Hannover_Hausfront_Baustelle_K-2048x1365.jpg 2048w, https:\/\/www.pr-neu.de\/newsroom\/wordpress\/wp-content\/uploads\/2025\/03\/24-35_Aufdopplung-Hannover_Hausfront_Baustelle_K-110x73.jpg 110w, https:\/\/www.pr-neu.de\/newsroom\/wordpress\/wp-content\/uploads\/2025\/03\/24-35_Aufdopplung-Hannover_Hausfront_Baustelle_K-420x280.jpg 420w, https:\/\/www.pr-neu.de\/newsroom\/wordpress\/wp-content\/uploads\/2025\/03\/24-35_Aufdopplung-Hannover_Hausfront_Baustelle_K-645x430.jpg 645w\" sizes=\"auto, (max-width: 300px) 100vw, 300px\" \/><\/a><\/p>\n<p style=\"text-align: center;\">In gut ged\u00e4mmten H\u00e4usern werden W\u00e4rmepumpen wirtschaftlich. Da sie keine Rauchgase emittieren, werden die Schornsteine nicht mehr ben\u00f6tigt. Ihre K\u00f6pfe wurden abgebaut und die Dachfl\u00e4chen geschlossen.<\/p>\n<p style=\"text-align: center;\">Alle Fotos: G\u00fcnther Fotodesign, Mehna \/ Sto SE &amp; CO. KGaA<\/p>\n<p>&nbsp;<\/p>\n<hr \/>\n<p>&nbsp;<\/p>\n<p>Abdruck honorarfrei, Belegexemplar erbeten<\/p>\n","protected":false},"excerpt":{"rendered":"<p>(HWK-Version)<br \/>\nMit einer Aufdopplung zum Effizienzhaus-40-Standard: So haben jetzt die temps Malerbetriebe acht Mehrfamilienh\u00e4user in Hannover saniert und die Geb\u00e4ude somit fit f\u00fcr den Betrieb einer W\u00e4rmepumpe gemacht.<\/p>\n","protected":false},"author":9,"featured_media":17527,"comment_status":"closed","ping_status":"open","sticky":false,"template":"","format":"standard","meta":{"footnotes":""},"categories":[15],"tags":[124,187,1869,439,504,627],"class_list":["post-17532","post","type-post","status-publish","format-standard","has-post-thumbnail","hentry","category-sto","tag-dammung","tag-fassade","tag-hannover","tag-sanierung","tag-sto-2","tag-wdvs"],"_links":{"self":[{"href":"https:\/\/www.pr-neu.de\/newsroom\/wp-json\/wp\/v2\/posts\/17532","targetHints":{"allow":["GET"]}}],"collection":[{"href":"https:\/\/www.pr-neu.de\/newsroom\/wp-json\/wp\/v2\/posts"}],"about":[{"href":"https:\/\/www.pr-neu.de\/newsroom\/wp-json\/wp\/v2\/types\/post"}],"author":[{"embeddable":true,"href":"https:\/\/www.pr-neu.de\/newsroom\/wp-json\/wp\/v2\/users\/9"}],"replies":[{"embeddable":true,"href":"https:\/\/www.pr-neu.de\/newsroom\/wp-json\/wp\/v2\/comments?post=17532"}],"version-history":[{"count":2,"href":"https:\/\/www.pr-neu.de\/newsroom\/wp-json\/wp\/v2\/posts\/17532\/revisions"}],"predecessor-version":[{"id":17534,"href":"https:\/\/www.pr-neu.de\/newsroom\/wp-json\/wp\/v2\/posts\/17532\/revisions\/17534"}],"wp:featuredmedia":[{"embeddable":true,"href":"https:\/\/www.pr-neu.de\/newsroom\/wp-json\/wp\/v2\/media\/17527"}],"wp:attachment":[{"href":"https:\/\/www.pr-neu.de\/newsroom\/wp-json\/wp\/v2\/media?parent=17532"}],"wp:term":[{"taxonomy":"category","embeddable":true,"href":"https:\/\/www.pr-neu.de\/newsroom\/wp-json\/wp\/v2\/categories?post=17532"},{"taxonomy":"post_tag","embeddable":true,"href":"https:\/\/www.pr-neu.de\/newsroom\/wp-json\/wp\/v2\/tags?post=17532"}],"curies":[{"name":"wp","href":"https:\/\/api.w.org\/{rel}","templated":true}]}}