{"id":17516,"date":"2025-03-06T10:21:07","date_gmt":"2025-03-06T09:21:07","guid":{"rendered":"https:\/\/www.pr-neu.de\/newsroom\/?p=17516"},"modified":"2025-03-06T10:53:25","modified_gmt":"2025-03-06T09:53:25","slug":"mineralische-putztraegerplatte","status":"publish","type":"post","link":"https:\/\/www.pr-neu.de\/newsroom\/mineralische-putztraegerplatte\/","title":{"rendered":"Mineralische Putztr\u00e4gerplatte"},"content":{"rendered":"<p><u>StoCarrier Hydro: Neue Platte auf Perlite-Basis<\/u><\/p>\n<p><strong>Nichtbrennbar, stabil, leicht, witterungsbest\u00e4ndig \u2013 und um eine besonders feuchtebest\u00e4ndige Platte erg\u00e4nzt: Unter dem Namen \u201eStoCarrier\u201c b\u00fcndelt Sto jetzt sein Putztr\u00e4gerplatten-Sortiment f\u00fcr innen und au\u00dfen. Mit \u201eStoCarrier Hydro\u201c kommt eine neue Platte aus Verolith hinzu, also auf Perlitebasis.<\/strong><\/p>\n<p>Seit mehreren Jahrzehnten bew\u00e4hren sich Putztr\u00e4gerplatten aus Altglas bei Sto in vorgeh\u00e4ngten hinterl\u00fcfteten Fassaden, bislang unter dem Namen StoVentec Tr\u00e4gerplatte S und StoPanel Plus. Mit Sto Reno Plan\/StoReno Plan A geh\u00f6rt zudem ein speziell f\u00fcr die Sanierung entwickelte Platte zum Programm. Jetzt erweitert der Hersteller sein Portfolio um eine Platte aus dem patentierten F\u00fcllstoff Verolith, der aus dem nat\u00fcrlichen Vulkangestein Perlite gewonnen wird. Mit der Einf\u00fchrung vereinheitlicht Sto die Namensgebung und stellt die \u201eStoCarrier\u201c-Familie vor.<\/p>\n<p><strong>F\u00fcr hohe Feuchtebelastung<\/strong><br \/>\nDie neue Platte (StoCarrier Hydro) aus Verolith ist besonders feuchteresistent und kann objektweise nach technischer Kl\u00e4rung auch in Schr\u00e4gen eingesetzt werden. Das er\u00f6ffnet der VHF ungewohnte M\u00f6glichkeiten bis in die Dachgestaltung. Neben der Standarddicke von 12 Millimetern gibt es die Platte als Rollladen\u00fcberdeckung in 15 Millimetern Dicke.<\/p>\n<p><strong>Variable VHF-Putztr\u00e4gerplatte<\/strong><br \/>\nStoCarrier Aero (bislang StoVentec Tr\u00e4gerplatte S \/ StoPanel Plus) ist die bew\u00e4hrte, beidseitig gewebearmierte Putztr\u00e4gerplatte aus gebl\u00e4htem Altglas \u2013 nichtbrennbar, robust, frostbest\u00e4ndig und somit ideal f\u00fcr au\u00dfen. Mit vier Dicken und vier Formaten bietet die Platte individuelle Auswahlm\u00f6glichkeiten. Neben dem Einsatz im VHF-System eignet sich StoCarrier Aero als \u00dcberdeckung von Rollladen- und Jalousiek\u00e4sten bei WDVS oder f\u00fcr einen verbesserten Sto\u00df- und Schlagschutz. Innen kommt sie in St\u00e4nderw\u00e4nden und als Verkleidung f\u00fcr Vorwandinstallationen zum Einsatz.<\/p>\n<p><strong>Sanierungsplatte<\/strong><br \/>\nSpeziell f\u00fcr defekte Putzfassaden und sanierungsbed\u00fcrftige WDVS konzipiert ist StoCarrier Reno (bislang StoReno Plan\/A). Die 8 Millimeter d\u00fcnnen Platten sind bereits mit einer Vertiefung ausgestattet, um D\u00fcbelteller beim Verankern fl\u00e4chenb\u00fcndig einzubinden. So folgt das Verputzen sofort nach der Platten-Montage.<\/p>\n<p>&nbsp;<\/p>\n<hr \/>\n<p>&nbsp;<\/p>\n<p><a href=\"http:\/\/www.pr-neu.de\/newsroom\/wordpress\/wp-content\/uploads\/2025\/03\/25_04_StoCarrier_K.jpg\" target=\"_blank\" rel=\"noopener\"><img loading=\"lazy\" decoding=\"async\" class=\"aligncenter wp-image-17517 size-medium\" src=\"http:\/\/www.pr-neu.de\/newsroom\/wordpress\/wp-content\/uploads\/2025\/03\/25_04_StoCarrier_K-300x169.jpg\" alt=\"Mit StoCarrier Hydro erweitert Sto sein Putztr\u00e4gerplatten-Sortiment um eine besonders feuchteresistente Variante aus dem mineralischen Werkstoff Verolith, der aus Perlite gewonnen wird.\" width=\"300\" height=\"169\" srcset=\"https:\/\/www.pr-neu.de\/newsroom\/wordpress\/wp-content\/uploads\/2025\/03\/25_04_StoCarrier_K-300x169.jpg 300w, https:\/\/www.pr-neu.de\/newsroom\/wordpress\/wp-content\/uploads\/2025\/03\/25_04_StoCarrier_K-1024x576.jpg 1024w, https:\/\/www.pr-neu.de\/newsroom\/wordpress\/wp-content\/uploads\/2025\/03\/25_04_StoCarrier_K-768x432.jpg 768w, https:\/\/www.pr-neu.de\/newsroom\/wordpress\/wp-content\/uploads\/2025\/03\/25_04_StoCarrier_K-1536x864.jpg 1536w, https:\/\/www.pr-neu.de\/newsroom\/wordpress\/wp-content\/uploads\/2025\/03\/25_04_StoCarrier_K-2048x1152.jpg 2048w, https:\/\/www.pr-neu.de\/newsroom\/wordpress\/wp-content\/uploads\/2025\/03\/25_04_StoCarrier_K-110x62.jpg 110w, https:\/\/www.pr-neu.de\/newsroom\/wordpress\/wp-content\/uploads\/2025\/03\/25_04_StoCarrier_K-420x236.jpg 420w, https:\/\/www.pr-neu.de\/newsroom\/wordpress\/wp-content\/uploads\/2025\/03\/25_04_StoCarrier_K-770x430.jpg 770w, https:\/\/www.pr-neu.de\/newsroom\/wordpress\/wp-content\/uploads\/2025\/03\/25_04_StoCarrier_K-764x430.jpg 764w\" sizes=\"auto, (max-width: 300px) 100vw, 300px\" \/><\/a><\/p>\n<p style=\"text-align: center;\">Mit StoCarrier Hydro erweitert Sto sein Putztr\u00e4gerplatten-Sortiment um eine besonders feuchteresistente Variante aus dem mineralischen Werkstoff Verolith, der aus Perlite gewonnen wird.<br \/>\nBild: Sto SE &amp; Co. KGaA<\/p>\n<p>&nbsp;<\/p>\n<hr \/>\n<p>&nbsp;<\/p>\n<p>Abdruck honorarfrei, Belegexemplar erbeten<\/p>\n","protected":false},"excerpt":{"rendered":"<p>Nichtbrennbar, stabil, leicht, witterungsbest\u00e4ndig \u2013 und um eine besonders feuchtebest\u00e4ndige Platte erg\u00e4nzt: Unter dem Namen \u201eStoCarrier\u201c b\u00fcndelt Sto jetzt sein Putztr\u00e4gerplatten-Sortiment f\u00fcr innen und au\u00dfen.<\/p>\n","protected":false},"author":9,"featured_media":17517,"comment_status":"closed","ping_status":"open","sticky":false,"template":"","format":"standard","meta":{"footnotes":""},"categories":[15],"tags":[2440,187,414,3292,439,504,3290],"class_list":["post-17516","post","type-post","status-publish","format-standard","has-post-thumbnail","hentry","category-sto","tag-aussenwand","tag-fassade","tag-putz","tag-putztraegerplatte","tag-sanierung","tag-sto-2","tag-stocarrier"],"_links":{"self":[{"href":"https:\/\/www.pr-neu.de\/newsroom\/wp-json\/wp\/v2\/posts\/17516","targetHints":{"allow":["GET"]}}],"collection":[{"href":"https:\/\/www.pr-neu.de\/newsroom\/wp-json\/wp\/v2\/posts"}],"about":[{"href":"https:\/\/www.pr-neu.de\/newsroom\/wp-json\/wp\/v2\/types\/post"}],"author":[{"embeddable":true,"href":"https:\/\/www.pr-neu.de\/newsroom\/wp-json\/wp\/v2\/users\/9"}],"replies":[{"embeddable":true,"href":"https:\/\/www.pr-neu.de\/newsroom\/wp-json\/wp\/v2\/comments?post=17516"}],"version-history":[{"count":2,"href":"https:\/\/www.pr-neu.de\/newsroom\/wp-json\/wp\/v2\/posts\/17516\/revisions"}],"predecessor-version":[{"id":17519,"href":"https:\/\/www.pr-neu.de\/newsroom\/wp-json\/wp\/v2\/posts\/17516\/revisions\/17519"}],"wp:featuredmedia":[{"embeddable":true,"href":"https:\/\/www.pr-neu.de\/newsroom\/wp-json\/wp\/v2\/media\/17517"}],"wp:attachment":[{"href":"https:\/\/www.pr-neu.de\/newsroom\/wp-json\/wp\/v2\/media?parent=17516"}],"wp:term":[{"taxonomy":"category","embeddable":true,"href":"https:\/\/www.pr-neu.de\/newsroom\/wp-json\/wp\/v2\/categories?post=17516"},{"taxonomy":"post_tag","embeddable":true,"href":"https:\/\/www.pr-neu.de\/newsroom\/wp-json\/wp\/v2\/tags?post=17516"}],"curies":[{"name":"wp","href":"https:\/\/api.w.org\/{rel}","templated":true}]}}