{"id":17463,"date":"2025-02-20T09:21:19","date_gmt":"2025-02-20T08:21:19","guid":{"rendered":"https:\/\/www.pr-neu.de\/newsroom\/?p=17463"},"modified":"2025-02-20T09:38:16","modified_gmt":"2025-02-20T08:38:16","slug":"eine-neue-dimension","status":"publish","type":"post","link":"https:\/\/www.pr-neu.de\/newsroom\/eine-neue-dimension\/","title":{"rendered":"Eine neue Dimension"},"content":{"rendered":"<p>&nbsp;<\/p>\n<p><u>Hafen Magdeburg: Rolltor mit 100 m\u00b2 Fl\u00e4che<\/u><\/p>\n<p><strong>10 x 10 Meter: Diese Dimension ist jenseits des Standards f\u00fcr Industrietore. Bei der gro\u00dfen Fl\u00e4che spielt die Windlast selbst im Binnenland eine Rolle, auch das Gewicht des Tores \u2013 rund zwei Tonnen \u2013 braucht besondere Beachtung. Der Fachbetrieb Lingner Tor- und T\u00fcrtechnik (Sch\u00f6nebeck) hat jetzt ein Tor dieser Dimension am Magdeburger Hafen eingebaut.<\/strong><\/p>\n<p>Gew\u00f6hnlich erreichen Industrietore Gr\u00f6\u00dfen bis rund 30 Quadratmeter. Mit dem Wunsch nach einem \u00fcbergro\u00dfen Tor mit den Ma\u00dfen 10 x 10 Meter waren hohe Anforderungen an die Planer, den Hersteller und den Metallbau-Betrieb verbunden.<\/p>\n<p><strong>Das Projekt<\/strong><br \/>\nZehn Meter breit, zehn Meter hoch \u2013 bei diesen Ma\u00dfen vermutet man eher ein Tor f\u00fcr einen Hangar als f\u00fcr ein Lager. Beim Tor mit dieser Gr\u00f6\u00dfe im Magdeburger Hafen geht es aber nicht um Flugzeuge, sondern um Komponenten f\u00fcr Windkraftanlagen. Um diese teils sehr gro\u00dfen Bauteile aus der Halle transportieren zu k\u00f6nnen, ist eine besonders gro\u00dfe \u00d6ffnung notwendig. Das zuvor verbaute, kleinere Schiebetor wurde daher durch ein neues Rolltor ersetzt. Sowohl die au\u00dfergew\u00f6hnliche Gr\u00f6\u00dfe und das damit einhergehende hohe Gewicht des Tors als auch die exponierte Lage im Hafenareal mit gro\u00dfen Freifl\u00e4chen und hoher Windlast verlangten zus\u00e4tzliche Sicherungsma\u00dfnahmen. Selbst im Binnenland kommen hier enorme Windkr\u00e4fte zustande, entsprechend hoch liegen die Anforderungen an ein Tor. Das ausf\u00fchrende Handwerks-Unternehmen Lingner Tor- und T\u00fcrtechnik aus Sch\u00f6nebeck hat zusammen mit dem Tor-Hersteller Teckentrup eine individuelle L\u00f6sung f\u00fcr diese anspruchsvollen Anforderungen gefunden und montiert.<\/p>\n<p><strong>Die L\u00f6sung: Erh\u00f6hter Schutz gegen hohe Windlast<\/strong><br \/>\nUm das Tor mit rund zwei Tonnen Gewicht sicher montieren zu k\u00f6nnen, waren zun\u00e4chst umfangreiche Vorarbeiten n\u00f6tig: Die Hallen\u00f6ffnung wurde so ver\u00e4ndert, dass eine 10 x 10 Meter gro\u00dfe \u00d6ffnung entstand. Dann montierten die Handwerker neue, seitliche Stahltr\u00e4ger gem\u00e4\u00df den statischen Vorgaben, um das Tor daran befestigen zu k\u00f6nnen. Auch das Tor selbst weist mehrere Sicherungspunkte gegen die erh\u00f6hte Windlast auf: Sturmhaken sorgen f\u00fcr die seitliche Verankerung des Behangs in der F\u00fchrungsschiene. Eine Andr\u00fcckwelle unterhalb der Torwicklung sorgt daf\u00fcr, dass der Behang zuverl\u00e4ssig an der Sturzdichtung anliegt und sicher in die F\u00fchrungsschiene einl\u00e4uft. Als Sonderanfertigung erhielt das Tor au\u00dferdem zus\u00e4tzliche Bodenverankerungen. Diese sind am unteren Ende des Tors fixiert und laufen in die speziell daf\u00fcr gebohrten Ankeraufnahmen in der Bodenschwelle, um so das Tor fest mit dem Bauwerk zu verbinden.<\/p>\n<p><strong>Montage mit Fingerspitzengef\u00fchl<\/strong><br \/>\nAuch die Montage war durch die Gr\u00f6\u00dfe und das hohe Gewicht eine Herausforderung. Das Team der Lingner Tor- und T\u00fcrtechnik nutzte daf\u00fcr zwei spezielle Hebeb\u00fchnen, die dieses Gewicht tragen und die n\u00f6tige H\u00f6he erreichen konnten. Die eher selten genutzte Kommunikation via Walkie-Talkies war n\u00f6tig, damit die Monteure oben am Sturz mit dem Team am Boden im Austausch bleiben konnten, um die millimetergenaue Ausrichtung am Sturz zu koordinieren.<\/p>\n<p>&nbsp;<\/p>\n<p>&nbsp;<\/p>\n<hr \/>\n<p>&nbsp;<\/p>\n<p>Z I T A T E<\/p>\n<p><em><a href=\"http:\/\/www.pr-neu.de\/newsroom\/wordpress\/wp-content\/uploads\/2025\/02\/25_02_Magdeburg_Stefan-Lingner_K.jpg\" target=\"_blank\" rel=\"noopener\"><img loading=\"lazy\" decoding=\"async\" class=\"alignright wp-image-17475\" src=\"http:\/\/www.pr-neu.de\/newsroom\/wordpress\/wp-content\/uploads\/2025\/02\/25_02_Magdeburg_Stefan-Lingner_K-214x300.jpg\" alt=\"Stefan Lingner\" width=\"107\" height=\"150\" srcset=\"https:\/\/www.pr-neu.de\/newsroom\/wordpress\/wp-content\/uploads\/2025\/02\/25_02_Magdeburg_Stefan-Lingner_K-214x300.jpg 214w, https:\/\/www.pr-neu.de\/newsroom\/wordpress\/wp-content\/uploads\/2025\/02\/25_02_Magdeburg_Stefan-Lingner_K-731x1024.jpg 731w, https:\/\/www.pr-neu.de\/newsroom\/wordpress\/wp-content\/uploads\/2025\/02\/25_02_Magdeburg_Stefan-Lingner_K-768x1075.jpg 768w, https:\/\/www.pr-neu.de\/newsroom\/wordpress\/wp-content\/uploads\/2025\/02\/25_02_Magdeburg_Stefan-Lingner_K-1097x1536.jpg 1097w, https:\/\/www.pr-neu.de\/newsroom\/wordpress\/wp-content\/uploads\/2025\/02\/25_02_Magdeburg_Stefan-Lingner_K-1463x2048.jpg 1463w, https:\/\/www.pr-neu.de\/newsroom\/wordpress\/wp-content\/uploads\/2025\/02\/25_02_Magdeburg_Stefan-Lingner_K-79x110.jpg 79w, https:\/\/www.pr-neu.de\/newsroom\/wordpress\/wp-content\/uploads\/2025\/02\/25_02_Magdeburg_Stefan-Lingner_K-300x420.jpg 300w, https:\/\/www.pr-neu.de\/newsroom\/wordpress\/wp-content\/uploads\/2025\/02\/25_02_Magdeburg_Stefan-Lingner_K-307x430.jpg 307w, https:\/\/www.pr-neu.de\/newsroom\/wordpress\/wp-content\/uploads\/2025\/02\/25_02_Magdeburg_Stefan-Lingner_K.jpg 1714w\" sizes=\"auto, (max-width: 107px) 100vw, 107px\" \/><\/a>\u201eDas war eine super Teamleistung. Von der individuellen L\u00f6sung der besonderen Anforderungen im Vorfeld \u00fcber die ma\u00dfgefertigte Produktion bis zum finalen Einbau. Das Projekt war in vielen Aspekten vollkommen ungew\u00f6hnlich. F\u00fcr uns und f\u00fcr unseren Partner. Da zeigt sich wieder: Au\u00dfergew\u00f6hnliche Aufgaben lassen sich nicht mit dem Standard erledigen, sondern mit Spezialisten, die individuell f\u00fcr den spezifischen Fall L\u00f6sungen suchen und entwickeln.\u201c <\/em><br \/>\nStefan Lingner, Gesch\u00e4ftsf\u00fchrer Lingner GmbH Tor- und T\u00fcrtechnik<\/p>\n<p>&nbsp;<\/p>\n<p><em><a href=\"http:\/\/www.pr-neu.de\/newsroom\/wordpress\/wp-content\/uploads\/2025\/02\/25-02_Magdeburg_Lammel_K.jpg\" target=\"_blank\" rel=\"noopener\"><img loading=\"lazy\" decoding=\"async\" class=\"alignright wp-image-17464 size-thumbnail\" src=\"http:\/\/www.pr-neu.de\/newsroom\/wordpress\/wp-content\/uploads\/2025\/02\/25-02_Magdeburg_Lammel_K-150x150.jpg\" alt=\"Elbarkaden Magdeburg TECKENTRUP GmbH &amp; Co. KG Verl\" width=\"150\" height=\"150\" srcset=\"https:\/\/www.pr-neu.de\/newsroom\/wordpress\/wp-content\/uploads\/2025\/02\/25-02_Magdeburg_Lammel_K-150x150.jpg 150w, https:\/\/www.pr-neu.de\/newsroom\/wordpress\/wp-content\/uploads\/2025\/02\/25-02_Magdeburg_Lammel_K-250x250.jpg 250w, https:\/\/www.pr-neu.de\/newsroom\/wordpress\/wp-content\/uploads\/2025\/02\/25-02_Magdeburg_Lammel_K-125x125.jpg 125w, https:\/\/www.pr-neu.de\/newsroom\/wordpress\/wp-content\/uploads\/2025\/02\/25-02_Magdeburg_Lammel_K-110x110.jpg 110w, https:\/\/www.pr-neu.de\/newsroom\/wordpress\/wp-content\/uploads\/2025\/02\/25-02_Magdeburg_Lammel_K-420x420.jpg 420w\" sizes=\"auto, (max-width: 150px) 100vw, 150px\" \/><\/a>\u201eDas Rolltor ist mit Sturmhaken f\u00fcr die seitliche Verankerung des Behangs in der F\u00fchrungsschiene ausgestattet, au\u00dferdem mit einer Andr\u00fcckwelle sowie als Sonderanfertigung mit einer zus\u00e4tzlichen Bodenverankerung.\u201c <\/em><br \/>\nThomas Lammel, Key Account Manager bei Teckentrup<\/p>\n<p>&nbsp;<\/p>\n<p>&nbsp;<\/p>\n<p>&nbsp;<\/p>\n<hr \/>\n<p>&nbsp;<\/p>\n<p>B A U T A F E L<\/p>\n<p>Standort: Gewerbepark Hafen Magdeburg<br \/>\nBauherr: Magdeburger Hafen GmbH<br \/>\nVerarbeiter: Lingner GmbH Tor- und T\u00fcrtechnik, Sch\u00f6nebeck<br \/>\nTor: Teckentrup, Rolltor ThermoTeck (Innenroller), 10&#215;10 Meter, RAL 9006 (wei\u00dfaluminium), Kettenantrieb TKR, 50.75 KE 400V\/3Ph AWG, h\u00e4ngend montiert mit Nothandkette<\/p>\n<p>&nbsp;<\/p>\n<hr \/>\n<p>&nbsp;<\/p>\n<p>K A S T E N<\/p>\n<p>Hafen Magdeburg<br \/>\nDer Magdeburger Hafen z\u00e4hlt mit sechs Terminals und einem j\u00e4hrlichen Umschlag von rund vier Millionen Tonnen zu den Top Ten der deutschen Binnenh\u00e4fen und ist durch den Anschluss an Stra\u00dfe und Schiene sowie an Elbe und Kanalnetz ein zentraler Umschlagplatz f\u00fcr Mitteldeutschland.<\/p>\n<p>&nbsp;<\/p>\n<hr \/>\n<p>&nbsp;<\/p>\n<p><a href=\"http:\/\/www.pr-neu.de\/newsroom\/wordpress\/wp-content\/uploads\/2025\/02\/25_02_Magdeburg_01_K.jpg\"><img loading=\"lazy\" decoding=\"async\" class=\"size-medium wp-image-17465 aligncenter\" src=\"http:\/\/www.pr-neu.de\/newsroom\/wordpress\/wp-content\/uploads\/2025\/02\/25_02_Magdeburg_01_K-300x200.jpg\" alt=\"Eindrucksvolle Gr\u00f6\u00dfe! Selbst ein LKW wirkt bei diesem Tor wie in Miniaturgr\u00f6\u00dfe.\" width=\"300\" height=\"200\" srcset=\"https:\/\/www.pr-neu.de\/newsroom\/wordpress\/wp-content\/uploads\/2025\/02\/25_02_Magdeburg_01_K-300x200.jpg 300w, https:\/\/www.pr-neu.de\/newsroom\/wordpress\/wp-content\/uploads\/2025\/02\/25_02_Magdeburg_01_K-1024x683.jpg 1024w, https:\/\/www.pr-neu.de\/newsroom\/wordpress\/wp-content\/uploads\/2025\/02\/25_02_Magdeburg_01_K-768x512.jpg 768w, https:\/\/www.pr-neu.de\/newsroom\/wordpress\/wp-content\/uploads\/2025\/02\/25_02_Magdeburg_01_K-1536x1025.jpg 1536w, https:\/\/www.pr-neu.de\/newsroom\/wordpress\/wp-content\/uploads\/2025\/02\/25_02_Magdeburg_01_K-2048x1366.jpg 2048w, https:\/\/www.pr-neu.de\/newsroom\/wordpress\/wp-content\/uploads\/2025\/02\/25_02_Magdeburg_01_K-110x73.jpg 110w, https:\/\/www.pr-neu.de\/newsroom\/wordpress\/wp-content\/uploads\/2025\/02\/25_02_Magdeburg_01_K-420x280.jpg 420w, https:\/\/www.pr-neu.de\/newsroom\/wordpress\/wp-content\/uploads\/2025\/02\/25_02_Magdeburg_01_K-645x430.jpg 645w\" sizes=\"auto, (max-width: 300px) 100vw, 300px\" \/><\/a><\/p>\n<p><a href=\"http:\/\/www.pr-neu.de\/newsroom\/wordpress\/wp-content\/uploads\/2025\/02\/25_02_Magdeburg_02_K.jpg\"><img loading=\"lazy\" decoding=\"async\" class=\"size-medium wp-image-17466 aligncenter\" src=\"http:\/\/www.pr-neu.de\/newsroom\/wordpress\/wp-content\/uploads\/2025\/02\/25_02_Magdeburg_02_K-300x200.jpg\" alt=\"Eindrucksvolle Gr\u00f6\u00dfe! Selbst ein LKW wirkt bei diesem Tor wie in Miniaturgr\u00f6\u00dfe.\" width=\"300\" height=\"200\" srcset=\"https:\/\/www.pr-neu.de\/newsroom\/wordpress\/wp-content\/uploads\/2025\/02\/25_02_Magdeburg_02_K-300x200.jpg 300w, https:\/\/www.pr-neu.de\/newsroom\/wordpress\/wp-content\/uploads\/2025\/02\/25_02_Magdeburg_02_K-1024x683.jpg 1024w, https:\/\/www.pr-neu.de\/newsroom\/wordpress\/wp-content\/uploads\/2025\/02\/25_02_Magdeburg_02_K-768x512.jpg 768w, https:\/\/www.pr-neu.de\/newsroom\/wordpress\/wp-content\/uploads\/2025\/02\/25_02_Magdeburg_02_K-1536x1025.jpg 1536w, https:\/\/www.pr-neu.de\/newsroom\/wordpress\/wp-content\/uploads\/2025\/02\/25_02_Magdeburg_02_K-2048x1366.jpg 2048w, https:\/\/www.pr-neu.de\/newsroom\/wordpress\/wp-content\/uploads\/2025\/02\/25_02_Magdeburg_02_K-110x73.jpg 110w, https:\/\/www.pr-neu.de\/newsroom\/wordpress\/wp-content\/uploads\/2025\/02\/25_02_Magdeburg_02_K-420x280.jpg 420w, https:\/\/www.pr-neu.de\/newsroom\/wordpress\/wp-content\/uploads\/2025\/02\/25_02_Magdeburg_02_K-645x430.jpg 645w\" sizes=\"auto, (max-width: 300px) 100vw, 300px\" \/><\/a><\/p>\n<p><a href=\"http:\/\/www.pr-neu.de\/newsroom\/wordpress\/wp-content\/uploads\/2025\/02\/25_02_Magdeburg_03_K.jpg\"><img loading=\"lazy\" decoding=\"async\" class=\"aligncenter size-medium wp-image-17467\" src=\"http:\/\/www.pr-neu.de\/newsroom\/wordpress\/wp-content\/uploads\/2025\/02\/25_02_Magdeburg_03_K-200x300.jpg\" alt=\"Eindrucksvolle Gr\u00f6\u00dfe! Selbst ein LKW wirkt bei diesem Tor wie in Miniaturgr\u00f6\u00dfe.\" width=\"200\" height=\"300\" srcset=\"https:\/\/www.pr-neu.de\/newsroom\/wordpress\/wp-content\/uploads\/2025\/02\/25_02_Magdeburg_03_K-200x300.jpg 200w, https:\/\/www.pr-neu.de\/newsroom\/wordpress\/wp-content\/uploads\/2025\/02\/25_02_Magdeburg_03_K-683x1024.jpg 683w, https:\/\/www.pr-neu.de\/newsroom\/wordpress\/wp-content\/uploads\/2025\/02\/25_02_Magdeburg_03_K-768x1151.jpg 768w, https:\/\/www.pr-neu.de\/newsroom\/wordpress\/wp-content\/uploads\/2025\/02\/25_02_Magdeburg_03_K-1025x1536.jpg 1025w, https:\/\/www.pr-neu.de\/newsroom\/wordpress\/wp-content\/uploads\/2025\/02\/25_02_Magdeburg_03_K-1366x2048.jpg 1366w, https:\/\/www.pr-neu.de\/newsroom\/wordpress\/wp-content\/uploads\/2025\/02\/25_02_Magdeburg_03_K-73x110.jpg 73w, https:\/\/www.pr-neu.de\/newsroom\/wordpress\/wp-content\/uploads\/2025\/02\/25_02_Magdeburg_03_K-280x420.jpg 280w, https:\/\/www.pr-neu.de\/newsroom\/wordpress\/wp-content\/uploads\/2025\/02\/25_02_Magdeburg_03_K-287x430.jpg 287w, https:\/\/www.pr-neu.de\/newsroom\/wordpress\/wp-content\/uploads\/2025\/02\/25_02_Magdeburg_03_K.jpg 1601w\" sizes=\"auto, (max-width: 200px) 100vw, 200px\" \/><\/a><\/p>\n<p style=\"text-align: center;\">Eindrucksvolle Gr\u00f6\u00dfe! Selbst ein LKW wirkt bei diesem Tor wie in Miniaturgr\u00f6\u00dfe.<br \/>\nBilder: Malikstudio \/ Teckentrup<\/p>\n<p>&nbsp;<\/p>\n<p style=\"text-align: center;\"><a href=\"http:\/\/www.pr-neu.de\/newsroom\/wordpress\/wp-content\/uploads\/2025\/02\/25_02_Magdeburg_04_K.jpg\"><img loading=\"lazy\" decoding=\"async\" class=\"aligncenter size-medium wp-image-17468\" src=\"http:\/\/www.pr-neu.de\/newsroom\/wordpress\/wp-content\/uploads\/2025\/02\/25_02_Magdeburg_04_K-300x200.jpg\" alt=\"Selbst gro\u00dfe Sektionaltore lassen sich mit relativ kleinen Antrieben betreiben, da bei diesen die Bewegungskraft zu einem wesentlichen Teil von den Federn geleistet wird. Beim Rolltor fehlt diese Federunterst\u00fctzung. Der Antrieb muss also mehr leisten und das komplette Torgewicht hochziehen. Bis zu einem Gewicht von ca. 800 kg schaffen das direkt aufgesteckte Antriebe. Schwerere Tore \u2013 wie hier in Magdeburg \u2013 bekommen einen Antrieb mit Ketten\u00fcbersetzung. So ist auch das Gewicht von 2.000 kg zu leisten.\" width=\"300\" height=\"200\" srcset=\"https:\/\/www.pr-neu.de\/newsroom\/wordpress\/wp-content\/uploads\/2025\/02\/25_02_Magdeburg_04_K-300x200.jpg 300w, https:\/\/www.pr-neu.de\/newsroom\/wordpress\/wp-content\/uploads\/2025\/02\/25_02_Magdeburg_04_K-1024x683.jpg 1024w, https:\/\/www.pr-neu.de\/newsroom\/wordpress\/wp-content\/uploads\/2025\/02\/25_02_Magdeburg_04_K-768x512.jpg 768w, https:\/\/www.pr-neu.de\/newsroom\/wordpress\/wp-content\/uploads\/2025\/02\/25_02_Magdeburg_04_K-1536x1024.jpg 1536w, https:\/\/www.pr-neu.de\/newsroom\/wordpress\/wp-content\/uploads\/2025\/02\/25_02_Magdeburg_04_K-2048x1365.jpg 2048w, https:\/\/www.pr-neu.de\/newsroom\/wordpress\/wp-content\/uploads\/2025\/02\/25_02_Magdeburg_04_K-110x73.jpg 110w, https:\/\/www.pr-neu.de\/newsroom\/wordpress\/wp-content\/uploads\/2025\/02\/25_02_Magdeburg_04_K-420x280.jpg 420w, https:\/\/www.pr-neu.de\/newsroom\/wordpress\/wp-content\/uploads\/2025\/02\/25_02_Magdeburg_04_K-645x430.jpg 645w\" sizes=\"auto, (max-width: 300px) 100vw, 300px\" \/><\/a><\/p>\n<p style=\"text-align: center;\">Die Andr\u00fcckwelle h\u00e4lt den Behang in der richtigen Position, die Bodenanker sind eine individuelle Sonderl\u00f6sung. Alle Ma\u00dfnahmen sorgen daf\u00fcr, die geforderte Produktnorm f\u00fcr ein derart dimensioniertes Tor zu erf\u00fcllen.<br \/>\nBild: Malikstudio \/ Teckentrup<\/p>\n<p>&nbsp;<\/p>\n<p style=\"text-align: center;\"><a href=\"http:\/\/www.pr-neu.de\/newsroom\/wordpress\/wp-content\/uploads\/2025\/02\/25_02_Magdeburg_05.jpg\"><img loading=\"lazy\" decoding=\"async\" class=\"aligncenter wp-image-17469\" src=\"http:\/\/www.pr-neu.de\/newsroom\/wordpress\/wp-content\/uploads\/2025\/02\/25_02_Magdeburg_05-300x277.jpg\" alt=\"\" width=\"193\" height=\"178\" srcset=\"https:\/\/www.pr-neu.de\/newsroom\/wordpress\/wp-content\/uploads\/2025\/02\/25_02_Magdeburg_05-300x277.jpg 300w, https:\/\/www.pr-neu.de\/newsroom\/wordpress\/wp-content\/uploads\/2025\/02\/25_02_Magdeburg_05-110x102.jpg 110w, https:\/\/www.pr-neu.de\/newsroom\/wordpress\/wp-content\/uploads\/2025\/02\/25_02_Magdeburg_05-420x388.jpg 420w, https:\/\/www.pr-neu.de\/newsroom\/wordpress\/wp-content\/uploads\/2025\/02\/25_02_Magdeburg_05-466x430.jpg 466w, https:\/\/www.pr-neu.de\/newsroom\/wordpress\/wp-content\/uploads\/2025\/02\/25_02_Magdeburg_05.jpg 496w\" sizes=\"auto, (max-width: 193px) 100vw, 193px\" \/><\/a>Sturmhaken krallen sich hinter die F\u00fchrungsschiene und sorgen f\u00fcr Sicherheit auch bei starkem Wind.<br \/>\nBild: Teckentrup<\/p>\n<p>&nbsp;<\/p>\n<p><a href=\"http:\/\/www.pr-neu.de\/newsroom\/wordpress\/wp-content\/uploads\/2025\/02\/25_02_Magdeburg_06_K.jpg\"><img loading=\"lazy\" decoding=\"async\" class=\"aligncenter size-medium wp-image-17470\" src=\"http:\/\/www.pr-neu.de\/newsroom\/wordpress\/wp-content\/uploads\/2025\/02\/25_02_Magdeburg_06_K-225x300.jpg\" alt=\"Montage mit zwei Hubarbeitsb\u00fchnen.\" width=\"225\" height=\"300\" srcset=\"https:\/\/www.pr-neu.de\/newsroom\/wordpress\/wp-content\/uploads\/2025\/02\/25_02_Magdeburg_06_K-225x300.jpg 225w, https:\/\/www.pr-neu.de\/newsroom\/wordpress\/wp-content\/uploads\/2025\/02\/25_02_Magdeburg_06_K-768x1023.jpg 768w, https:\/\/www.pr-neu.de\/newsroom\/wordpress\/wp-content\/uploads\/2025\/02\/25_02_Magdeburg_06_K-1153x1536.jpg 1153w, https:\/\/www.pr-neu.de\/newsroom\/wordpress\/wp-content\/uploads\/2025\/02\/25_02_Magdeburg_06_K-1537x2048.jpg 1537w, https:\/\/www.pr-neu.de\/newsroom\/wordpress\/wp-content\/uploads\/2025\/02\/25_02_Magdeburg_06_K-83x110.jpg 83w, https:\/\/www.pr-neu.de\/newsroom\/wordpress\/wp-content\/uploads\/2025\/02\/25_02_Magdeburg_06_K-315x420.jpg 315w, https:\/\/www.pr-neu.de\/newsroom\/wordpress\/wp-content\/uploads\/2025\/02\/25_02_Magdeburg_06_K-323x430.jpg 323w, https:\/\/www.pr-neu.de\/newsroom\/wordpress\/wp-content\/uploads\/2025\/02\/25_02_Magdeburg_06_K.jpg 1801w\" sizes=\"auto, (max-width: 225px) 100vw, 225px\" \/><\/a><\/p>\n<p><a href=\"http:\/\/www.pr-neu.de\/newsroom\/wordpress\/wp-content\/uploads\/2025\/02\/25_02_Magdeburg_07_K.jpg\"><img loading=\"lazy\" decoding=\"async\" class=\"aligncenter size-medium wp-image-17471\" src=\"http:\/\/www.pr-neu.de\/newsroom\/wordpress\/wp-content\/uploads\/2025\/02\/25_02_Magdeburg_07_K-225x300.jpg\" alt=\"Montage mit zwei Hubarbeitsb\u00fchnen.\" width=\"225\" height=\"300\" srcset=\"https:\/\/www.pr-neu.de\/newsroom\/wordpress\/wp-content\/uploads\/2025\/02\/25_02_Magdeburg_07_K-225x300.jpg 225w, https:\/\/www.pr-neu.de\/newsroom\/wordpress\/wp-content\/uploads\/2025\/02\/25_02_Magdeburg_07_K-768x1024.jpg 768w, https:\/\/www.pr-neu.de\/newsroom\/wordpress\/wp-content\/uploads\/2025\/02\/25_02_Magdeburg_07_K-1152x1536.jpg 1152w, https:\/\/www.pr-neu.de\/newsroom\/wordpress\/wp-content\/uploads\/2025\/02\/25_02_Magdeburg_07_K-1536x2048.jpg 1536w, https:\/\/www.pr-neu.de\/newsroom\/wordpress\/wp-content\/uploads\/2025\/02\/25_02_Magdeburg_07_K-83x110.jpg 83w, https:\/\/www.pr-neu.de\/newsroom\/wordpress\/wp-content\/uploads\/2025\/02\/25_02_Magdeburg_07_K-315x420.jpg 315w, https:\/\/www.pr-neu.de\/newsroom\/wordpress\/wp-content\/uploads\/2025\/02\/25_02_Magdeburg_07_K-323x430.jpg 323w, https:\/\/www.pr-neu.de\/newsroom\/wordpress\/wp-content\/uploads\/2025\/02\/25_02_Magdeburg_07_K.jpg 1800w\" sizes=\"auto, (max-width: 225px) 100vw, 225px\" \/><\/a><\/p>\n<p><a href=\"http:\/\/www.pr-neu.de\/newsroom\/wordpress\/wp-content\/uploads\/2025\/02\/25_02_Magdeburg_08_K.jpg\"><img loading=\"lazy\" decoding=\"async\" class=\"aligncenter size-medium wp-image-17472\" src=\"http:\/\/www.pr-neu.de\/newsroom\/wordpress\/wp-content\/uploads\/2025\/02\/25_02_Magdeburg_08_K-225x300.jpg\" alt=\"Montage mit zwei Hubarbeitsb\u00fchnen.\" width=\"225\" height=\"300\" srcset=\"https:\/\/www.pr-neu.de\/newsroom\/wordpress\/wp-content\/uploads\/2025\/02\/25_02_Magdeburg_08_K-225x300.jpg 225w, https:\/\/www.pr-neu.de\/newsroom\/wordpress\/wp-content\/uploads\/2025\/02\/25_02_Magdeburg_08_K-768x1024.jpg 768w, https:\/\/www.pr-neu.de\/newsroom\/wordpress\/wp-content\/uploads\/2025\/02\/25_02_Magdeburg_08_K-1152x1536.jpg 1152w, https:\/\/www.pr-neu.de\/newsroom\/wordpress\/wp-content\/uploads\/2025\/02\/25_02_Magdeburg_08_K-1536x2048.jpg 1536w, https:\/\/www.pr-neu.de\/newsroom\/wordpress\/wp-content\/uploads\/2025\/02\/25_02_Magdeburg_08_K-83x110.jpg 83w, https:\/\/www.pr-neu.de\/newsroom\/wordpress\/wp-content\/uploads\/2025\/02\/25_02_Magdeburg_08_K-315x420.jpg 315w, https:\/\/www.pr-neu.de\/newsroom\/wordpress\/wp-content\/uploads\/2025\/02\/25_02_Magdeburg_08_K-323x430.jpg 323w, https:\/\/www.pr-neu.de\/newsroom\/wordpress\/wp-content\/uploads\/2025\/02\/25_02_Magdeburg_08_K.jpg 1800w\" sizes=\"auto, (max-width: 225px) 100vw, 225px\" \/><\/a><\/p>\n<p style=\"text-align: center;\">Montage mit zwei Hubarbeitsb\u00fchnen.<br \/>\nBilder: Malikstudio \/ Teckentrup<\/p>\n<p>&nbsp;<\/p>\n<p>&nbsp;<\/p>\n<p><a href=\"http:\/\/www.pr-neu.de\/newsroom\/wordpress\/wp-content\/uploads\/2025\/02\/25_02_Magdeburg_09_K.jpg\"><img loading=\"lazy\" decoding=\"async\" class=\"aligncenter size-medium wp-image-17473\" src=\"http:\/\/www.pr-neu.de\/newsroom\/wordpress\/wp-content\/uploads\/2025\/02\/25_02_Magdeburg_09_K-200x300.jpg\" alt=\"Selbst gro\u00dfe Sektionaltore lassen sich mit relativ kleinen Antrieben betreiben, da bei diesen die Bewegungskraft zu einem wesentlichen Teil von den Federn geleistet wird. Beim Rolltor fehlt diese Federunterst\u00fctzung. Der Antrieb muss also mehr leisten und das komplette Torgewicht hochziehen. Bis zu einem Gewicht von ca. 800 kg schaffen das direkt aufgesteckte Antriebe. Schwerere Tore \u2013 wie hier in Magdeburg \u2013 bekommen einen Antrieb mit Ketten\u00fcbersetzung. So ist auch das Gewicht von 2.000 kg zu leisten. Die Steuerung ist auf Bedienh\u00f6he installiert.\" width=\"200\" height=\"300\" srcset=\"https:\/\/www.pr-neu.de\/newsroom\/wordpress\/wp-content\/uploads\/2025\/02\/25_02_Magdeburg_09_K-200x300.jpg 200w, https:\/\/www.pr-neu.de\/newsroom\/wordpress\/wp-content\/uploads\/2025\/02\/25_02_Magdeburg_09_K-683x1024.jpg 683w, https:\/\/www.pr-neu.de\/newsroom\/wordpress\/wp-content\/uploads\/2025\/02\/25_02_Magdeburg_09_K-768x1151.jpg 768w, https:\/\/www.pr-neu.de\/newsroom\/wordpress\/wp-content\/uploads\/2025\/02\/25_02_Magdeburg_09_K-1025x1536.jpg 1025w, https:\/\/www.pr-neu.de\/newsroom\/wordpress\/wp-content\/uploads\/2025\/02\/25_02_Magdeburg_09_K-1366x2048.jpg 1366w, https:\/\/www.pr-neu.de\/newsroom\/wordpress\/wp-content\/uploads\/2025\/02\/25_02_Magdeburg_09_K-73x110.jpg 73w, https:\/\/www.pr-neu.de\/newsroom\/wordpress\/wp-content\/uploads\/2025\/02\/25_02_Magdeburg_09_K-280x420.jpg 280w, https:\/\/www.pr-neu.de\/newsroom\/wordpress\/wp-content\/uploads\/2025\/02\/25_02_Magdeburg_09_K-287x430.jpg 287w, https:\/\/www.pr-neu.de\/newsroom\/wordpress\/wp-content\/uploads\/2025\/02\/25_02_Magdeburg_09_K.jpg 1601w\" sizes=\"auto, (max-width: 200px) 100vw, 200px\" \/><\/a><\/p>\n<p style=\"text-align: center;\">Selbst gro\u00dfe Sektionaltore lassen sich mit relativ kleinen Antrieben betreiben, da bei diesen die Bewegungskraft zu einem wesentlichen Teil von den Federn geleistet wird. Beim Rolltor fehlt diese Federunterst\u00fctzung. Der Antrieb muss also mehr leisten und das komplette Torgewicht hochziehen. Bis zu einem Gewicht von ca. 800 kg schaffen das direkt aufgesteckte Antriebe. Schwerere Tore \u2013 wie hier in Magdeburg \u2013 bekommen einen Antrieb mit Ketten\u00fcbersetzung. So ist auch das Gewicht von 2.000 kg zu leisten. Die Steuerung ist auf Bedienh\u00f6he installiert.<br \/>\nBilder: Malikstudio \/ Teckentrup<\/p>\n<p><a href=\"http:\/\/www.pr-neu.de\/newsroom\/wordpress\/wp-content\/uploads\/2025\/02\/25_02_Magdeburg_10_K.jpg\"><img loading=\"lazy\" decoding=\"async\" class=\"aligncenter size-medium wp-image-17474\" src=\"http:\/\/www.pr-neu.de\/newsroom\/wordpress\/wp-content\/uploads\/2025\/02\/25_02_Magdeburg_10_K-300x173.jpg\" alt=\"Der Magdeburger Hafen z\u00e4hlt mit sechs Terminals und einem j\u00e4hrlichen Umschlag von rund 4 Mio. Tonnen zu den gro\u00dfen deutschen Binnenh\u00e4fen und ist durch den Anschluss an Stra\u00dfe und Schiene sowie an Elbe und Kanalnetz ein zentraler Warenumschlagplatz f\u00fcr Mitteldeutschland.\" width=\"300\" height=\"173\" srcset=\"https:\/\/www.pr-neu.de\/newsroom\/wordpress\/wp-content\/uploads\/2025\/02\/25_02_Magdeburg_10_K-300x173.jpg 300w, https:\/\/www.pr-neu.de\/newsroom\/wordpress\/wp-content\/uploads\/2025\/02\/25_02_Magdeburg_10_K-1024x591.jpg 1024w, https:\/\/www.pr-neu.de\/newsroom\/wordpress\/wp-content\/uploads\/2025\/02\/25_02_Magdeburg_10_K-768x444.jpg 768w, https:\/\/www.pr-neu.de\/newsroom\/wordpress\/wp-content\/uploads\/2025\/02\/25_02_Magdeburg_10_K-1536x887.jpg 1536w, https:\/\/www.pr-neu.de\/newsroom\/wordpress\/wp-content\/uploads\/2025\/02\/25_02_Magdeburg_10_K-2048x1183.jpg 2048w, https:\/\/www.pr-neu.de\/newsroom\/wordpress\/wp-content\/uploads\/2025\/02\/25_02_Magdeburg_10_K-110x64.jpg 110w, https:\/\/www.pr-neu.de\/newsroom\/wordpress\/wp-content\/uploads\/2025\/02\/25_02_Magdeburg_10_K-420x243.jpg 420w, https:\/\/www.pr-neu.de\/newsroom\/wordpress\/wp-content\/uploads\/2025\/02\/25_02_Magdeburg_10_K-745x430.jpg 745w\" sizes=\"auto, (max-width: 300px) 100vw, 300px\" \/><\/a><\/p>\n<p style=\"text-align: center;\">Der Magdeburger Hafen z\u00e4hlt mit sechs Terminals und einem j\u00e4hrlichen Umschlag von rund 4 Mio. Tonnen zu den gro\u00dfen deutschen Binnenh\u00e4fen und ist durch den Anschluss an Stra\u00dfe und Schiene sowie an Elbe und Kanalnetz ein zentraler Warenumschlagplatz f\u00fcr Mitteldeutschland.<br \/>\nBild: Malikstudio \/ Teckentrup<\/p>\n<p>&nbsp;<\/p>\n<p>&nbsp;<\/p>\n<hr \/>\n<p>&nbsp;<\/p>\n<p><strong>Teckentrup: Door Solutions<\/strong><br \/>\nTeckentrup z\u00e4hlt mit den Produktionswerken in Verl-S\u00fcrenheide (Hauptsitz, NRW) und Gro\u00dfz\u00f6beritz (Sachsen-Anhalt) zu den gr\u00f6\u00dften Herstellern von T\u00fcren und Toren in Europa. Insgesamt besch\u00e4ftigt das Unternehmen \u00fcber 850 Mitarbeiter, knapp 550 davon in Verl.<br \/>\nDas in dritter Generation inhabergef\u00fchrte mittelst\u00e4ndische Familienunternehmen hat sich insbesondere den Werten Qualit\u00e4t, Design und Service verpflichtet. St\u00e4ndige Verbesserungen der Produkte und die Entwicklung neuer Technologien sind f\u00fcr Teckentrup selbstverst\u00e4ndlich. F\u00fcr die kontinuierliche Weiterentwicklung wurde im gesamten Unternehmen eine kundenzentrierte Ausrichtung (Customer Centricity) implementiert. So sorgt das Unternehmen daf\u00fcr, dass gemeinsam mit den Partnern stets die beste L\u00f6sung gefunden wird \u2013 hinsichtlich Design, Sicherheit und Service. Das Angebot umfasst Produktl\u00f6sungen aus den Bereichen HOME (Garagentore), PROFESSIONAL (Funktionst\u00fcren), INDUSTRIAL (Industrietore).<br \/>\nHeute verbindet das 1932 gegr\u00fcndete Unternehmen Tradition mit Fortschritt und das stets \u201emade in Germany\u201c. Zahlreiche internationale Zertifizierungen sind die Basis f\u00fcr einen weltweit erfolgreichen Vertrieb der Produkte.<\/p>\n<p>&nbsp;<\/p>\n<hr \/>\n<p>&nbsp;<\/p>\n<p>Abdruck honorarfrei, Belegexemplar erbeten<\/p>\n","protected":false},"excerpt":{"rendered":"<p>Sehr gro\u00dfe Bauteile von Windkraftanlagen sorgen am Magdeburger Hafen daf\u00fcr, dass auch ein Hallen-Zugang besonders gro\u00df sein muss: 10 mal 10 Meter. Dieses Tor fordert alle Beteiligten. Die Planung muss die hohen Windlasten und das Gewicht der Anlage (rund zwei Tonnen) ber\u00fccksichtigen. Auch die Anforderungen an den Montagebetrieb sind hoch \u2013 im doppelten Sinne, denn Arbeiten in 10 Meter H\u00f6he sind nicht allt\u00e4glich. Den Einbau des Teckentrup-Rolltors leistete Lingner T\u00fcr- und Tortechnik (Sch\u00f6nebeck). <\/p>\n","protected":false},"author":9,"featured_media":17465,"comment_status":"closed","ping_status":"open","sticky":false,"template":"","format":"standard","meta":{"footnotes":""},"categories":[18],"tags":[3276,3146,278,3274,565,577,3278],"class_list":["post-17463","post","type-post","status-publish","format-standard","has-post-thumbnail","hentry","category-teckentrup","tag-hafen","tag-industriehalle","tag-industrietor","tag-magdeburg","tag-teckentrup","tag-tor","tag-zugang"],"_links":{"self":[{"href":"https:\/\/www.pr-neu.de\/newsroom\/wp-json\/wp\/v2\/posts\/17463","targetHints":{"allow":["GET"]}}],"collection":[{"href":"https:\/\/www.pr-neu.de\/newsroom\/wp-json\/wp\/v2\/posts"}],"about":[{"href":"https:\/\/www.pr-neu.de\/newsroom\/wp-json\/wp\/v2\/types\/post"}],"author":[{"embeddable":true,"href":"https:\/\/www.pr-neu.de\/newsroom\/wp-json\/wp\/v2\/users\/9"}],"replies":[{"embeddable":true,"href":"https:\/\/www.pr-neu.de\/newsroom\/wp-json\/wp\/v2\/comments?post=17463"}],"version-history":[{"count":4,"href":"https:\/\/www.pr-neu.de\/newsroom\/wp-json\/wp\/v2\/posts\/17463\/revisions"}],"predecessor-version":[{"id":17479,"href":"https:\/\/www.pr-neu.de\/newsroom\/wp-json\/wp\/v2\/posts\/17463\/revisions\/17479"}],"wp:featuredmedia":[{"embeddable":true,"href":"https:\/\/www.pr-neu.de\/newsroom\/wp-json\/wp\/v2\/media\/17465"}],"wp:attachment":[{"href":"https:\/\/www.pr-neu.de\/newsroom\/wp-json\/wp\/v2\/media?parent=17463"}],"wp:term":[{"taxonomy":"category","embeddable":true,"href":"https:\/\/www.pr-neu.de\/newsroom\/wp-json\/wp\/v2\/categories?post=17463"},{"taxonomy":"post_tag","embeddable":true,"href":"https:\/\/www.pr-neu.de\/newsroom\/wp-json\/wp\/v2\/tags?post=17463"}],"curies":[{"name":"wp","href":"https:\/\/api.w.org\/{rel}","templated":true}]}}