{"id":17459,"date":"2025-02-19T09:47:05","date_gmt":"2025-02-19T08:47:05","guid":{"rendered":"https:\/\/www.pr-neu.de\/newsroom\/?p=17459"},"modified":"2025-02-19T09:47:05","modified_gmt":"2025-02-19T08:47:05","slug":"strategische-allianz-fuer-sommer-und-wintergaerten","status":"publish","type":"post","link":"https:\/\/www.pr-neu.de\/newsroom\/strategische-allianz-fuer-sommer-und-wintergaerten\/","title":{"rendered":"Strategische Allianz f\u00fcr Sommer- und Winterg\u00e4rten"},"content":{"rendered":"<p><strong>Die beiden marktf\u00fchrenden Unternehmen Tebau (Sinsheim) und TS-Aluminium (Gro\u00dfefehn) sind eine strategische Allianz eingegangen, mit der sie ihre St\u00e4rken f\u00fcr die Wintergarten-Bauer b\u00fcndeln. Tebau bietet zuk\u00fcnftig mit dem TS-Aluminium-Portfolio ein erweitertes Angebot. F\u00fcr TS-Aluminium kommt ein Vertriebskanal \u00fcber einen etablierten Anbieter hinzu.<\/strong><\/p>\n<p>Tebau ist seit vielen Jahren der Winter-\/Sommergarten-Teil der Unternehmensgruppe Alfred Bohn, die zu den gro\u00dfen Anbietern im Segment Fenster und T\u00fcren z\u00e4hlt. TS-Aluminium hat sich als Systemgeber f\u00fcr Sommer- und Winterg\u00e4rten sowie Lamellend\u00e4cher etabliert. \u201eF\u00fcr Tebau-Kunden w\u00e4chst durch die Allianz mit TS-Aluminium das Angebot, sowohl f\u00fcr die Gestaltung der Anlagen als auch bei den Services. Unsere Partner k\u00f6nnen vollst\u00e4ndig vorkonfektionierte Baus\u00e4tze f\u00fcr einen Wintergarten erhalten\u201c, erkl\u00e4rt Andreas K\u00f6nig, Sprecher der Gesch\u00e4ftsf\u00fchrung der Unternehmensgruppe Alfred Bohn. TS-Aluminium-Vertriebschef Harald de Witt erg\u00e4nzt: \u201eMit Tebau haben wir einen Partner gefunden, der unsere Philosophie teilt: Flexibilit\u00e4t f\u00fcr unsere Kunden und Qualit\u00e4t, made in Germany\u201c.<\/p>\n<p>&nbsp;<\/p>\n<hr \/>\n<p>&nbsp;<\/p>\n<p><a href=\"http:\/\/www.pr-neu.de\/newsroom\/wordpress\/wp-content\/uploads\/2025\/02\/25_01_Koenig_K.jpg\" target=\"_blank\" rel=\"noopener\"><img loading=\"lazy\" decoding=\"async\" class=\"aligncenter wp-image-17460 size-medium\" src=\"http:\/\/www.pr-neu.de\/newsroom\/wordpress\/wp-content\/uploads\/2025\/02\/25_01_Koenig_K-199x300.jpg\" alt=\"\u201eTS-Aluminium erf\u00fcllt alle Qualit\u00e4tsanspr\u00fcche, die Tebau f\u00fcr seine Kunden an einen Partner stellt.\u201c Andreas K\u00f6nig, Sprecher der Gesch\u00e4ftsf\u00fchrung, Unternehmensgruppe Alfred Bohn.\" width=\"199\" height=\"300\" srcset=\"https:\/\/www.pr-neu.de\/newsroom\/wordpress\/wp-content\/uploads\/2025\/02\/25_01_Koenig_K-199x300.jpg 199w, https:\/\/www.pr-neu.de\/newsroom\/wordpress\/wp-content\/uploads\/2025\/02\/25_01_Koenig_K-678x1024.jpg 678w, https:\/\/www.pr-neu.de\/newsroom\/wordpress\/wp-content\/uploads\/2025\/02\/25_01_Koenig_K-768x1161.jpg 768w, https:\/\/www.pr-neu.de\/newsroom\/wordpress\/wp-content\/uploads\/2025\/02\/25_01_Koenig_K-1016x1536.jpg 1016w, https:\/\/www.pr-neu.de\/newsroom\/wordpress\/wp-content\/uploads\/2025\/02\/25_01_Koenig_K-1355x2048.jpg 1355w, https:\/\/www.pr-neu.de\/newsroom\/wordpress\/wp-content\/uploads\/2025\/02\/25_01_Koenig_K-73x110.jpg 73w, https:\/\/www.pr-neu.de\/newsroom\/wordpress\/wp-content\/uploads\/2025\/02\/25_01_Koenig_K-278x420.jpg 278w, https:\/\/www.pr-neu.de\/newsroom\/wordpress\/wp-content\/uploads\/2025\/02\/25_01_Koenig_K-285x430.jpg 285w, https:\/\/www.pr-neu.de\/newsroom\/wordpress\/wp-content\/uploads\/2025\/02\/25_01_Koenig_K.jpg 1588w\" sizes=\"auto, (max-width: 199px) 100vw, 199px\" \/><\/a><\/p>\n<p style=\"text-align: center;\">\u201eTS-Aluminium erf\u00fcllt alle Qualit\u00e4tsanspr\u00fcche, die Tebau f\u00fcr seine Kunden an einen Partner stellt.\u201c Andreas K\u00f6nig, Sprecher der Gesch\u00e4ftsf\u00fchrung, Unternehmensgruppe Alfred Bohn.<br \/>\nBild: Siegler \/ Tebau<\/p>\n<p>&nbsp;<\/p>\n<p style=\"text-align: center;\"><a href=\"http:\/\/www.pr-neu.de\/newsroom\/wordpress\/wp-content\/uploads\/2025\/02\/25-01_Harald_de_Witt_K.jpg\" target=\"_blank\" rel=\"noopener\"><img loading=\"lazy\" decoding=\"async\" class=\"aligncenter wp-image-17461 size-medium\" src=\"http:\/\/www.pr-neu.de\/newsroom\/wordpress\/wp-content\/uploads\/2025\/02\/25-01_Harald_de_Witt_K-300x211.jpg\" alt=\"Harald de Witt\" width=\"300\" height=\"211\" srcset=\"https:\/\/www.pr-neu.de\/newsroom\/wordpress\/wp-content\/uploads\/2025\/02\/25-01_Harald_de_Witt_K-300x211.jpg 300w, https:\/\/www.pr-neu.de\/newsroom\/wordpress\/wp-content\/uploads\/2025\/02\/25-01_Harald_de_Witt_K-1024x719.jpg 1024w, https:\/\/www.pr-neu.de\/newsroom\/wordpress\/wp-content\/uploads\/2025\/02\/25-01_Harald_de_Witt_K-768x539.jpg 768w, https:\/\/www.pr-neu.de\/newsroom\/wordpress\/wp-content\/uploads\/2025\/02\/25-01_Harald_de_Witt_K-1536x1078.jpg 1536w, https:\/\/www.pr-neu.de\/newsroom\/wordpress\/wp-content\/uploads\/2025\/02\/25-01_Harald_de_Witt_K-2048x1438.jpg 2048w, https:\/\/www.pr-neu.de\/newsroom\/wordpress\/wp-content\/uploads\/2025\/02\/25-01_Harald_de_Witt_K-110x77.jpg 110w, https:\/\/www.pr-neu.de\/newsroom\/wordpress\/wp-content\/uploads\/2025\/02\/25-01_Harald_de_Witt_K-420x295.jpg 420w, https:\/\/www.pr-neu.de\/newsroom\/wordpress\/wp-content\/uploads\/2025\/02\/25-01_Harald_de_Witt_K-612x430.jpg 612w\" sizes=\"auto, (max-width: 300px) 100vw, 300px\" \/><\/a><\/p>\n<p style=\"text-align: center;\">\u201eMit Tebau haben wir einen erfahrenen Partner, der sich im Markt der privaten Bauherren optimal etabliert hat.\u201c Harald de Witt, Vertriebsleiter TS-Aluminium.<br \/>\nBild: Sebastian Engels \/ TS-Aluminium<\/p>\n<p>&nbsp;<\/p>\n<hr \/>\n<p>&nbsp;<\/p>\n<p><strong>Die Nummer Eins unter den Dachprofilsystemen<\/strong><\/p>\n<p>TS-Aluminium ist der f\u00fchrende Anbieter von hochwertigen Aluminium-Profilsystemen \u201eMade in Germany\u201c. Das Familienunternehmen entwickelt, produziert und liefert ma\u00dfgeschneiderte Systeml\u00f6sungen f\u00fcr Winterg\u00e4rten, Sommerg\u00e4rten und Terrassend\u00e4cher in Premium-Qualit\u00e4t. Zus\u00e4tzlich geh\u00f6ren Faltanlagen, \u00d6ffnungselemente, L\u00fcftungs- und Steuerungssysteme zum Portfolio des \u201eHidden Champions\u201c. Gemeinsam mit einem Netz aus Verarbeitern und Fachh\u00e4ndlern setzt TS-Aluminium auch im europ\u00e4ischen Ausland Standards und steht f\u00fcr h\u00f6chste Qualit\u00e4t und Kundenorientierung. Mit mehr als 40 Jahren Expertise entwickelt der Systemgeber seine Produkte kontinuierlich weiter und bietet umfassende Beratungs- und Serviceleistungen auf Augenh\u00f6he.<\/p>\n<p>Vom Zwei-Mann-Betrieb zum Marktf\u00fchrer in Deutschland: TS-Aluminium besch\u00e4ftigt in Gro\u00dfefehn \u00fcber 130 Arbeitnehmer.<\/p>\n<p>&nbsp;<\/p>\n<hr \/>\n<p>&nbsp;<\/p>\n<p>Abdruck honorarfrei, Belegexemplar erbeten<\/p>\n","protected":false},"excerpt":{"rendered":"<p>Die beiden marktf\u00fchrenden Unternehmen Tebau (Sinsheim) und TS-Aluminium (Gro\u00dfefehn) sind eine strategische Allianz eingegangen, mit der sie ihre St\u00e4rken f\u00fcr die Wintergarten-Bauer b\u00fcndeln. <\/p>\n","protected":false},"author":10,"featured_media":13939,"comment_status":"closed","ping_status":"open","sticky":false,"template":"","format":"standard","meta":{"footnotes":""},"categories":[1761],"tags":[2045,1893,3272,1895,1793,1757,611,635],"class_list":["post-17459","post","type-post","status-publish","format-standard","has-post-thumbnail","hentry","category-ts-aluminium","tag-kooperation","tag-sommergarten","tag-tebau","tag-terrassendach","tag-ts-aluminium","tag-unternehmen","tag-vertrieb","tag-wintergarten"],"_links":{"self":[{"href":"https:\/\/www.pr-neu.de\/newsroom\/wp-json\/wp\/v2\/posts\/17459","targetHints":{"allow":["GET"]}}],"collection":[{"href":"https:\/\/www.pr-neu.de\/newsroom\/wp-json\/wp\/v2\/posts"}],"about":[{"href":"https:\/\/www.pr-neu.de\/newsroom\/wp-json\/wp\/v2\/types\/post"}],"author":[{"embeddable":true,"href":"https:\/\/www.pr-neu.de\/newsroom\/wp-json\/wp\/v2\/users\/10"}],"replies":[{"embeddable":true,"href":"https:\/\/www.pr-neu.de\/newsroom\/wp-json\/wp\/v2\/comments?post=17459"}],"version-history":[{"count":1,"href":"https:\/\/www.pr-neu.de\/newsroom\/wp-json\/wp\/v2\/posts\/17459\/revisions"}],"predecessor-version":[{"id":17462,"href":"https:\/\/www.pr-neu.de\/newsroom\/wp-json\/wp\/v2\/posts\/17459\/revisions\/17462"}],"wp:featuredmedia":[{"embeddable":true,"href":"https:\/\/www.pr-neu.de\/newsroom\/wp-json\/wp\/v2\/media\/13939"}],"wp:attachment":[{"href":"https:\/\/www.pr-neu.de\/newsroom\/wp-json\/wp\/v2\/media?parent=17459"}],"wp:term":[{"taxonomy":"category","embeddable":true,"href":"https:\/\/www.pr-neu.de\/newsroom\/wp-json\/wp\/v2\/categories?post=17459"},{"taxonomy":"post_tag","embeddable":true,"href":"https:\/\/www.pr-neu.de\/newsroom\/wp-json\/wp\/v2\/tags?post=17459"}],"curies":[{"name":"wp","href":"https:\/\/api.w.org\/{rel}","templated":true}]}}