{"id":17428,"date":"2025-02-13T10:06:17","date_gmt":"2025-02-13T09:06:17","guid":{"rendered":"https:\/\/www.pr-neu.de\/newsroom\/?p=17428"},"modified":"2025-02-13T10:07:57","modified_gmt":"2025-02-13T09:07:57","slug":"digital-vermessen","status":"publish","type":"post","link":"https:\/\/www.pr-neu.de\/newsroom\/digital-vermessen\/","title":{"rendered":"Digital vermessen"},"content":{"rendered":"<p>&nbsp;<\/p>\n<p><u>Sanierung eines Mehrfamilienhauses in Bad Saulgau<\/u><\/p>\n<p><strong>Wenn von Bestandsfassaden keine (ausreichenden) Pl\u00e4ne existieren, ist die Planung f\u00fcr Sanierer aufw\u00e4ndig oder unsicher. Ein neuer Service verhilft jetzt zu schnellen und genauen Geb\u00e4udedaten: die digitale Vermessung. Dabei erfasst ein Laserscanner Fassaden \u2013 mit allen \u00d6ffnungen, Anbauten und Verspr\u00fcngen. Daten f\u00fcr ein Mehrfamilienhaus sind so in wenigen Stunden ermittelt. Die Baugenossenschaft Bad Saulgau hat diesen Service von Sto nun eingesetzt und stellte dem ausf\u00fchrenden Handwerksbetrieb so valide Plandaten bereit.<\/strong><\/p>\n<p>Bad Saulgau liegt im Zentrum Oberschwabens und ist die zweitgr\u00f6\u00dfte Stadt im Landkreis Sigmaringen. In der 17.500-Einwohnerstadt sitzt die Baugenossenschaft Bad Saulgau eG, die im Umkreis von rund 20 Kilometern \u00fcber einen Bestand von 60 Geb\u00e4uden mit insgesamt 450 Wohnungen verf\u00fcgt und f\u00fcr zus\u00e4tzliche 60 Geb\u00e4ude mit 850 Wohnungen die Hausverwaltung \u00fcbernommen hat. Die Baugenossenschaft saniert Zug um Zug ihre Liegenschaften energetisch. \u201eWohnungen mit niedrigeren Energiekosten k\u00f6nnen einfacher vermietet werden\u201c, wei\u00df Ralf Lutz, technischer Leiter des Unternehmens. Als Gesch\u00e4ftsf\u00fchrer der BGBS Immobilienservice GmbH, einer Tochterfirma der Baugenossenschaft, plant er die sukzessiv laufenden Sanierungen.<\/p>\n<p>Alle Geb\u00e4ude erhalten ein Fassadend\u00e4mmsystem, ein neues Dach, eine L\u00fcftungsanlage und neue Balkone. \u201eVorteil eines Fassadend\u00e4mmsystems ist nicht nur eine Reduzierung der Heizkosten\u201c, berichtet Lutz. \u201eBei unged\u00e4mmten Geb\u00e4uden ist das Mauerwerk kalt. Die Folge ist h\u00e4ufig Schimmelbefall im Innenraum. Das D\u00e4mmsystem h\u00e4lt das Mauerwerk warm. Wenn wir dann noch eine L\u00fcftungsanlage installieren, dann steigert sich auch noch der Wohnkomfort.\u201c<\/p>\n<p>Ein Sanierungsprojekt liegt im Eichendorffweg 4. Von dem 1964 errichteten Sechs-Parteien-Wohnhaus lagen \u2013 wie bei vielen \u00e4lteren Objekten \u2013 keine ausreichenden Bestandspl\u00e4ne vor. Ralf Lutz nutzte darum den Sto Klimaservice. Projektmanager Ralf Fr\u00f6hler lief mit einem 3D-Fassadenscanner um das Geb\u00e4ude, um es zentimetergenau digital zu erfassen. \u201eWir haben an einem Tag vier Geb\u00e4ude gescannt. Der mobile 3D-Scanner lieferte uns schnell und zuverl\u00e4ssig eine digitale Bestandsaufnahme. Am Computer wurde aus der Punktwolke ein 3D-Modell entwickelt, in dem ich die Fassadenfl\u00e4chen schnell und einfach berechnen konnte\u201c, berichtet Ralf Lutz. Stuckateurmeister Tobias M\u00fcller erstellte daraufhin ein Angebot f\u00fcr die Fassadenarbeiten. Von Anfang an im Boot war ein Energieberater, der die erforderlichen D\u00e4mmst\u00e4rken berechnete, um die Anforderungen f\u00fcr KfW-F\u00f6rdermittel zu erf\u00fcllen.<br \/>\nDas Geb\u00e4ude wurde mit 16 Zentimeter dicken, nichtbrennbaren Steinwolleplatten ged\u00e4mmt \u2013 verklebt und ged\u00fcbelt, armiert und mit einem mineralischen Oberputz in Kratzputzstruktur (StoSignature Texture: Rough) gestaltet. Ein zweifacher Anstrich mit Siliconharz-Fassadenfarbe in grauem Farbton sch\u00fctzt die Wand langfristig vor der Witterung und beugt dem Befall mit Algen und Pilzen vor. Die Treppenhaus-Achse wurde mit einem Feinputz im Farbton R\u00fcgener Kreide betont (Gestaltungskonzept: StoDesign). Ebenfalls mit Feinputz gestaltete Faschen in verschiedenen Farbt\u00f6nen umranden die Fenster, moderne Vorstellbalkone aus Aluminium mit Glasf\u00fcllung komplettieren das moderne Bild. Im Ergebnis: verringerte Energiekosten, gesteigerte Behaglichkeit und attraktiveres \u00c4u\u00dferes.<\/p>\n<p>Das digitale Vermessen hat den Bauprozess beschleunigt und allen Beteiligten die Arbeit erleichtert. \u201eDas ging schnell und einfach\u201c, bilanziert Tobias M\u00fcller. \u201eDie Mengenberechnung hat sehr gut gepasst. Wenn wir ein h\u00e4ndisches Aufma\u00df mit dem Laserpointer erstellen, habe ich mehr Material \u00fcbrig.\u201c Die Baugenossenschaft Bad Saulgau setzt das Sanierungsprogramm weiter fort \u2013 die n\u00e4chsten Geb\u00e4ude sind bereits gescannt.<\/p>\n<p>&nbsp;<\/p>\n<hr \/>\n<p>&nbsp;<\/p>\n<p><strong>Bautafel<\/strong><\/p>\n<p><em>Bauherr<\/em><br \/>\nBaugenossenschaft Bad Saulgau eG<\/p>\n<p><em>Standort<\/em><br \/>\nEichendorffweg 4, 88348 Bad Saulgau<\/p>\n<p><em>Fachhandwerker<\/em><br \/>\nGeorg M\u00fcller GmbH, Bad Saulgau<\/p>\n<p><em>Baustoffe<\/em><br \/>\nnichtbrennbares Fassadend\u00e4mmsystem StoTherm Mineral<br \/>\nOberputz StoMiral<br \/>\nSiliconharz-Fassadenfarbe StoColor Silco G<br \/>\nFeinputz StoSignature Texture: Fine 40<\/p>\n<p>&nbsp;<\/p>\n<hr \/>\n<p>&nbsp;<\/p>\n<p><a href=\"http:\/\/www.pr-neu.de\/newsroom\/wordpress\/wp-content\/uploads\/2025\/02\/24-41_Mehrfamilienhaus-vorher_1_K.jpg\" target=\"_blank\" rel=\"noopener\"><img loading=\"lazy\" decoding=\"async\" class=\"aligncenter wp-image-17435 size-medium\" src=\"http:\/\/www.pr-neu.de\/newsroom\/wordpress\/wp-content\/uploads\/2025\/02\/24-41_Mehrfamilienhaus-vorher_1_K-300x225.jpg\" alt=\"\" width=\"300\" height=\"225\" srcset=\"https:\/\/www.pr-neu.de\/newsroom\/wordpress\/wp-content\/uploads\/2025\/02\/24-41_Mehrfamilienhaus-vorher_1_K-300x225.jpg 300w, https:\/\/www.pr-neu.de\/newsroom\/wordpress\/wp-content\/uploads\/2025\/02\/24-41_Mehrfamilienhaus-vorher_1_K-1024x768.jpg 1024w, https:\/\/www.pr-neu.de\/newsroom\/wordpress\/wp-content\/uploads\/2025\/02\/24-41_Mehrfamilienhaus-vorher_1_K-768x576.jpg 768w, https:\/\/www.pr-neu.de\/newsroom\/wordpress\/wp-content\/uploads\/2025\/02\/24-41_Mehrfamilienhaus-vorher_1_K-1536x1152.jpg 1536w, https:\/\/www.pr-neu.de\/newsroom\/wordpress\/wp-content\/uploads\/2025\/02\/24-41_Mehrfamilienhaus-vorher_1_K-2048x1536.jpg 2048w, https:\/\/www.pr-neu.de\/newsroom\/wordpress\/wp-content\/uploads\/2025\/02\/24-41_Mehrfamilienhaus-vorher_1_K-110x83.jpg 110w, https:\/\/www.pr-neu.de\/newsroom\/wordpress\/wp-content\/uploads\/2025\/02\/24-41_Mehrfamilienhaus-vorher_1_K-420x315.jpg 420w, https:\/\/www.pr-neu.de\/newsroom\/wordpress\/wp-content\/uploads\/2025\/02\/24-41_Mehrfamilienhaus-vorher_1_K-573x430.jpg 573w\" sizes=\"auto, (max-width: 300px) 100vw, 300px\" \/><\/a><\/p>\n<p><a href=\"http:\/\/www.pr-neu.de\/newsroom\/wordpress\/wp-content\/uploads\/2025\/02\/24-41_Mehrfamilienhaus-vorher_2_K.jpg\" target=\"_blank\" rel=\"noopener\"><img loading=\"lazy\" decoding=\"async\" class=\"wp-image-17436 size-medium aligncenter\" src=\"http:\/\/www.pr-neu.de\/newsroom\/wordpress\/wp-content\/uploads\/2025\/02\/24-41_Mehrfamilienhaus-vorher_2_K-300x225.jpg\" alt=\"\" width=\"300\" height=\"225\" srcset=\"https:\/\/www.pr-neu.de\/newsroom\/wordpress\/wp-content\/uploads\/2025\/02\/24-41_Mehrfamilienhaus-vorher_2_K-300x225.jpg 300w, https:\/\/www.pr-neu.de\/newsroom\/wordpress\/wp-content\/uploads\/2025\/02\/24-41_Mehrfamilienhaus-vorher_2_K-1024x768.jpg 1024w, https:\/\/www.pr-neu.de\/newsroom\/wordpress\/wp-content\/uploads\/2025\/02\/24-41_Mehrfamilienhaus-vorher_2_K-768x576.jpg 768w, https:\/\/www.pr-neu.de\/newsroom\/wordpress\/wp-content\/uploads\/2025\/02\/24-41_Mehrfamilienhaus-vorher_2_K-1536x1152.jpg 1536w, https:\/\/www.pr-neu.de\/newsroom\/wordpress\/wp-content\/uploads\/2025\/02\/24-41_Mehrfamilienhaus-vorher_2_K-2048x1536.jpg 2048w, https:\/\/www.pr-neu.de\/newsroom\/wordpress\/wp-content\/uploads\/2025\/02\/24-41_Mehrfamilienhaus-vorher_2_K-110x83.jpg 110w, https:\/\/www.pr-neu.de\/newsroom\/wordpress\/wp-content\/uploads\/2025\/02\/24-41_Mehrfamilienhaus-vorher_2_K-420x315.jpg 420w, https:\/\/www.pr-neu.de\/newsroom\/wordpress\/wp-content\/uploads\/2025\/02\/24-41_Mehrfamilienhaus-vorher_2_K-573x430.jpg 573w\" sizes=\"auto, (max-width: 300px) 100vw, 300px\" \/><\/a><\/p>\n<p><a href=\"http:\/\/www.pr-neu.de\/newsroom\/wordpress\/wp-content\/uploads\/2025\/02\/24-41_Mehrfamilienhaus-vorher_3_K.jpg\" target=\"_blank\" rel=\"noopener\"><img loading=\"lazy\" decoding=\"async\" class=\"wp-image-17429 size-medium aligncenter\" src=\"http:\/\/www.pr-neu.de\/newsroom\/wordpress\/wp-content\/uploads\/2025\/02\/24-41_Mehrfamilienhaus-vorher_3_K-225x300.jpg\" alt=\"\" width=\"225\" height=\"300\" srcset=\"https:\/\/www.pr-neu.de\/newsroom\/wordpress\/wp-content\/uploads\/2025\/02\/24-41_Mehrfamilienhaus-vorher_3_K-225x300.jpg 225w, https:\/\/www.pr-neu.de\/newsroom\/wordpress\/wp-content\/uploads\/2025\/02\/24-41_Mehrfamilienhaus-vorher_3_K-768x1024.jpg 768w, https:\/\/www.pr-neu.de\/newsroom\/wordpress\/wp-content\/uploads\/2025\/02\/24-41_Mehrfamilienhaus-vorher_3_K-1152x1536.jpg 1152w, https:\/\/www.pr-neu.de\/newsroom\/wordpress\/wp-content\/uploads\/2025\/02\/24-41_Mehrfamilienhaus-vorher_3_K-1536x2048.jpg 1536w, https:\/\/www.pr-neu.de\/newsroom\/wordpress\/wp-content\/uploads\/2025\/02\/24-41_Mehrfamilienhaus-vorher_3_K-83x110.jpg 83w, https:\/\/www.pr-neu.de\/newsroom\/wordpress\/wp-content\/uploads\/2025\/02\/24-41_Mehrfamilienhaus-vorher_3_K-315x420.jpg 315w, https:\/\/www.pr-neu.de\/newsroom\/wordpress\/wp-content\/uploads\/2025\/02\/24-41_Mehrfamilienhaus-vorher_3_K-323x430.jpg 323w, https:\/\/www.pr-neu.de\/newsroom\/wordpress\/wp-content\/uploads\/2025\/02\/24-41_Mehrfamilienhaus-vorher_3_K.jpg 1800w\" sizes=\"auto, (max-width: 225px) 100vw, 225px\" \/><\/a><\/p>\n<p style=\"text-align: center;\">Das Mehrfamilienhaus in Bad Saulgau vor der energetischen Sanierung.<br \/>\nBilder: Ralf Lutz<\/p>\n<p>&nbsp;<\/p>\n<p><a href=\"http:\/\/www.pr-neu.de\/newsroom\/wordpress\/wp-content\/uploads\/2025\/02\/24-41_Mehrfamilienhaus-saniert_2_K.jpg\" target=\"_blank\" rel=\"noopener\"><img loading=\"lazy\" decoding=\"async\" class=\"wp-image-17433 size-medium aligncenter\" src=\"http:\/\/www.pr-neu.de\/newsroom\/wordpress\/wp-content\/uploads\/2025\/02\/24-41_Mehrfamilienhaus-saniert_2_K-300x225.jpg\" alt=\"\" width=\"300\" height=\"225\" srcset=\"https:\/\/www.pr-neu.de\/newsroom\/wordpress\/wp-content\/uploads\/2025\/02\/24-41_Mehrfamilienhaus-saniert_2_K-300x225.jpg 300w, https:\/\/www.pr-neu.de\/newsroom\/wordpress\/wp-content\/uploads\/2025\/02\/24-41_Mehrfamilienhaus-saniert_2_K-1024x768.jpg 1024w, https:\/\/www.pr-neu.de\/newsroom\/wordpress\/wp-content\/uploads\/2025\/02\/24-41_Mehrfamilienhaus-saniert_2_K-768x576.jpg 768w, https:\/\/www.pr-neu.de\/newsroom\/wordpress\/wp-content\/uploads\/2025\/02\/24-41_Mehrfamilienhaus-saniert_2_K-1536x1152.jpg 1536w, https:\/\/www.pr-neu.de\/newsroom\/wordpress\/wp-content\/uploads\/2025\/02\/24-41_Mehrfamilienhaus-saniert_2_K-2048x1536.jpg 2048w, https:\/\/www.pr-neu.de\/newsroom\/wordpress\/wp-content\/uploads\/2025\/02\/24-41_Mehrfamilienhaus-saniert_2_K-110x83.jpg 110w, https:\/\/www.pr-neu.de\/newsroom\/wordpress\/wp-content\/uploads\/2025\/02\/24-41_Mehrfamilienhaus-saniert_2_K-420x315.jpg 420w, https:\/\/www.pr-neu.de\/newsroom\/wordpress\/wp-content\/uploads\/2025\/02\/24-41_Mehrfamilienhaus-saniert_2_K-573x430.jpg 573w\" sizes=\"auto, (max-width: 300px) 100vw, 300px\" \/><\/a><\/p>\n<p><a href=\"http:\/\/www.pr-neu.de\/newsroom\/wordpress\/wp-content\/uploads\/2025\/02\/24-41_Mehrfamilienhaus-saniert_3_K.jpg\" target=\"_blank\" rel=\"noopener\"><img loading=\"lazy\" decoding=\"async\" class=\"wp-image-17434 size-medium aligncenter\" src=\"http:\/\/www.pr-neu.de\/newsroom\/wordpress\/wp-content\/uploads\/2025\/02\/24-41_Mehrfamilienhaus-saniert_3_K-225x300.jpg\" alt=\"\" width=\"225\" height=\"300\" srcset=\"https:\/\/www.pr-neu.de\/newsroom\/wordpress\/wp-content\/uploads\/2025\/02\/24-41_Mehrfamilienhaus-saniert_3_K-225x300.jpg 225w, https:\/\/www.pr-neu.de\/newsroom\/wordpress\/wp-content\/uploads\/2025\/02\/24-41_Mehrfamilienhaus-saniert_3_K-768x1024.jpg 768w, https:\/\/www.pr-neu.de\/newsroom\/wordpress\/wp-content\/uploads\/2025\/02\/24-41_Mehrfamilienhaus-saniert_3_K-1152x1536.jpg 1152w, https:\/\/www.pr-neu.de\/newsroom\/wordpress\/wp-content\/uploads\/2025\/02\/24-41_Mehrfamilienhaus-saniert_3_K-1536x2048.jpg 1536w, https:\/\/www.pr-neu.de\/newsroom\/wordpress\/wp-content\/uploads\/2025\/02\/24-41_Mehrfamilienhaus-saniert_3_K-83x110.jpg 83w, https:\/\/www.pr-neu.de\/newsroom\/wordpress\/wp-content\/uploads\/2025\/02\/24-41_Mehrfamilienhaus-saniert_3_K-315x420.jpg 315w, https:\/\/www.pr-neu.de\/newsroom\/wordpress\/wp-content\/uploads\/2025\/02\/24-41_Mehrfamilienhaus-saniert_3_K-323x430.jpg 323w, https:\/\/www.pr-neu.de\/newsroom\/wordpress\/wp-content\/uploads\/2025\/02\/24-41_Mehrfamilienhaus-saniert_3_K.jpg 1800w\" sizes=\"auto, (max-width: 225px) 100vw, 225px\" \/><\/a><\/p>\n<p><a href=\"http:\/\/www.pr-neu.de\/newsroom\/wordpress\/wp-content\/uploads\/2025\/02\/24-41_Mehrfamilienhaus-saniert_1_K.jpg\" target=\"_blank\" rel=\"noopener\"><img loading=\"lazy\" decoding=\"async\" class=\"aligncenter wp-image-17432 size-medium\" src=\"http:\/\/www.pr-neu.de\/newsroom\/wordpress\/wp-content\/uploads\/2025\/02\/24-41_Mehrfamilienhaus-saniert_1_K-300x225.jpg\" alt=\"Das Mehrfamilienhaus in Bad Saulgau nach der umfassenden energetischen Sanierung inklusive Fassadend\u00e4mmung, neuem Dach und Balkonen.\" width=\"300\" height=\"225\" srcset=\"https:\/\/www.pr-neu.de\/newsroom\/wordpress\/wp-content\/uploads\/2025\/02\/24-41_Mehrfamilienhaus-saniert_1_K-300x225.jpg 300w, https:\/\/www.pr-neu.de\/newsroom\/wordpress\/wp-content\/uploads\/2025\/02\/24-41_Mehrfamilienhaus-saniert_1_K-1024x768.jpg 1024w, https:\/\/www.pr-neu.de\/newsroom\/wordpress\/wp-content\/uploads\/2025\/02\/24-41_Mehrfamilienhaus-saniert_1_K-768x576.jpg 768w, https:\/\/www.pr-neu.de\/newsroom\/wordpress\/wp-content\/uploads\/2025\/02\/24-41_Mehrfamilienhaus-saniert_1_K-1536x1152.jpg 1536w, https:\/\/www.pr-neu.de\/newsroom\/wordpress\/wp-content\/uploads\/2025\/02\/24-41_Mehrfamilienhaus-saniert_1_K-2048x1536.jpg 2048w, https:\/\/www.pr-neu.de\/newsroom\/wordpress\/wp-content\/uploads\/2025\/02\/24-41_Mehrfamilienhaus-saniert_1_K-110x83.jpg 110w, https:\/\/www.pr-neu.de\/newsroom\/wordpress\/wp-content\/uploads\/2025\/02\/24-41_Mehrfamilienhaus-saniert_1_K-420x315.jpg 420w, https:\/\/www.pr-neu.de\/newsroom\/wordpress\/wp-content\/uploads\/2025\/02\/24-41_Mehrfamilienhaus-saniert_1_K-573x430.jpg 573w\" sizes=\"auto, (max-width: 300px) 100vw, 300px\" \/><\/a><\/p>\n<p style=\"text-align: center;\">Das Mehrfamilienhaus in Bad Saulgau nach der umfassenden energetischen Sanierung inklusive Fassadend\u00e4mmung, neuem Dach und Balkonen.<br \/>\nBilder: Martin Baitinger, B\u00f6blingen \/ Sto SE &amp; Co. KGaA<\/p>\n<p>&nbsp;<\/p>\n<p><a href=\"http:\/\/www.pr-neu.de\/newsroom\/wordpress\/wp-content\/uploads\/2025\/02\/24-41_Punktwolke-Scan_1_K.jpg\" target=\"_blank\" rel=\"noopener\"><img loading=\"lazy\" decoding=\"async\" class=\"wp-image-17430 size-medium aligncenter\" src=\"http:\/\/www.pr-neu.de\/newsroom\/wordpress\/wp-content\/uploads\/2025\/02\/24-41_Punktwolke-Scan_1_K-300x167.jpg\" alt=\"\" width=\"300\" height=\"167\" srcset=\"https:\/\/www.pr-neu.de\/newsroom\/wordpress\/wp-content\/uploads\/2025\/02\/24-41_Punktwolke-Scan_1_K-300x167.jpg 300w, https:\/\/www.pr-neu.de\/newsroom\/wordpress\/wp-content\/uploads\/2025\/02\/24-41_Punktwolke-Scan_1_K-1024x568.jpg 1024w, https:\/\/www.pr-neu.de\/newsroom\/wordpress\/wp-content\/uploads\/2025\/02\/24-41_Punktwolke-Scan_1_K-768x426.jpg 768w, https:\/\/www.pr-neu.de\/newsroom\/wordpress\/wp-content\/uploads\/2025\/02\/24-41_Punktwolke-Scan_1_K-1536x852.jpg 1536w, https:\/\/www.pr-neu.de\/newsroom\/wordpress\/wp-content\/uploads\/2025\/02\/24-41_Punktwolke-Scan_1_K-2048x1137.jpg 2048w, https:\/\/www.pr-neu.de\/newsroom\/wordpress\/wp-content\/uploads\/2025\/02\/24-41_Punktwolke-Scan_1_K-110x61.jpg 110w, https:\/\/www.pr-neu.de\/newsroom\/wordpress\/wp-content\/uploads\/2025\/02\/24-41_Punktwolke-Scan_1_K-420x233.jpg 420w, https:\/\/www.pr-neu.de\/newsroom\/wordpress\/wp-content\/uploads\/2025\/02\/24-41_Punktwolke-Scan_1_K-248x138.jpg 248w, https:\/\/www.pr-neu.de\/newsroom\/wordpress\/wp-content\/uploads\/2025\/02\/24-41_Punktwolke-Scan_1_K-770x427.jpg 770w\" sizes=\"auto, (max-width: 300px) 100vw, 300px\" \/><\/a><\/p>\n<p><a href=\"http:\/\/www.pr-neu.de\/newsroom\/wordpress\/wp-content\/uploads\/2025\/02\/24-41_Punktwolke-Scan_2_K.jpg\" target=\"_blank\" rel=\"noopener\"><img loading=\"lazy\" decoding=\"async\" class=\"wp-image-17431 size-medium aligncenter\" src=\"http:\/\/www.pr-neu.de\/newsroom\/wordpress\/wp-content\/uploads\/2025\/02\/24-41_Punktwolke-Scan_2_K-300x167.jpg\" alt=\"\" width=\"300\" height=\"167\" srcset=\"https:\/\/www.pr-neu.de\/newsroom\/wordpress\/wp-content\/uploads\/2025\/02\/24-41_Punktwolke-Scan_2_K-300x167.jpg 300w, https:\/\/www.pr-neu.de\/newsroom\/wordpress\/wp-content\/uploads\/2025\/02\/24-41_Punktwolke-Scan_2_K-1024x568.jpg 1024w, https:\/\/www.pr-neu.de\/newsroom\/wordpress\/wp-content\/uploads\/2025\/02\/24-41_Punktwolke-Scan_2_K-768x426.jpg 768w, https:\/\/www.pr-neu.de\/newsroom\/wordpress\/wp-content\/uploads\/2025\/02\/24-41_Punktwolke-Scan_2_K-1536x852.jpg 1536w, https:\/\/www.pr-neu.de\/newsroom\/wordpress\/wp-content\/uploads\/2025\/02\/24-41_Punktwolke-Scan_2_K-2048x1137.jpg 2048w, https:\/\/www.pr-neu.de\/newsroom\/wordpress\/wp-content\/uploads\/2025\/02\/24-41_Punktwolke-Scan_2_K-110x61.jpg 110w, https:\/\/www.pr-neu.de\/newsroom\/wordpress\/wp-content\/uploads\/2025\/02\/24-41_Punktwolke-Scan_2_K-420x233.jpg 420w, https:\/\/www.pr-neu.de\/newsroom\/wordpress\/wp-content\/uploads\/2025\/02\/24-41_Punktwolke-Scan_2_K-248x138.jpg 248w, https:\/\/www.pr-neu.de\/newsroom\/wordpress\/wp-content\/uploads\/2025\/02\/24-41_Punktwolke-Scan_2_K-770x427.jpg 770w\" sizes=\"auto, (max-width: 300px) 100vw, 300px\" \/><\/a><\/p>\n<p style=\"text-align: center;\">Nachdem die Fassade gescannt ist, liefert der Sto Klimaservice ein Punktwolken-Bild vom Geb\u00e4ude. In kurzer Zeit liegen hochpr\u00e4zise Daten f\u00fcr die Sanierungs-Planung vor.<br \/>\nBilder: Sto SE &amp; Co. KGaA<\/p>\n<p>&nbsp;<\/p>\n<hr \/>\n<p>&nbsp;<\/p>\n<p>Abdruck honorarfrei, Belegexemplar erbeten<\/p>\n","protected":false},"excerpt":{"rendered":"<p>Fehlen die Pl\u00e4ne von Bestandsfassaden, ist eine zuverl\u00e4ssige Sanierungsplanung kaum m\u00f6glich. Ein neuer Service setzt genau hier an und ermittelt schnell und genau die relevanten Geb\u00e4udedaten per digitaler Vermessung. Dabei erfasst ein Laserscanner Fassaden \u2013 mit allen \u00d6ffnungen, Anbauten und Verspr\u00fcngen. Die Ma\u00dfe f\u00fcr ein Mehrfamilienhaus sind so in wenigen Stunden ermittelt. Ein Praxisbeispiel der Baugenossenschaft Bad Saulgau zeigt, wie das funktioniert. <\/p>\n","protected":false},"author":9,"featured_media":17430,"comment_status":"closed","ping_status":"open","sticky":false,"template":"","format":"standard","meta":{"footnotes":""},"categories":[15],"tags":[3266,2744,187,2517,3270,504,3268],"class_list":["post-17428","post","type-post","status-publish","format-standard","has-post-thumbnail","hentry","category-sto","tag-aufmessung","tag-bestand","tag-fassade","tag-klimaservice","tag-laserscan","tag-sto-2","tag-vermessung"],"_links":{"self":[{"href":"https:\/\/www.pr-neu.de\/newsroom\/wp-json\/wp\/v2\/posts\/17428","targetHints":{"allow":["GET"]}}],"collection":[{"href":"https:\/\/www.pr-neu.de\/newsroom\/wp-json\/wp\/v2\/posts"}],"about":[{"href":"https:\/\/www.pr-neu.de\/newsroom\/wp-json\/wp\/v2\/types\/post"}],"author":[{"embeddable":true,"href":"https:\/\/www.pr-neu.de\/newsroom\/wp-json\/wp\/v2\/users\/9"}],"replies":[{"embeddable":true,"href":"https:\/\/www.pr-neu.de\/newsroom\/wp-json\/wp\/v2\/comments?post=17428"}],"version-history":[{"count":4,"href":"https:\/\/www.pr-neu.de\/newsroom\/wp-json\/wp\/v2\/posts\/17428\/revisions"}],"predecessor-version":[{"id":17440,"href":"https:\/\/www.pr-neu.de\/newsroom\/wp-json\/wp\/v2\/posts\/17428\/revisions\/17440"}],"wp:featuredmedia":[{"embeddable":true,"href":"https:\/\/www.pr-neu.de\/newsroom\/wp-json\/wp\/v2\/media\/17430"}],"wp:attachment":[{"href":"https:\/\/www.pr-neu.de\/newsroom\/wp-json\/wp\/v2\/media?parent=17428"}],"wp:term":[{"taxonomy":"category","embeddable":true,"href":"https:\/\/www.pr-neu.de\/newsroom\/wp-json\/wp\/v2\/categories?post=17428"},{"taxonomy":"post_tag","embeddable":true,"href":"https:\/\/www.pr-neu.de\/newsroom\/wp-json\/wp\/v2\/tags?post=17428"}],"curies":[{"name":"wp","href":"https:\/\/api.w.org\/{rel}","templated":true}]}}