{"id":17402,"date":"2025-02-06T17:00:39","date_gmt":"2025-02-06T16:00:39","guid":{"rendered":"https:\/\/www.pr-neu.de\/newsroom\/?p=17402"},"modified":"2025-02-07T08:53:10","modified_gmt":"2025-02-07T07:53:10","slug":"bundeskanzler-olaf-scholz-besucht-sto","status":"publish","type":"post","link":"https:\/\/www.pr-neu.de\/newsroom\/bundeskanzler-olaf-scholz-besucht-sto\/","title":{"rendered":"Bundeskanzler Olaf Scholz besucht Sto"},"content":{"rendered":"<ul>\n<li><strong>Bundeskanzler Olaf Scholz besucht Sto-Stammsitz in St\u00fchlingen Baden-W\u00fcrttemberg<\/strong><\/li>\n<li><strong>Scholz: \u201eDabei sind sie als Investor darauf angewiesen, dass wir die Rahmenbedingungen f\u00fcr das Bauen vereinfachen. Die Gesetze sind alle fertig und werden sp\u00e4testens nach der Bundestagswahl in einem relativ gro\u00dfen Konsens beschlossen werden, weil sie nicht umstritten sind.\u201c<\/strong><\/li>\n<li><strong>Rainer H\u00fcttenberger, Vorstandsvorsitzender der STO Management SE: \u201eWir ben\u00f6tigen dringend verl\u00e4ssliche Rahmenbedingungen durch den Staat und den Abbau von B\u00fcrokratie, denn nur so schaffen wir eine Planungssicherheit f\u00fcr private und gewerbliche Bauherren.\u201c<\/strong><\/li>\n<li><strong>Austausch mit Besch\u00e4ftigten des Standorts<\/strong><\/li>\n<\/ul>\n<p><em>St\u00fchlingen, 06.02.2025<\/em>. Bundeskanzler Olaf Scholz hat den Firmensitz von Sto in St\u00fchlingen besucht. Das mittelst\u00e4ndische Unternehmen wurde 1955 gegr\u00fcndet und hat sich seitdem zu einem internationalen Konzern zur Herstellung von Produkten und Systemen f\u00fcr Geb\u00e4udebeschichtungen entwickelt. Gemeinsam mit dem Sto-Vorstandsvorsitzenden Rainer H\u00fcttenberger, dem stellvertretenden Vorstandsvorsitzenden Michael Keller, den beiden Vorst\u00e4nden D\u00e9sir\u00e9e Konrad und Jost Bendel sowie der SPD-Bundestagsabgeordneten Rita Schwarzel\u00fchr-Sutter hat sich der Bundeskanzler einen Eindruck vom Unternehmen sowie der aktuellen wirtschaftlichen Lage in der Baubranche verschafft. \u201eDeutschland ist gepr\u00e4gt von mittelst\u00e4ndischen Unternehmen, die gemeinsam mit ihren Mitarbeiterinnen und Mitarbeitern innovative und nachhaltige Produkte entwickeln, und genau das erleben wir. Dabei sind sie als Investor darauf angewiesen, dass wir die Rahmenbedingungen f\u00fcr das Bauen vereinfachen. Das ist der Fall, sie sind abgesprochen mit der Bauwirtschaft, und die Gesetze sind alle fertig. Ich bin mir sicher, dass sie sp\u00e4testens nach der Bundestagswahl in einem relativ gro\u00dfen Konsens beschlossen werden, weil sie nicht umstritten sind. Das brauchen wir auch, damit die Baukonjunktur zusammen mit den wieder gesunkenen Zinsen anzieht. Das wird jetzt auch gelingen\u201c, sagt Bundeskanzler Olaf Scholz.<\/p>\n<p>Im Gespr\u00e4ch mit Bundeskanzler Scholz wies Sto-Vorstandsvorsitzender H\u00fcttenberger auf die aktuelle angespannte Lage in der Baubranche und seine Erwartungen an die Politik hin: \u201eDie Sto-Gruppe investiert kontinuierlich in die Forschung und Entwicklung ihrer Produkte und in neue Gesch\u00e4ftsfelder, wie zum Beispiel das serielle Bauen und Sanieren. Unsere Produkte stehen f\u00fcr \u201eMade in Germany\u201c und wir werden, abh\u00e4ngig von der Gesch\u00e4ftsentwicklung, mit dem Bau unseres Innovations-Campus hier in St\u00fchlingen beginnen. Deshalb ist es f\u00fcr uns enorm wichtig, dass die Baubranche wieder an Fahrt aufnimmt. Daf\u00fcr brauchen wir verl\u00e4ssliche Rahmenbedingungen durch den Staat und den Abbau von B\u00fcrokratie, um den Investitionsstau auf allen Ebenen aufzul\u00f6sen.\u201c<\/p>\n<p>Beim Rundgang testete Bundeskanzler Scholz die hohe wasserabweisende Wirkung der Fassadenfarben StoColor Dryonic sowie Lotusan und bestrich ein Farbmuster an der Farbenproduktion. In der Sto-Infofabrik, dem Besucherzentrum von Sto, verschaffte er sich einen \u00dcberblick \u00fcber die verschiedenen D\u00e4mmstoffe, Fassadensysteme und Gestaltungsm\u00f6glichkeiten wie zum Beispiel Putz, Klinker und Photovoltaik. Anschlie\u00dfend folgte ein Dialog mit Mitarbeiterinnen und Mitarbeitern von Sto, in dem der Bundeskanzler Rede und Antwort stand. Die SPD-Bundestagsabgeordnete Rita Schwarzel\u00fchr-Sutter betonte: \u201eBauen ist und bleibt ein wesentlicher Wirtschaftsfaktor f\u00fcr Deutschland. Mit Innovationskraft und h\u00f6chster Qualit\u00e4t tr\u00e4gt Sto ma\u00dfgeblich zur Sicherung von Arbeitspl\u00e4tzen in unserer Region und zur St\u00e4rkung der deutschen Wirtschaft bei. Dabei wird nicht nur auf erstklassige Produkte gesetzt, sondern auch auf langfristige Zukunftsf\u00e4higkeit \u2013 ein entscheidender Vorteil in Zeiten wirtschaftlicher Unsicherheit. Ein \u201aMade in Germany\u2018-Bonus w\u00e4re ein unkomplizierter Investitionsanreiz, der Wachstum f\u00f6rdert und Unternehmen wie Sto weiter unterst\u00fctzt.&#8220;<\/p>\n<p>Die Sto-Gruppe ist Weltmarktf\u00fchrer im Segment der W\u00e4rmed\u00e4mm-Verbundsysteme und setzt auf unterschiedlichste Systeme und Materialien. \u201eDie Nachhaltigkeit hat bei der Produktentwicklung h\u00f6chste Priorit\u00e4t, nicht nur wegen der strengen rechtlichen Vorgaben, sondern auch aufgrund unserer eigenen Unternehmensmission \u201eBewusst bauen\u201c, so H\u00fcttenberger. In Deutschland sind aktuell rund 3.100 Mitarbeiterinnen und Mitarbeiter in der Sto-Gruppe besch\u00e4ftigt, international sind es rund 5.800 Besch\u00e4ftigte in 30 L\u00e4ndern. Sto steht seit jeher f\u00fcr innovative Farben f\u00fcr den Innen- und Au\u00dfenbereich sowie Fassadensysteme, dar\u00fcber hinaus ist die Sto-Gruppe im Bereich Betonsanierung und Bodenbeschichtungen t\u00e4tig. Es besteht ein hoher Anspruch an die Qualit\u00e4t der jeweiligen Produkte sowie der damit verbundenen Services und dem pers\u00f6nlichen Kontakt zum Kunden. Neben Farben und Baustoffen zur Geb\u00e4udesanierung von Einfamilienh\u00e4usern und gro\u00dfen Wohnanlagen bedient Sto den Markt f\u00fcr den Neubau von Gro\u00dfobjekten weltweit. Zahlreiche renommierte Bauten in internationalen Gro\u00dfst\u00e4dten sind nach architektonisch \u00e4sthetischen sowie nachhaltig funktionalen Aspekten mit Sto-Produkten gestaltet worden.<\/p>\n<p>&nbsp;<\/p>\n<hr \/>\n<p>&nbsp;<\/p>\n<p style=\"text-align: center;\"><a href=\"http:\/\/www.pr-neu.de\/newsroom\/wordpress\/wp-content\/uploads\/2025\/02\/25_07_Bundeskanzler_Scholz_bei_Sto_1_K.jpg\" target=\"_blank\" rel=\"noopener\"><img loading=\"lazy\" decoding=\"async\" class=\"aligncenter wp-image-17398 size-medium\" src=\"http:\/\/www.pr-neu.de\/newsroom\/wordpress\/wp-content\/uploads\/2025\/02\/25_07_Bundeskanzler_Scholz_bei_Sto_1_K-300x191.jpg\" alt=\"\" width=\"300\" height=\"191\" srcset=\"https:\/\/www.pr-neu.de\/newsroom\/wordpress\/wp-content\/uploads\/2025\/02\/25_07_Bundeskanzler_Scholz_bei_Sto_1_K-300x191.jpg 300w, https:\/\/www.pr-neu.de\/newsroom\/wordpress\/wp-content\/uploads\/2025\/02\/25_07_Bundeskanzler_Scholz_bei_Sto_1_K-1024x653.jpg 1024w, https:\/\/www.pr-neu.de\/newsroom\/wordpress\/wp-content\/uploads\/2025\/02\/25_07_Bundeskanzler_Scholz_bei_Sto_1_K-768x490.jpg 768w, https:\/\/www.pr-neu.de\/newsroom\/wordpress\/wp-content\/uploads\/2025\/02\/25_07_Bundeskanzler_Scholz_bei_Sto_1_K-1536x979.jpg 1536w, https:\/\/www.pr-neu.de\/newsroom\/wordpress\/wp-content\/uploads\/2025\/02\/25_07_Bundeskanzler_Scholz_bei_Sto_1_K-2048x1306.jpg 2048w, https:\/\/www.pr-neu.de\/newsroom\/wordpress\/wp-content\/uploads\/2025\/02\/25_07_Bundeskanzler_Scholz_bei_Sto_1_K-110x70.jpg 110w, https:\/\/www.pr-neu.de\/newsroom\/wordpress\/wp-content\/uploads\/2025\/02\/25_07_Bundeskanzler_Scholz_bei_Sto_1_K-420x268.jpg 420w, https:\/\/www.pr-neu.de\/newsroom\/wordpress\/wp-content\/uploads\/2025\/02\/25_07_Bundeskanzler_Scholz_bei_Sto_1_K-675x430.jpg 675w\" sizes=\"auto, (max-width: 300px) 100vw, 300px\" \/><\/a><br \/>\nDie Vorst\u00e4nde Michael Keller, D\u00e9sir\u00e9e Konrad, Jost Bendel und Rainer H\u00fcttenberger erl\u00e4utern dem Kanzler (2.v.r.) das Modell des geplanten Innovations-Campus am Sto-Standort in St\u00fchlingen (v.l.).<\/p>\n<p>&nbsp;<\/p>\n<p><a href=\"http:\/\/www.pr-neu.de\/newsroom\/wordpress\/wp-content\/uploads\/2025\/02\/25_07_Bundeskanzler_Scholz_bei_Sto_2_K.jpg\" target=\"_blank\" rel=\"noopener\"><img loading=\"lazy\" decoding=\"async\" class=\"aligncenter wp-image-17399 size-medium\" src=\"http:\/\/www.pr-neu.de\/newsroom\/wordpress\/wp-content\/uploads\/2025\/02\/25_07_Bundeskanzler_Scholz_bei_Sto_2_K-300x200.jpg\" alt=\"\" width=\"300\" height=\"200\" srcset=\"https:\/\/www.pr-neu.de\/newsroom\/wordpress\/wp-content\/uploads\/2025\/02\/25_07_Bundeskanzler_Scholz_bei_Sto_2_K-300x200.jpg 300w, https:\/\/www.pr-neu.de\/newsroom\/wordpress\/wp-content\/uploads\/2025\/02\/25_07_Bundeskanzler_Scholz_bei_Sto_2_K-1024x683.jpg 1024w, https:\/\/www.pr-neu.de\/newsroom\/wordpress\/wp-content\/uploads\/2025\/02\/25_07_Bundeskanzler_Scholz_bei_Sto_2_K-768x512.jpg 768w, https:\/\/www.pr-neu.de\/newsroom\/wordpress\/wp-content\/uploads\/2025\/02\/25_07_Bundeskanzler_Scholz_bei_Sto_2_K-1536x1025.jpg 1536w, https:\/\/www.pr-neu.de\/newsroom\/wordpress\/wp-content\/uploads\/2025\/02\/25_07_Bundeskanzler_Scholz_bei_Sto_2_K-2048x1366.jpg 2048w, https:\/\/www.pr-neu.de\/newsroom\/wordpress\/wp-content\/uploads\/2025\/02\/25_07_Bundeskanzler_Scholz_bei_Sto_2_K-110x73.jpg 110w, https:\/\/www.pr-neu.de\/newsroom\/wordpress\/wp-content\/uploads\/2025\/02\/25_07_Bundeskanzler_Scholz_bei_Sto_2_K-420x280.jpg 420w, https:\/\/www.pr-neu.de\/newsroom\/wordpress\/wp-content\/uploads\/2025\/02\/25_07_Bundeskanzler_Scholz_bei_Sto_2_K-645x430.jpg 645w\" sizes=\"auto, (max-width: 300px) 100vw, 300px\" \/><\/a><\/p>\n<p style=\"text-align: center;\">Bundestagsabgeordnete Rita Schwarzel\u00fchr-Sutter, Sto-Vorst\u00e4nde Jost Bendel, Rainer H\u00fcttenberger, D\u00e9sir\u00e9e Konrad und Michael Keller erl\u00e4utern Bundeskanzler Olaf Scholz (3.v.r.) die Eigenschaften der verschiedenen D\u00e4mmstoffe f\u00fcr Fassaden (v.l.).<\/p>\n<p>&nbsp;<\/p>\n<p><a href=\"http:\/\/www.pr-neu.de\/newsroom\/wordpress\/wp-content\/uploads\/2025\/02\/25_07_Bundeskanzler_Scholz_bei_Sto_3_Farbtest_K.jpg\" target=\"_blank\" rel=\"noopener\"><img loading=\"lazy\" decoding=\"async\" class=\"aligncenter wp-image-17397 size-medium\" src=\"http:\/\/www.pr-neu.de\/newsroom\/wordpress\/wp-content\/uploads\/2025\/02\/25_07_Bundeskanzler_Scholz_bei_Sto_3_Farbtest_K-300x225.jpg\" alt=\"\" width=\"300\" height=\"225\" srcset=\"https:\/\/www.pr-neu.de\/newsroom\/wordpress\/wp-content\/uploads\/2025\/02\/25_07_Bundeskanzler_Scholz_bei_Sto_3_Farbtest_K-300x225.jpg 300w, https:\/\/www.pr-neu.de\/newsroom\/wordpress\/wp-content\/uploads\/2025\/02\/25_07_Bundeskanzler_Scholz_bei_Sto_3_Farbtest_K-1024x768.jpg 1024w, https:\/\/www.pr-neu.de\/newsroom\/wordpress\/wp-content\/uploads\/2025\/02\/25_07_Bundeskanzler_Scholz_bei_Sto_3_Farbtest_K-768x576.jpg 768w, https:\/\/www.pr-neu.de\/newsroom\/wordpress\/wp-content\/uploads\/2025\/02\/25_07_Bundeskanzler_Scholz_bei_Sto_3_Farbtest_K-1536x1153.jpg 1536w, https:\/\/www.pr-neu.de\/newsroom\/wordpress\/wp-content\/uploads\/2025\/02\/25_07_Bundeskanzler_Scholz_bei_Sto_3_Farbtest_K-2048x1537.jpg 2048w, https:\/\/www.pr-neu.de\/newsroom\/wordpress\/wp-content\/uploads\/2025\/02\/25_07_Bundeskanzler_Scholz_bei_Sto_3_Farbtest_K-110x83.jpg 110w, https:\/\/www.pr-neu.de\/newsroom\/wordpress\/wp-content\/uploads\/2025\/02\/25_07_Bundeskanzler_Scholz_bei_Sto_3_Farbtest_K-420x315.jpg 420w, https:\/\/www.pr-neu.de\/newsroom\/wordpress\/wp-content\/uploads\/2025\/02\/25_07_Bundeskanzler_Scholz_bei_Sto_3_Farbtest_K-573x430.jpg 573w\" sizes=\"auto, (max-width: 300px) 100vw, 300px\" \/><\/a><\/p>\n<p style=\"text-align: center;\">Bundeskanzler Olaf Scholz nimmt eine Farbprobe in der Farbenproduktion von Sto.<\/p>\n<p style=\"text-align: center;\">Bilder: Martin Baitinger \/ Sto SE &amp; Co. KGaA<\/p>\n<p>&nbsp;<\/p>\n<hr \/>\n<p>&nbsp;<\/p>\n<p>Abdruck honorarfrei, Belegexemplar erbeten<\/p>\n","protected":false},"excerpt":{"rendered":"<p>Bundeskanzler Olaf Scholz besuchte den Sto-Stammsitz in St\u00fchlingen Baden-W\u00fcrttemberg. Gemeinsam mit dem Sto-Vorstandsvorsitzenden Rainer H\u00fcttenberger, dem stellvertretenden Vorstandsvorsitzenden Michael Keller, den beiden Vorst\u00e4nden D\u00e9sir\u00e9e Konrad und Jost Bendel sowie der SPD-Bundestagsabgeordneten Rita Schwarzel\u00fchr-Sutter hat sich der Bundeskanzler einen Eindruck vom Unternehmen sowie der aktuellen wirtschaftlichen Lage in der Baubranche verschafft. <\/p>\n","protected":false},"author":9,"featured_media":17397,"comment_status":"closed","ping_status":"open","sticky":false,"template":"","format":"standard","meta":{"footnotes":""},"categories":[15],"tags":[3262,3264,3260,504,1635],"class_list":["post-17402","post","type-post","status-publish","format-standard","has-post-thumbnail","hentry","category-sto","tag-bundeskanzler","tag-kanzler","tag-olaf-scholz","tag-sto-2","tag-stuehlingen"],"_links":{"self":[{"href":"https:\/\/www.pr-neu.de\/newsroom\/wp-json\/wp\/v2\/posts\/17402","targetHints":{"allow":["GET"]}}],"collection":[{"href":"https:\/\/www.pr-neu.de\/newsroom\/wp-json\/wp\/v2\/posts"}],"about":[{"href":"https:\/\/www.pr-neu.de\/newsroom\/wp-json\/wp\/v2\/types\/post"}],"author":[{"embeddable":true,"href":"https:\/\/www.pr-neu.de\/newsroom\/wp-json\/wp\/v2\/users\/9"}],"replies":[{"embeddable":true,"href":"https:\/\/www.pr-neu.de\/newsroom\/wp-json\/wp\/v2\/comments?post=17402"}],"version-history":[{"count":3,"href":"https:\/\/www.pr-neu.de\/newsroom\/wp-json\/wp\/v2\/posts\/17402\/revisions"}],"predecessor-version":[{"id":17405,"href":"https:\/\/www.pr-neu.de\/newsroom\/wp-json\/wp\/v2\/posts\/17402\/revisions\/17405"}],"wp:featuredmedia":[{"embeddable":true,"href":"https:\/\/www.pr-neu.de\/newsroom\/wp-json\/wp\/v2\/media\/17397"}],"wp:attachment":[{"href":"https:\/\/www.pr-neu.de\/newsroom\/wp-json\/wp\/v2\/media?parent=17402"}],"wp:term":[{"taxonomy":"category","embeddable":true,"href":"https:\/\/www.pr-neu.de\/newsroom\/wp-json\/wp\/v2\/categories?post=17402"},{"taxonomy":"post_tag","embeddable":true,"href":"https:\/\/www.pr-neu.de\/newsroom\/wp-json\/wp\/v2\/tags?post=17402"}],"curies":[{"name":"wp","href":"https:\/\/api.w.org\/{rel}","templated":true}]}}