{"id":17384,"date":"2025-01-28T08:00:59","date_gmt":"2025-01-28T07:00:59","guid":{"rendered":"https:\/\/www.pr-neu.de\/newsroom\/?p=17384"},"modified":"2025-03-18T11:32:48","modified_gmt":"2025-03-18T10:32:48","slug":"handwerk-seminare-2025","status":"publish","type":"post","link":"https:\/\/www.pr-neu.de\/newsroom\/handwerk-seminare-2025\/","title":{"rendered":"Handwerk-Seminare 2025"},"content":{"rendered":"<p><u>Weiterbildung bei Sto<\/u><\/p>\n<p>F\u00fcr Maler und Stuckateure bietet Sto ein praxisorientiertes Weiterbildungsprogramm mit Tipps und Tricks f\u00fcr die Baustelle und Inspiration f\u00fcr Gestaltung und Kundenberatung. Die Seminare und Workshops 2025 behandeln zum Beispiel neue Material- und Oberfl\u00e4chenkombinationen, W\u00e4rmed\u00e4mm-Verbundsysteme, pfiffige Detaill\u00f6sungen und Innenraumtrends. Konkret umfasst das Programm Themen von der Fassade (WDVS sicher montieren) \u00fcber die Gestaltung von Innenr\u00e4umen, Holzbau und Akustik bis zu den neuen Angeboten zum Sto Klimaservice. Die Halbtages-\/Tagesseminare und Workshops finden bundesweit statt. Alle Themen und Termine stehen auf sto.de in der Rubrik \u201eService &amp; Tools\/Weiterbildung\u201c \u2013 dort kann man sich auch bequem online anmelden.<\/p>\n<p>&nbsp;<\/p>\n<hr \/>\n<p>&nbsp;<\/p>\n<p><a href=\"http:\/\/www.pr-neu.de\/newsroom\/wordpress\/wp-content\/uploads\/2025\/01\/25_05_Seminare_K.jpg\" target=\"_blank\" rel=\"noopener\"><img loading=\"lazy\" decoding=\"async\" class=\"aligncenter wp-image-17385 size-medium\" src=\"http:\/\/www.pr-neu.de\/newsroom\/wordpress\/wp-content\/uploads\/2025\/01\/25_05_Seminare_K-300x265.jpg\" alt=\"Von Praktikern f\u00fcr Praktiker: Die Sto-Handwerker-Seminare vermitteln Wissen, das sofort auf der Baustelle angewendet werden kann.\" width=\"300\" height=\"265\" srcset=\"https:\/\/www.pr-neu.de\/newsroom\/wordpress\/wp-content\/uploads\/2025\/01\/25_05_Seminare_K-300x265.jpg 300w, https:\/\/www.pr-neu.de\/newsroom\/wordpress\/wp-content\/uploads\/2025\/01\/25_05_Seminare_K-1024x905.jpg 1024w, https:\/\/www.pr-neu.de\/newsroom\/wordpress\/wp-content\/uploads\/2025\/01\/25_05_Seminare_K-768x679.jpg 768w, https:\/\/www.pr-neu.de\/newsroom\/wordpress\/wp-content\/uploads\/2025\/01\/25_05_Seminare_K-1536x1357.jpg 1536w, https:\/\/www.pr-neu.de\/newsroom\/wordpress\/wp-content\/uploads\/2025\/01\/25_05_Seminare_K-2048x1810.jpg 2048w, https:\/\/www.pr-neu.de\/newsroom\/wordpress\/wp-content\/uploads\/2025\/01\/25_05_Seminare_K-110x97.jpg 110w, https:\/\/www.pr-neu.de\/newsroom\/wordpress\/wp-content\/uploads\/2025\/01\/25_05_Seminare_K-420x371.jpg 420w, https:\/\/www.pr-neu.de\/newsroom\/wordpress\/wp-content\/uploads\/2025\/01\/25_05_Seminare_K-487x430.jpg 487w\" sizes=\"auto, (max-width: 300px) 100vw, 300px\" \/><\/a><\/p>\n<p style=\"text-align: center;\">Von Praktikern f\u00fcr Praktiker: Die Sto-Handwerker-Seminare vermitteln Wissen f\u00fcr die Baustelle.<br \/>\nBild: Martin Baitinger \/ Sto SE &amp; Co. KGaA<\/p>\n<p>&nbsp;<\/p>\n<hr \/>\n<p>&nbsp;<\/p>\n<p>Abdruck honorarfrei, Belegexemplar erbeten<\/p>\n","protected":false},"excerpt":{"rendered":"<p>Von Praktikern f\u00fcr Praktiker: Die Sto-Handwerker-Seminare vermitteln Wissen f\u00fcr die Baustelle.<\/p>\n","protected":false},"author":9,"featured_media":17385,"comment_status":"closed","ping_status":"open","sticky":false,"template":"","format":"standard","meta":{"footnotes":""},"categories":[15],"tags":[249,2241,1971,347,462,1935,504,1637],"class_list":["post-17384","post","type-post","status-publish","format-standard","has-post-thumbnail","hentry","category-sto","tag-handwerk","tag-handwerker","tag-know-how","tag-maler","tag-seminare","tag-service","tag-sto-2","tag-weiterbildung"],"_links":{"self":[{"href":"https:\/\/www.pr-neu.de\/newsroom\/wp-json\/wp\/v2\/posts\/17384","targetHints":{"allow":["GET"]}}],"collection":[{"href":"https:\/\/www.pr-neu.de\/newsroom\/wp-json\/wp\/v2\/posts"}],"about":[{"href":"https:\/\/www.pr-neu.de\/newsroom\/wp-json\/wp\/v2\/types\/post"}],"author":[{"embeddable":true,"href":"https:\/\/www.pr-neu.de\/newsroom\/wp-json\/wp\/v2\/users\/9"}],"replies":[{"embeddable":true,"href":"https:\/\/www.pr-neu.de\/newsroom\/wp-json\/wp\/v2\/comments?post=17384"}],"version-history":[{"count":2,"href":"https:\/\/www.pr-neu.de\/newsroom\/wp-json\/wp\/v2\/posts\/17384\/revisions"}],"predecessor-version":[{"id":17387,"href":"https:\/\/www.pr-neu.de\/newsroom\/wp-json\/wp\/v2\/posts\/17384\/revisions\/17387"}],"wp:featuredmedia":[{"embeddable":true,"href":"https:\/\/www.pr-neu.de\/newsroom\/wp-json\/wp\/v2\/media\/17385"}],"wp:attachment":[{"href":"https:\/\/www.pr-neu.de\/newsroom\/wp-json\/wp\/v2\/media?parent=17384"}],"wp:term":[{"taxonomy":"category","embeddable":true,"href":"https:\/\/www.pr-neu.de\/newsroom\/wp-json\/wp\/v2\/categories?post=17384"},{"taxonomy":"post_tag","embeddable":true,"href":"https:\/\/www.pr-neu.de\/newsroom\/wp-json\/wp\/v2\/tags?post=17384"}],"curies":[{"name":"wp","href":"https:\/\/api.w.org\/{rel}","templated":true}]}}